{"id":993,"date":"2015-06-23T10:23:22","date_gmt":"2015-06-23T10:23:22","guid":{"rendered":"https:\/\/libriamoci.cepell.it\/II\/?p=993"},"modified":"2015-06-24T09:57:39","modified_gmt":"2015-06-24T09:57:39","slug":"voci-in-prestito","status":"publish","type":"post","link":"https:\/\/libriamoci.cepell.it\/II\/?p=993","title":{"rendered":"Voci in prestito"},"content":{"rendered":"<p><span style=\"text-decoration: underline;\">di Maria Agostini &#8211; Scuola secondaria di 1\u00b0 grado &#8220;C. Colombo&#8221; (Genova)<\/span><\/p>\n<p>Il <strong><a href=\"http:\/\/mariaagostini424e.wix.com\/staffetta-creativa#!con-le-famiglie\/cy24\" target=\"_blank\">progetto<\/a><\/strong> (iniziato nell&#8217;anno scolastico <strong>2012\/2013<\/strong>) rientra all&#8217;interno di un pi\u00f9 ampio progetto di avvicinamento alla lettura che prevede per\u00f2 l&#8217;accesso facilitato per tutti i ragazzi.<\/p>\n<p>In pratica si sceglie un libro e <strong>si registra pagina per pagina leggendolo ad alta voce<\/strong>. <a href=\"http:\/\/adovgenova.com\/\" target=\"_blank\"><strong>ADOV<\/strong><\/a> di Genova, partner indispensabile del progetto, ha poi creato <strong>i libri digitali parlati che sono ora a disposizione presso al Biblioteca De Amicis di Genova<\/strong>.<\/p>\n<p>Anche il prossimo anno registreremo libri tutti insieme, famiglie e docenti. Se riusciremo (ma il problema del rumore la mattina, durante la giornata scolastica, \u00e8 concreto) faremo registrare alcune parti anche agli studenti dell&#8217;istituto.<\/p>\n<p>Il progetto \u00e8 realizzato in collaborazione con la <strong><a href=\"http:\/\/www.bibliotechedigenova.it\/content\/biblioteca-de-amicis\" target=\"_blank\">Biblioteca &#8220;De Amicis&#8221;<\/a><\/strong>.<\/p>\n<p>Potete consegnare l&#8217;insegnante referente del progetto al seguente indirizzo e-mail: <span class=\"im\"><strong><a href=\"mailto:maria.agostini.424e@alice.it\" target=\"_blank\">maria.agostini.424e@alice.it<\/a><\/strong><\/span>.<\/p>\n","protected":false},"excerpt":{"rendered":"<p>DSA e BES, nelle scuole non parliamo d&#8217;altro&#8230; Se provassimo ad avere un approccio diverso? Un libro, la voce, una cuffia con microfono, un p\u00f2 di tempo a disposizione e chi pu\u00f2 presta la sua voce per creare un audio libro parlato. Non ci vogliono particolari competenze, solo un po&#8217; di tempo, di silenzio e di buona volont\u00e0. L&#8217;appuntamento quindicinale con le storie \u00e8 diventato cos\u00ec irrinunciabile.<\/p>\n","protected":false},"author":1,"featured_media":996,"comment_status":"open","ping_status":"open","sticky":false,"template":"","format":"standard","meta":{"_links_to":"","_links_to_target":""},"categories":[21],"tags":[37,43],"acf":[],"_links":{"self":[{"href":"https:\/\/libriamoci.cepell.it\/II\/index.php?rest_route=\/wp\/v2\/posts\/993"}],"collection":[{"href":"https:\/\/libriamoci.cepell.it\/II\/index.php?rest_route=\/wp\/v2\/posts"}],"about":[{"href":"https:\/\/libriamoci.cepell.it\/II\/index.php?rest_route=\/wp\/v2\/types\/post"}],"author":[{"embeddable":true,"href":"https:\/\/libriamoci.cepell.it\/II\/index.php?rest_route=\/wp\/v2\/users\/1"}],"replies":[{"embeddable":true,"href":"https:\/\/libriamoci.cepell.it\/II\/index.php?rest_route=%2Fwp%2Fv2%2Fcomments&post=993"}],"version-history":[{"count":0,"href":"https:\/\/libriamoci.cepell.it\/II\/index.php?rest_route=\/wp\/v2\/posts\/993\/revisions"}],"wp:featuredmedia":[{"embeddable":true,"href":"https:\/\/libriamoci.cepell.it\/II\/index.php?rest_route=\/wp\/v2\/media\/996"}],"wp:attachment":[{"href":"https:\/\/libriamoci.cepell.it\/II\/index.php?rest_route=%2Fwp%2Fv2%2Fmedia&parent=993"}],"wp:term":[{"taxonomy":"category","embeddable":true,"href":"https:\/\/libriamoci.cepell.it\/II\/index.php?rest_route=%2Fwp%2Fv2%2Fcategories&post=993"},{"taxonomy":"post_tag","embeddable":true,"href":"https:\/\/libriamoci.cepell.it\/II\/index.php?rest_route=%2Fwp%2Fv2%2Ftags&post=993"}],"curies":[{"name":"wp","href":"https:\/\/api.w.org\/{rel}","templated":true}]}}