{"id":987,"date":"2015-06-23T09:37:29","date_gmt":"2015-06-23T09:37:29","guid":{"rendered":"https:\/\/libriamoci.cepell.it\/II\/?p=987"},"modified":"2015-06-25T10:01:45","modified_gmt":"2015-06-25T10:01:45","slug":"book-crossing-a-scuola","status":"publish","type":"post","link":"https:\/\/libriamoci.cepell.it\/II\/?p=987","title":{"rendered":"Book-crossing a scuola"},"content":{"rendered":"<p><span style=\"text-decoration: underline;\">di Maria Agostini, Federico Croci &#8211; Scuola secondaria di 1\u00b0 grado &#8220;C. Colombo&#8221; (Genova)<\/span><\/p>\n<p>Il progetto (iniziato nell&#8217;anno scolastico 2012\/2013) \u00e8 inserito all&#8217;interno delle attivit\u00e0 di promozione della lettura, motivata tra i ragazzi, che dall&#8217;esempio delle loro famiglie hanno trovato una spinta in pi\u00f9 (potete ottenere informazioni aggiuntive a <a href=\"http:\/\/mariaagostini424e.wix.com\/buonenotizie-colombo#!page4\/cfvg\" target=\"_blank\"><strong>QUESTO<\/strong><\/a> e <a href=\"http:\/\/cmapspublic3.ihmc.us\/rid=1JG0S11Z0-X6ST6J-QTD\/Book%20crossing.cmap\" target=\"_blank\"><strong>QUESTO<\/strong><\/a> link).<\/p>\n<p>In concreto si tratta di <strong>allestire uno spazio dedicato allo scambio libero e permanente dei libri<\/strong> con consigli di lettura lasciati da chi passa. Poi di promuovere <strong>un momento istituzionale di scambio con banchetti allestiti e promossi dai ragazzi<\/strong> per i grandi e viceversa.<\/p>\n<p>Per <strong>il prossimo anno scolastico 2015\/2016<\/strong> si intende rinnovare l&#8217;angolo del book-crossing per le famiglie e allestire uno spazio dedicato ai ragazzi per il <strong>book-crossing permanente<\/strong>. Inoltre si intende rinnovare e rafforzare l&#8217;informazione intorno al book-crossing per far crescere la cultura condivisa dello scambio.<\/p>\n<p><strong>Le difficolt\u00e0 relative allo svolgimento del progetto<\/strong> sono di due ordini: economica, perch\u00e8 sarebbe bello potere ampliare l&#8217;attivit\u00e0 con video, presentazioni, letture ad alta voce e consigli di lettura e poter allestire gli spazi non con materiali di recupero una volta tanto&#8230; E di comunicazione, perch\u00e8 ogni anno bisogna rinnovare e fare presente la cultura del bookcrossing alle famiglie della <a href=\"http:\/\/scuolamediacolombo.wix.com\/pianoffertaformativa\" target=\"_blank\">scuola<\/a>.<\/p>\n<p>Il progetto si \u00e8 svolto con la collaborazione di <a href=\"http:\/\/www.andersen.it\/\" target=\"_blank\"><strong>rivista Andersen<\/strong><\/a>.<\/p>\n<p>Potete consegnare l&#8217;insegnante referente del progetto al seguente indirizzo e-mail: <span class=\"im\"><strong><a href=\"mailto:maria.agostini.424e@alice.it\" target=\"_blank\">maria.agostini.424e@alice.it<\/a><\/strong><\/span>.<\/p>\n<p><em>[Foto di <a href=\"https:\/\/www.flickr.com\/photos\/charlottehenard\/9280375780\/in\/photolist-f95moY-4jm2aW-5yazkB-9cjckx-f95kHN-4jgnpX-4ugakH-fm13gM-4rpuuN-f8Q4Bz-FY8bb-o6qwZT-5V7nQQ-f95fRy-61spYx-6wEySq-3nwWk7-4N2bnc-f8aoiS-4Wknu5-5GSY71-f95hgj-f8PU7k-7WYkzn-6qYo2E-f8QXQw-5YATTB-f6SzoR-vfT2i-3FeQW2-avHpmw-6ckBRh-f8Q4gV-f95imY-f8Q2iV-cVwzAy-vfSDy-7VazQe-cWS41Q-9hVQYJ-5xagky-f95iJj-f95ghu-f8PY9i-f8PT64-axNpQT-f77PbC-vfSDD-f8Q1YT-f95gJE\" target=\"_blank\">Charlotte Henard<\/a>]<\/em><\/p>\n","protected":false},"excerpt":{"rendered":"<p>I rapporti tra scuola e famiglie non erano idilliaci, e al momento del ritiro delle schede&#8230; Una coda interminabile. Cos\u00ec ci \u00e8 venuto in mente di vivacizzare il momento con il book-crossing ed \u00e8 stato subito un successo, tanto che abbiamo dovuto aprire uno spazio di scambio permanente davanti all&#8217;aula di ricevimento e includere anche i ragazzi che erano molto gelosi di un momento di scambio tra grandi.<\/p>\n","protected":false},"author":1,"featured_media":991,"comment_status":"open","ping_status":"open","sticky":false,"template":"","format":"standard","meta":{"_links_to":"","_links_to_target":""},"categories":[21],"tags":[37,88,25,43],"acf":[],"_links":{"self":[{"href":"https:\/\/libriamoci.cepell.it\/II\/index.php?rest_route=\/wp\/v2\/posts\/987"}],"collection":[{"href":"https:\/\/libriamoci.cepell.it\/II\/index.php?rest_route=\/wp\/v2\/posts"}],"about":[{"href":"https:\/\/libriamoci.cepell.it\/II\/index.php?rest_route=\/wp\/v2\/types\/post"}],"author":[{"embeddable":true,"href":"https:\/\/libriamoci.cepell.it\/II\/index.php?rest_route=\/wp\/v2\/users\/1"}],"replies":[{"embeddable":true,"href":"https:\/\/libriamoci.cepell.it\/II\/index.php?rest_route=%2Fwp%2Fv2%2Fcomments&post=987"}],"version-history":[{"count":0,"href":"https:\/\/libriamoci.cepell.it\/II\/index.php?rest_route=\/wp\/v2\/posts\/987\/revisions"}],"wp:featuredmedia":[{"embeddable":true,"href":"https:\/\/libriamoci.cepell.it\/II\/index.php?rest_route=\/wp\/v2\/media\/991"}],"wp:attachment":[{"href":"https:\/\/libriamoci.cepell.it\/II\/index.php?rest_route=%2Fwp%2Fv2%2Fmedia&parent=987"}],"wp:term":[{"taxonomy":"category","embeddable":true,"href":"https:\/\/libriamoci.cepell.it\/II\/index.php?rest_route=%2Fwp%2Fv2%2Fcategories&post=987"},{"taxonomy":"post_tag","embeddable":true,"href":"https:\/\/libriamoci.cepell.it\/II\/index.php?rest_route=%2Fwp%2Fv2%2Ftags&post=987"}],"curies":[{"name":"wp","href":"https:\/\/api.w.org\/{rel}","templated":true}]}}