{"id":968,"date":"2015-06-22T11:54:16","date_gmt":"2015-06-22T11:54:16","guid":{"rendered":"https:\/\/libriamoci.cepell.it\/II\/?p=968"},"modified":"2015-06-22T14:01:33","modified_gmt":"2015-06-22T14:01:33","slug":"un-mare-di-libri-la-biblioteca-partecipata","status":"publish","type":"post","link":"https:\/\/libriamoci.cepell.it\/II\/?p=968","title":{"rendered":"Un mare di libri: la biblioteca partecipata"},"content":{"rendered":"<p><span style=\"text-decoration: underline;\">di Maria Agostini &#8211; Scuola secondaria di 1\u00b0 grado &#8220;C. Colombo&#8221; (Genova)<\/span><\/p>\n<p>Si tratta di una<strong> <a href=\"http:\/\/biblioteca-colombo.wikischool.it\/\" target=\"_blank\">biblioteca scolastica<\/a><\/strong> (istituita nell&#8217;anno scolastico 2011\/2012) allestita nel corridoio della scuola con un <strong>catalogo on line<\/strong> che consenta la fruizione anche da casa.<\/p>\n<p>Nel tempo, dal nucleo centrale della biblioteca, costituito con i lasciti ed i libri delle singole classi, il materiale si \u00e8 orientato verso i <strong>diversamente abili<\/strong>, i <strong>dsa<\/strong> (con voci in prestito servizio di registrazione di audio libri a cura delle famiglie della <a href=\"http:\/\/scuolamediacolombo.wix.com\/pianoffertaformativa\" target=\"_blank\">scuola<\/a>), i<strong> libri in lingua<\/strong>, le tematiche trasversali per potervi lavorare a classi parallele.<\/p>\n<p>Punto di forza <strong>la partecipazione attiva dei ragazzi<\/strong> che organizzano in autonomia il servizio prestito all&#8217;interno delle classi. Nel tempo vi sono state <strong>iniziative per vivacizzare la biblioteca<\/strong>: tornei di lettura a classi parallele e con altre scuole (una manciata di libri), incontri con gli autori, letture pubbliche e ad alta voce.<\/p>\n<p>Per il prossimo anno si intende ampliare la collaborazione e la partecipazione con<strong> l&#8217;aiuto di un gruppo di mamme-bibliotecarie<\/strong> che possano ampliare il servizio prestito per i ragazzi.<\/p>\n<p>La difficolt\u00e0 nel portare avanti il progetto \u00e8 rappresentata dalla totale mancanza di fondi dedicati, che ha reso difficile nel tempo reperire libri accattivanti per i ragazzi e ha trasformato<strong> la catalogazione in un&#8217;opera di totale volontariato<\/strong> da parte dei docenti e dei ragazzi disponibili.<\/p>\n<p>Il progetto \u00e8 realizzato in collaborazione con la <strong><a href=\"http:\/\/www.bibliotechedigenova.it\/content\/biblioteca-de-amicis\" target=\"_blank\">Biblioteca &#8220;De Amicis&#8221;<\/a><\/strong> e con la rivista <strong><a href=\"http:\/\/www.andersen.it\/\" target=\"_blank\">Andersen<\/a><\/strong>.<\/p>\n<p>Potete consegnare l&#8217;insegnante referente del progetto al seguente indirizzo e-mail: <span class=\"im\"><strong><a href=\"mailto:maria.agostini.424e@alice.it\" target=\"_blank\">maria.agostini.424e@alice.it<\/a><\/strong><\/span>.<\/p>\n<p><em>[Foto di <a href=\"https:\/\/www.flickr.com\/photos\/vblibrary\/4993069751\/in\/photolist-8BdMFv-77rqtZ-aBpQSq-fc4JY4-bPdcYP-bPdd26-7YAq5e-bUTV1J-7Gug3x-8fZhp2-aYoFYg-9JJHvW-9T3i18-bVUDxi-fc5agB-fKaoMw-65QvXx-5fGwTc-5fLWL1-7V4tQa-8iP4cz-8j6HQh-7V7KwA-569Q7X-gTS5za-bVUDPe-bVUDHV-cdh1bJ-bVUDsc-bVUDcH-9Rxbcv-8P1x53-8NJGd6-8ZKtJC-9g8aW7-gTS5L2-gTRUKj-dM6D58-9rkXAQ-gJXdF2-dM6zKF-dM6D76-dMccVC-dMccZ7-dM6D5M-dM6D8a-dM6D64-dM6DbZ-dMccWL-7JDaYQ\" target=\"_blank\">Enokson<\/a>]<\/em><\/p>\n","protected":false},"excerpt":{"rendered":"<p>\u00c8 una biblioteca a tutti gli effetti, di speciale ha il fatto che \u00e8 perennemente senza fondi ma in ottima salute, e poi \u00e8 collocata in corridoio perch\u00e8 tutti possano usufruirne. \u00c8 dei ragazzi, che catalogano, prestano, riordinano e dipingono gli armadi. Nel tempo attorno alla biblioteca abbiamo creato eventi, incontri con autori, caff\u00e8 letterari, bookcrossing e coinvolto sempre pi\u00f9 le famiglie.<\/p>\n","protected":false},"author":1,"featured_media":972,"comment_status":"open","ping_status":"open","sticky":false,"template":"","format":"standard","meta":{"_links_to":"","_links_to_target":""},"categories":[21],"tags":[37,86,43],"acf":[],"_links":{"self":[{"href":"https:\/\/libriamoci.cepell.it\/II\/index.php?rest_route=\/wp\/v2\/posts\/968"}],"collection":[{"href":"https:\/\/libriamoci.cepell.it\/II\/index.php?rest_route=\/wp\/v2\/posts"}],"about":[{"href":"https:\/\/libriamoci.cepell.it\/II\/index.php?rest_route=\/wp\/v2\/types\/post"}],"author":[{"embeddable":true,"href":"https:\/\/libriamoci.cepell.it\/II\/index.php?rest_route=\/wp\/v2\/users\/1"}],"replies":[{"embeddable":true,"href":"https:\/\/libriamoci.cepell.it\/II\/index.php?rest_route=%2Fwp%2Fv2%2Fcomments&post=968"}],"version-history":[{"count":0,"href":"https:\/\/libriamoci.cepell.it\/II\/index.php?rest_route=\/wp\/v2\/posts\/968\/revisions"}],"wp:featuredmedia":[{"embeddable":true,"href":"https:\/\/libriamoci.cepell.it\/II\/index.php?rest_route=\/wp\/v2\/media\/972"}],"wp:attachment":[{"href":"https:\/\/libriamoci.cepell.it\/II\/index.php?rest_route=%2Fwp%2Fv2%2Fmedia&parent=968"}],"wp:term":[{"taxonomy":"category","embeddable":true,"href":"https:\/\/libriamoci.cepell.it\/II\/index.php?rest_route=%2Fwp%2Fv2%2Fcategories&post=968"},{"taxonomy":"post_tag","embeddable":true,"href":"https:\/\/libriamoci.cepell.it\/II\/index.php?rest_route=%2Fwp%2Fv2%2Ftags&post=968"}],"curies":[{"name":"wp","href":"https:\/\/api.w.org\/{rel}","templated":true}]}}