{"id":9060,"date":"2018-07-04T09:27:25","date_gmt":"2018-07-04T09:27:25","guid":{"rendered":"https:\/\/libriamoci.cepell.it\/II\/?p=9060"},"modified":"2018-07-04T09:27:25","modified_gmt":"2018-07-04T09:27:25","slug":"su-liber-ogni-mese-la-selezione-delle-migliori-novita-nel-panorama-della-letteratura-per-linfanzia","status":"publish","type":"post","link":"https:\/\/libriamoci.cepell.it\/II\/?p=9060","title":{"rendered":"Su LIBER, ogni mese, la selezione delle migliori novit\u00e0 nel panorama della letteratura per l&#8217;infanzia"},"content":{"rendered":"<p><span style=\"text-decoration: underline;\">della Redazione<\/span><\/p>\n<p><span class=\"pn-normal\"><strong>Il Coordinamento delle Librerie dei Ragazzi<\/strong> \u00e8 nato per unire gli sforzi di alcune librerie specializzate al fine di favorire uno scambio di conoscenze, professionalit\u00e0 e competenze, per perfezionare servizi mirati rivolti a chi abbia necessit\u00e0 o desiderio di servizi e informazioni sempre pi\u00f9 specifici, partendo dalla considerazione che alcune realt\u00e0, sia pure con stili e interpretazioni distinte, hanno lo stesso modo di intendere e adottano lo stesso approccio nei confronti di editori e clienti. <\/span><\/p>\n<p><span class=\"pn-normal\">Un importante risultato conseguito dalle librerie del Coordinamento sono le selezioni delle migliori novit\u00e0, pubblicate mese per mese, nell&#8217;ampio panorama della letteratura per l&#8217;infanzia.<\/span><\/p>\n<p><a href=\"http:\/\/www.liberweb.it\/CMpro-v-p-791.html\" target=\"_blank\"><strong>Sul sito della rivista LIBER<\/strong><\/a> potete consultare le selezioni mensili di titoli (da quella dell&#8217;ultimo mese fino addirittura a gennaio 2007).<\/p>\n<p><b>Le librerie del coordinamento<\/b><\/p>\n<ul>\n<li>La Libreria dei Ragazzi di Milano &#8211; Via Tadino 53, tel. 02\/29533555<\/li>\n<li>Nuova Libreria il Delfino di Pavia &#8211; Piazza Cavagneria 10, tel. 0382\/309788<\/li>\n<li>Libreria Coop Nautilus di Mantova &#8211; Piazza 80\u00b0 Fanteria 19, tel. 0376\/360414<\/li>\n<li>Libreria Volare di Pinerolo &#8211; Corso Torino 44, tel. 0121\/393960<\/li>\n<li>Libreria dei Ragazzi Il treno di Bogot\u00e0 di Vittorio Veneto &#8211; Via Casoni 61, tel. 0438\/072347<\/li>\n<li>Il libro con gli stivali di Mestre (VE) &#8211; Via Mestrina 45, tel. 041\/0996929<\/li>\n<li>Libri e Formiche di Parma &#8211; Via Mistrali 2\/b, tel. 0521\/506668<\/li>\n<li>La Libreria dei Ragazzi di Brescia &#8211; Via San Bartolomeo 15\/A, tel. 030\/3099737<\/li>\n<li>Libreria Spazio Terzo Mondo di Seriate (BG) &#8211; Via Italia 73, tel. 035\/290250<\/li>\n<li>Libreria Timpetill &#8211; Cremona &#8211; Via Mercatello 50, tel. 0372\/800802<\/li>\n<li>Baobab Libreria dei Ragazzi &#8211; Porcia (PN) &#8211; Via dei Serviti, tel. 0434\/924234<\/li>\n<li>Libreria dei Ragazzi il Mosaico &#8211; Imola (BO) &#8211; Via Emilia Est 223, tel. 0542\/21949<\/li>\n<li>Libreria Librambini &#8211; Vimodrone (MI) &#8211; Viale Martesana 95, tel. 02\/25007282<\/li>\n<li>Libreria Galla + Libraccio &#8211; Vicenza &#8211; Corso Palladio 12, tel. 0444\/225225<\/li>\n<li>Radice-Labirinto Libreria per l&#8217;Infanzia &#8211; Carpi &#8211; Piazza Garibaldi 1, te. 059\/642361<\/li>\n<li>Libreria Cappuccetto Giallo &#8211; Biella &#8211; Via Losana 26\/e, tel 0153700530<\/li>\n<\/ul>\n<p>[L&#8217;immagine \u00e8 tratta da Antonio Ventura e Alejandra Estrada, <em>Nina e Teo<\/em>,\u00a0 Kalandraka]<\/p>\n","protected":false},"excerpt":{"rendered":"<p>Il Coordinamento delle Librerie dei Ragazzi \u00e8 nato per unire gli sforzi di alcune librerie specializzate al fine di favorire uno scambio di conoscenze, professionalit\u00e0 e competenze. Un importante risultato conseguito dalle librerie del Coordinamento sono le selezioni delle migliori novit\u00e0, pubblicate mese per mese, nell&#8217;ampio panorama della letteratura per l&#8217;infanzia.<\/p>\n","protected":false},"author":1,"featured_media":9062,"comment_status":"open","ping_status":"open","sticky":false,"template":"","format":"standard","meta":{"_links_to":"","_links_to_target":""},"categories":[19],"tags":[14,63,38,39],"acf":[],"_links":{"self":[{"href":"https:\/\/libriamoci.cepell.it\/II\/index.php?rest_route=\/wp\/v2\/posts\/9060"}],"collection":[{"href":"https:\/\/libriamoci.cepell.it\/II\/index.php?rest_route=\/wp\/v2\/posts"}],"about":[{"href":"https:\/\/libriamoci.cepell.it\/II\/index.php?rest_route=\/wp\/v2\/types\/post"}],"author":[{"embeddable":true,"href":"https:\/\/libriamoci.cepell.it\/II\/index.php?rest_route=\/wp\/v2\/users\/1"}],"replies":[{"embeddable":true,"href":"https:\/\/libriamoci.cepell.it\/II\/index.php?rest_route=%2Fwp%2Fv2%2Fcomments&post=9060"}],"version-history":[{"count":0,"href":"https:\/\/libriamoci.cepell.it\/II\/index.php?rest_route=\/wp\/v2\/posts\/9060\/revisions"}],"wp:featuredmedia":[{"embeddable":true,"href":"https:\/\/libriamoci.cepell.it\/II\/index.php?rest_route=\/wp\/v2\/media\/9062"}],"wp:attachment":[{"href":"https:\/\/libriamoci.cepell.it\/II\/index.php?rest_route=%2Fwp%2Fv2%2Fmedia&parent=9060"}],"wp:term":[{"taxonomy":"category","embeddable":true,"href":"https:\/\/libriamoci.cepell.it\/II\/index.php?rest_route=%2Fwp%2Fv2%2Fcategories&post=9060"},{"taxonomy":"post_tag","embeddable":true,"href":"https:\/\/libriamoci.cepell.it\/II\/index.php?rest_route=%2Fwp%2Fv2%2Ftags&post=9060"}],"curies":[{"name":"wp","href":"https:\/\/api.w.org\/{rel}","templated":true}]}}