{"id":8956,"date":"2018-05-29T09:23:24","date_gmt":"2018-05-29T09:23:24","guid":{"rendered":"https:\/\/libriamoci.cepell.it\/II\/?p=8956"},"modified":"2018-05-29T09:23:24","modified_gmt":"2018-05-29T09:23:24","slug":"i-libri-per-lestate-2018-di-biblioteca-salaborsa-ragazzi-bologna","status":"publish","type":"post","link":"https:\/\/libriamoci.cepell.it\/II\/?p=8956","title":{"rendered":"I libri per l\u2019estate 2018 di Biblioteca SalaBorsa Ragazzi (Bologna)"},"content":{"rendered":"<p><span style=\"text-decoration: underline;\">della Redazione<\/span><\/p>\n<p>Dal <a href=\"https:\/\/www.bibliotecasalaborsa.it\/ragazzi\/bibliografie\/_gi_estate_vai_di_corsa_metti_un_libro_nella_borsa\" target=\"_blank\"><strong>sito di SalaBorsa Ragazzi<\/strong><\/a>, dove potete scaricare le bibliografie:<\/p>\n<p>&#8220;Questo \u00e8 un elenco di libri che ci sono piaciuti e che vi proponiamo come letture per l&#8217;estate. Ci sono storie sugli animali e sul mare per i pi\u00f9 piccoli. Storie fantastiche, quasi fiabesche e altre che parlano di bambini e ragazzi. Abbiamo scelto libri di intrighi e misteri, ma potrete leggere storie di tutti giorni, con protagonisti impegnati a superare impicci e inciampi. Ci sono libri appena usciti o usciti gi\u00e0 da un po&#8217;, lunghi, corti e anche tanti fumetti. Trovate anche libri di divulgazione che raccontano di esplorazioni, viaggi nel tempo, insetti, lupi, coding e tanto altro.\u00a0 Nella variet\u00e0 ognuno potr\u00e0 trovare il libro pi\u00f9 adatto a s\u00e9, l&#8217;et\u00e0 di lettura \u00e8 un semplice suggerimento. Potete prendere in prestito gratuitamente questi libri in Biblioteca Salaborsa Ragazzi. Alcuni titoli sono in formato Alta Leggibilit\u00e0.&#8221;<\/p>\n<p>Sulla biblioteca digitale <a href=\"https:\/\/emilib.medialibrary.it\/home\/cover.aspx\" target=\"_blank\">EmiLib<\/a> \u00e8 presente la <a href=\"http:\/\/emilib.medialibrary.it\/liste\/scheda.aspx?id=162652\" target=\"_blank\">lista di letture estive per bambini e ragazzi<\/a> in formato ebook.<\/p>\n<p>Se siete a Bologna potete passare a prenderli in prestito, altrimenti potete provare nella biblioteca della vostra citt\u00e0.<\/p>\n<p>[L&#8217;immagine di Ilaria Urbinati \u00e8 tratta da <em>La scrittrice pi\u00f9 famosa del mondo. Il libro di Elide<\/em> di Nicoletta Gramantieri, Mondadori, 2017]<\/p>\n","protected":false},"excerpt":{"rendered":"<p>I bibliotecari di SalaBorsa Ragazzi di Bologna hanno realizzato otto bibliografie di letture per l&#8217;estate per ragazzi. Gli evocativi titoli dei percorsi di lettura sono: storie di animali; storie di mare e di altri luoghi; storie incredibili di ogni giorno; ordinarie storie straordinarie; cambi di prospettiva; indagare misteri; da vicino e da lontano; esplorazioni e viaggi nel tempo.<\/p>\n","protected":false},"author":1,"featured_media":8958,"comment_status":"open","ping_status":"open","sticky":false,"template":"","format":"standard","meta":{"_links_to":"","_links_to_target":""},"categories":[2],"tags":[14,59],"acf":[],"_links":{"self":[{"href":"https:\/\/libriamoci.cepell.it\/II\/index.php?rest_route=\/wp\/v2\/posts\/8956"}],"collection":[{"href":"https:\/\/libriamoci.cepell.it\/II\/index.php?rest_route=\/wp\/v2\/posts"}],"about":[{"href":"https:\/\/libriamoci.cepell.it\/II\/index.php?rest_route=\/wp\/v2\/types\/post"}],"author":[{"embeddable":true,"href":"https:\/\/libriamoci.cepell.it\/II\/index.php?rest_route=\/wp\/v2\/users\/1"}],"replies":[{"embeddable":true,"href":"https:\/\/libriamoci.cepell.it\/II\/index.php?rest_route=%2Fwp%2Fv2%2Fcomments&post=8956"}],"version-history":[{"count":0,"href":"https:\/\/libriamoci.cepell.it\/II\/index.php?rest_route=\/wp\/v2\/posts\/8956\/revisions"}],"wp:featuredmedia":[{"embeddable":true,"href":"https:\/\/libriamoci.cepell.it\/II\/index.php?rest_route=\/wp\/v2\/media\/8958"}],"wp:attachment":[{"href":"https:\/\/libriamoci.cepell.it\/II\/index.php?rest_route=%2Fwp%2Fv2%2Fmedia&parent=8956"}],"wp:term":[{"taxonomy":"category","embeddable":true,"href":"https:\/\/libriamoci.cepell.it\/II\/index.php?rest_route=%2Fwp%2Fv2%2Fcategories&post=8956"},{"taxonomy":"post_tag","embeddable":true,"href":"https:\/\/libriamoci.cepell.it\/II\/index.php?rest_route=%2Fwp%2Fv2%2Ftags&post=8956"}],"curies":[{"name":"wp","href":"https:\/\/api.w.org\/{rel}","templated":true}]}}