{"id":874,"date":"2015-06-10T14:04:31","date_gmt":"2015-06-10T14:04:31","guid":{"rendered":"https:\/\/libriamoci.cepell.it\/II\/?p=874"},"modified":"2015-06-10T14:04:31","modified_gmt":"2015-06-10T14:04:31","slug":"narrattiva","status":"publish","type":"post","link":"https:\/\/libriamoci.cepell.it\/II\/?p=874","title":{"rendered":"NarrAttiva"},"content":{"rendered":"<p><span style=\"text-decoration: underline;\">di Caterina Brusca &#8211; Scuola secondaria di 1^ grado &#8220;G. Caporale&#8221; (Acerra)<\/span><\/p>\n<p>Il progetto, elaborato a inizio anno scolastico, ha visto coinvolte principalmente le classi 1^I, 1^H, 1^G, 3^G dell&#8217;<a href=\"http:\/\/scuolacaporaleacerra.gov.it\/\" target=\"_blank\">Istituto<\/a>, pi\u00f9 altre che hanno aderito all&#8217;iniziativa &#8220;Libriamoci&#8221; &#8211; 2014- inserita nel percorso.<\/p>\n<p>Esso si \u00e8 sviluppato lungo due assi: 1- tematico \/ 2 &#8211; asse degli eventi e dei progetti legati al <strong>POF d&#8217;Istituto<\/strong>.<\/p>\n<p>Per il primo asse, sono stati individuai <strong>quattro grandi temi<\/strong> (a- Accoglienza; b- Dono; c- Memoria; d- Legalit\u00e0) sviluppati <strong>a partire dalla lettura in classe<\/strong>, ad alta voce, di alcuni testi e dalla successiva rielaborazione dei ragazzi, che hanno prodotto materiali di diverso tipo (cartelloni, segnalibri, festoni, manifesti, presentazioni multimediali, articoli e brevi interviste). Il secondo asse si \u00e8 strettamente intrecciato al primo e si \u00e8 concretizzato nella <strong>creazione di lavori e prodotti per precisi eventi e progetti<\/strong> coerenti con le tematiche individuate (Festa dell&#8217;albero di Legambiente, Libriamoci, Concorso 23 Maggio &#8220;Riprendiamoci i nostri sogni &#8211; Fondazione Falcone-, incontro con un magistrato della DDA di Napoli sulla legalit\u00e0, incontro con l&#8217;autrice Viviana Mazza, autrice di &#8220;Storia di Malala&#8221;, sul tema di legalit\u00e0 e diritti umani, marcia cittadina per la legalit\u00e0 in collaborazione con Libera, Il Maggio dei libri-Io leggo perch\u00e9).<\/p>\n<p>Per il prossimo anno scolastico, \u00e8 in via di progettazione <strong>un percorso di lettura articolato su tre diversi percorsi<\/strong> (uno per ogni ordine di classe, da sviluppare per classi aperte) da coordinare sempre agli eventi e\/o progetti (tra cui Libriamoci e Il maggio dei libri) ai quali la scuola aderir\u00e0. Per dare maggior risonanza e significativit\u00e0 al progetto, <strong>verranno coinvolti alcuni partners locali<\/strong>.<\/p>\n<p><strong>Le criticit\u00e0 del progetto<\/strong> fanno capo alla difficolt\u00e0 di disporre di materiale adeguato per realizzare le attivit\u00e0; limitate risorse economiche, che non consentono di coinvolgere personalit\u00e0 significative del mondo dell&#8217;editoria; mancanza di una cultura del progettare &#8220;in rete&#8221;, per scuole ubicate su territori limitrofi, che permetterebbe di abbattere i costi; poca attenzione degli enti locali.<\/p>\n<p>Potete seguire il progetto &#8220;NarrAttiva&#8221; grazie a <strong><a href=\"https:\/\/www.facebook.com\/pages\/NarrAttiva\/676593249104709?ref=hl\" target=\"_blank\">Facebook<\/a><\/strong>, e contattare direttamente l&#8217;insegnante responsabile del progetto,\u00a0 <strong>Caterina Brusca<\/strong>, via <strong><a href=\"mailto:cabrusca29@libero.it%20\" target=\"_blank\">e-mail<\/a><\/strong>.<\/p>\n","protected":false},"excerpt":{"rendered":"<p>Il percorso di lettura &#8220;NarrAttiva&#8221;ha avuto come obiettivo principale quello di promuovere il piacere della lettura e di educare ad una cittadinanza attiva e consapevole. <\/p>\n","protected":false},"author":1,"featured_media":877,"comment_status":"open","ping_status":"open","sticky":false,"template":"","format":"standard","meta":{"_links_to":"","_links_to_target":""},"categories":[21],"tags":[25,60,43],"acf":[],"_links":{"self":[{"href":"https:\/\/libriamoci.cepell.it\/II\/index.php?rest_route=\/wp\/v2\/posts\/874"}],"collection":[{"href":"https:\/\/libriamoci.cepell.it\/II\/index.php?rest_route=\/wp\/v2\/posts"}],"about":[{"href":"https:\/\/libriamoci.cepell.it\/II\/index.php?rest_route=\/wp\/v2\/types\/post"}],"author":[{"embeddable":true,"href":"https:\/\/libriamoci.cepell.it\/II\/index.php?rest_route=\/wp\/v2\/users\/1"}],"replies":[{"embeddable":true,"href":"https:\/\/libriamoci.cepell.it\/II\/index.php?rest_route=%2Fwp%2Fv2%2Fcomments&post=874"}],"version-history":[{"count":0,"href":"https:\/\/libriamoci.cepell.it\/II\/index.php?rest_route=\/wp\/v2\/posts\/874\/revisions"}],"wp:featuredmedia":[{"embeddable":true,"href":"https:\/\/libriamoci.cepell.it\/II\/index.php?rest_route=\/wp\/v2\/media\/877"}],"wp:attachment":[{"href":"https:\/\/libriamoci.cepell.it\/II\/index.php?rest_route=%2Fwp%2Fv2%2Fmedia&parent=874"}],"wp:term":[{"taxonomy":"category","embeddable":true,"href":"https:\/\/libriamoci.cepell.it\/II\/index.php?rest_route=%2Fwp%2Fv2%2Fcategories&post=874"},{"taxonomy":"post_tag","embeddable":true,"href":"https:\/\/libriamoci.cepell.it\/II\/index.php?rest_route=%2Fwp%2Fv2%2Ftags&post=874"}],"curies":[{"name":"wp","href":"https:\/\/api.w.org\/{rel}","templated":true}]}}