{"id":690,"date":"2015-05-25T10:29:03","date_gmt":"2015-05-25T10:29:03","guid":{"rendered":"https:\/\/libriamoci.cepell.it\/II\/?p=690"},"modified":"2015-05-25T10:32:41","modified_gmt":"2015-05-25T10:32:41","slug":"loracolo-dello-specchio-magico","status":"publish","type":"post","link":"https:\/\/libriamoci.cepell.it\/II\/?p=690","title":{"rendered":"L&#8217;oracolo dello Specchio Magico"},"content":{"rendered":"<p><span style=\"text-decoration: underline;\">di Sonia Elisabetta Corvaglia &#8211; Scuola Secondaria di Primo Grado, I.C. &#8220;25 Aprile&#8221;, Cormano (Mi)<\/span><\/p>\n<p>Il progetto si \u00e8 posto come obiettivo quello di <strong>educare i ragazzi al piacere della lettura<\/strong> a partire da temi di loro interesse, legati alla conoscenza di s\u00e9 e alla sfera relazionale.<\/p>\n<p>Il processo di scoperta di s\u00e9 \u00e8 difficile e a volte doloroso: gli adulti possono trovare, nella proposta di percorsi letterari, la chiave per arrivare al cuore di adolescenti che scalpitano alla ricerca di una libert\u00e0 che non sempre riescono a gestire in modo corretto e autonomo; i ragazzi, invece, ritrovano nelle storie lette gli affanni e gli entusiasmi della loro quotidianit\u00e0 e riescono ad arginare il senso di straniamento che i cambiamenti dell&#8217;adolescenza comportano.<\/p>\n<p>Il progetto ha previsto, tra aprile e maggio 2015, <strong>la lettura e l&#8217;analisi in classe di tre romanzi<\/strong>: L. Bernardi, <em>Cattive<\/em>, Einaudi Ragazzi per le classi prime; E. Puricelli Guerra, <em>Cuori di carta<\/em>, Einaudi Ragazzi per le seconde; S. E. Corvaglia, <em>Le farfalle indiscrete<\/em>, Einaudi Ragazzi e N. Ammaniti, <em>Io e te<\/em>, Einaudi, per le terze.<\/p>\n<p>Sono stati poi organizzati tre appuntamenti a classi aperte in biblioteca: le classi prime hanno svolto un incontro sul piacere della lettura con le educatrici dell&#8217;associazione di promozione sociale che li affianca nello studio pomeridiano; alle classi seconde sono stati presentati dal Dirigente Scolastico e dalle collaboratrici della biblioteca due romanzi sull&#8217;inclusione e sul dramma dei migranti; le classi terze hanno incontrato l&#8217;autrice <a href=\"http:\/\/www.danielaros.it\/\" target=\"_blank\"><strong>Daniela Rossi<\/strong><\/a> che ha parlato loro di come i saggi, oltre che i romanzi, sono stati fondamentali nel suo percorso di crescita e fonte di ispirazione. Nel corso del progetto <strong>gli alunni hanno realizzato libere riflessioni e disegni<\/strong> prendendo spunto dai libri letti o da quanto ascoltato negli incontri.<\/p>\n<p>Si intende proseguire l&#8217;esperienza, molto gradita sia dagli alunni che dagli esterni che, a vario titolo, hanno collaborato (Dirigente e insegnanti, educatori dell&#8217;<a href=\"http:\/\/www.comune.cormano.mi.it\/associazioni\/associazione.asp?id=54\" target=\"_blank\">associazione di promozione sociale R.Ap. &#8211; Ragazzi Aperti<\/a> di Cormano, genitori, autori) prendendo parte per l&#8217;anno scolastico 2015\/2016 al progetto &#8220;Libriamoci&#8221; ed eventualmente ancora al &#8220;Maggio dei Libri 2016&#8221; con tematiche legate all&#8217;inclusione.<\/p>\n<p>Se si vuole analizzare una criticit\u00e0 del progetto, essendo il primo anno che la scuola partecipa a questo tipo di iniziativa, \u00e8 mancata forse una maggiore coordinazione nel pubblicizzare l&#8217;evento sul sito della scuola e in altre sedi. Inoltre, per i successivi anni scolastici sarebbe interessante coinvolgere anche gli altri ordini di scuole (primaria e infanzia) del comprensivo.<\/p>\n<p>Per ulteriori informazioni, potete contattare l&#8217;insegnante Sonia Elisabetta Corvaglia all&#8217;indirizzo e-mail: <strong><a href=\"mailto:s.corvaglia@gmail.com\" target=\"_blank\">s.corvaglia@gmail.com<\/a><\/strong>.<\/p>\n","protected":false},"excerpt":{"rendered":"<p>Nel film &#8220;La storia infinita&#8221; l&#8217;eroe Atreju deve superare la terribile porta dell&#8217;Oracolo del Sud, quella dello Specchio Magico: si trover\u00e0 faccia a faccia col suo vero Io. Riuscir\u00e0 ad accettarsi? Come Atreju, tutti gli adolescenti sono alle prese con il difficile percorso dalla scoperta di s\u00e9. A volte la lettura di alcuni romanzi apre il cuore dei ragazzi e li fa sentire meno soli.<\/p>\n","protected":false},"author":1,"featured_media":697,"comment_status":"open","ping_status":"open","sticky":false,"template":"","format":"standard","meta":{"_links_to":"","_links_to_target":""},"categories":[21],"tags":[3,25,18,43],"acf":[],"_links":{"self":[{"href":"https:\/\/libriamoci.cepell.it\/II\/index.php?rest_route=\/wp\/v2\/posts\/690"}],"collection":[{"href":"https:\/\/libriamoci.cepell.it\/II\/index.php?rest_route=\/wp\/v2\/posts"}],"about":[{"href":"https:\/\/libriamoci.cepell.it\/II\/index.php?rest_route=\/wp\/v2\/types\/post"}],"author":[{"embeddable":true,"href":"https:\/\/libriamoci.cepell.it\/II\/index.php?rest_route=\/wp\/v2\/users\/1"}],"replies":[{"embeddable":true,"href":"https:\/\/libriamoci.cepell.it\/II\/index.php?rest_route=%2Fwp%2Fv2%2Fcomments&post=690"}],"version-history":[{"count":0,"href":"https:\/\/libriamoci.cepell.it\/II\/index.php?rest_route=\/wp\/v2\/posts\/690\/revisions"}],"wp:featuredmedia":[{"embeddable":true,"href":"https:\/\/libriamoci.cepell.it\/II\/index.php?rest_route=\/wp\/v2\/media\/697"}],"wp:attachment":[{"href":"https:\/\/libriamoci.cepell.it\/II\/index.php?rest_route=%2Fwp%2Fv2%2Fmedia&parent=690"}],"wp:term":[{"taxonomy":"category","embeddable":true,"href":"https:\/\/libriamoci.cepell.it\/II\/index.php?rest_route=%2Fwp%2Fv2%2Fcategories&post=690"},{"taxonomy":"post_tag","embeddable":true,"href":"https:\/\/libriamoci.cepell.it\/II\/index.php?rest_route=%2Fwp%2Fv2%2Ftags&post=690"}],"curies":[{"name":"wp","href":"https:\/\/api.w.org\/{rel}","templated":true}]}}