{"id":3600,"date":"2016-07-01T10:03:40","date_gmt":"2016-07-01T10:03:40","guid":{"rendered":"https:\/\/libriamoci.cepell.it\/II\/?p=3600"},"modified":"2016-07-01T10:05:13","modified_gmt":"2016-07-01T10:05:13","slug":"scelte-di-classe-i-migliori-libri-per-ragazzi-del-2015-il-pdf-completo","status":"publish","type":"post","link":"https:\/\/libriamoci.cepell.it\/II\/?p=3600","title":{"rendered":"Scelte di classe \u2013 I migliori libri per ragazzi del 2015 &#8211; Il PDF completo"},"content":{"rendered":"<p><span style=\"text-decoration: underline;\">della Redazione<\/span><\/p>\n<p>Grazie a <a href=\"https:\/\/www.facebook.com\/Trib%C3%B9-dei-lettori-203539646387687\/\" target=\"_blank\"><strong>Trib\u00f9 dei Lettori<\/strong><\/a>, mettiamo a disposizione il <a href=\"https:\/\/libriamoci.cepell.it\/II\/wp-content\/uploads\/2016\/07\/scelte-di-classe_catalogo.pdf\" target=\"_blank\"><strong>PDF INTEGRALE<\/strong><\/a> del catalogo &#8220;Scelte di classe &#8211; I migliori libri per ragazzi del 2015&#8221;. Il catalogo contiene schede approfondite su <a href=\"https:\/\/libriamoci.cepell.it\/II\/?p=3194\" target=\"_blank\">ognuno dei testi selezionati<\/a>.<\/p>\n<p>Qua invece <strong>i tre libri vincitori<\/strong>, e <strong>le motivazioni<\/strong> che hanno spinto i ragazzi della giuria a premiarli:<\/p>\n<p><strong>Categoria 5\/7 anni<\/strong><br \/>Vince: Ole K\u00f6nnecke,<em><a href=\"http:\/\/www.ibs.it\/code\/9788874590445\/konnecke-ole\/avventure-lester-bob.html\" target=\"_blank\"> Le avventure di Lester e Bob<\/a>,<\/em> Beisler<\/p>\n<p>&#8220;Perch\u00e9 i personaggi fanno molto ridere, sono buffi\u00a0 e simpatici e sono tutti al contrario: Bob \u00e8 stupidello e un po\u2019 tonto, Lester \u00e8 furbo e intelligente, ma rimangono amici anche se alle volte si stanno antipatici, e poi io me lo volevo quasi comprare, ma mamma non voleva!&#8221;<\/p>\n<p><strong>Categoria 8\/10 anni<\/strong><br \/>Vince: Raina Telgemeier, <em><a href=\"http:\/\/www.castoro-on-line.it\/libri\/sorelle\/\" target=\"_blank\">Sorelle<\/a>,<\/em> Il Castoro<\/p>\n<p>&#8220;Perch\u00e9 \u00e8 una storia vera, tra fratelli ti odi e litighi per\u00f2 se qualcosa non va sei subito vicino. Un fumetto che ti fa venir voglia di leggerlo pi\u00f9 volte per vedere bene i particolari, per esempio che durante i flashback\u00a0 cambiano i colori e capisci cosa succede nel presente e nel passato. \u00c8 un libro &#8220;misto&#8221; tra dialoghi divertenti e un po\u2019 di\u00a0 tensione. Le cose tristi non si capiscono fino in fondo non sono raccontate per filo e per segno fanno solo da sottofondo, pi\u00f9 importanti sono i sentimenti e le sensazioni. Non ci sarebbe piaciuto se avesse fatto ridere e basta!&#8221;<\/p>\n<p><strong>Categoria 11\/13 anni<\/strong><br \/> Vince: Kristina Ohlsson,<em><a href=\"http:\/\/www.ibs.it\/code\/9788867159871\/ohlsson-kristina\/bambini-cristallo.html\" target=\"_blank\"> Bambini di cristallo<\/a>,<\/em> Salani<\/p>\n<p>&#8220;Per la struttura del racconto ricco di dettagli e descrizioni da brivido, <em>Bambini di cristallo<\/em> ti tiene con il fiato sospeso e ti coinvolge come se in quel momento ci fossi anche tu dentro la storia e vivi tutti gli eventi da vicino. Il finale aperto poi ci lascia con il desiderio di voler leggere ancora.&#8221;<\/p>\n","protected":false},"excerpt":{"rendered":"<p>Mettiamo a disposizione il pdf integrale della bibliografia di &#8220;Scelte di Classe 2015&#8221;, progetto della Trib\u00f9 dei lettori, pubblicazione che seleziona i libri migliori dell\u2019anno rivolti ai bambini e ragazzi dai 5 ai 13 anni. <\/p>\n","protected":false},"author":1,"featured_media":3197,"comment_status":"open","ping_status":"open","sticky":false,"template":"","format":"standard","meta":{"_links_to":"","_links_to_target":""},"categories":[2],"tags":[14,63,59,101],"acf":[],"_links":{"self":[{"href":"https:\/\/libriamoci.cepell.it\/II\/index.php?rest_route=\/wp\/v2\/posts\/3600"}],"collection":[{"href":"https:\/\/libriamoci.cepell.it\/II\/index.php?rest_route=\/wp\/v2\/posts"}],"about":[{"href":"https:\/\/libriamoci.cepell.it\/II\/index.php?rest_route=\/wp\/v2\/types\/post"}],"author":[{"embeddable":true,"href":"https:\/\/libriamoci.cepell.it\/II\/index.php?rest_route=\/wp\/v2\/users\/1"}],"replies":[{"embeddable":true,"href":"https:\/\/libriamoci.cepell.it\/II\/index.php?rest_route=%2Fwp%2Fv2%2Fcomments&post=3600"}],"version-history":[{"count":0,"href":"https:\/\/libriamoci.cepell.it\/II\/index.php?rest_route=\/wp\/v2\/posts\/3600\/revisions"}],"wp:featuredmedia":[{"embeddable":true,"href":"https:\/\/libriamoci.cepell.it\/II\/index.php?rest_route=\/wp\/v2\/media\/3197"}],"wp:attachment":[{"href":"https:\/\/libriamoci.cepell.it\/II\/index.php?rest_route=%2Fwp%2Fv2%2Fmedia&parent=3600"}],"wp:term":[{"taxonomy":"category","embeddable":true,"href":"https:\/\/libriamoci.cepell.it\/II\/index.php?rest_route=%2Fwp%2Fv2%2Fcategories&post=3600"},{"taxonomy":"post_tag","embeddable":true,"href":"https:\/\/libriamoci.cepell.it\/II\/index.php?rest_route=%2Fwp%2Fv2%2Ftags&post=3600"}],"curies":[{"name":"wp","href":"https:\/\/api.w.org\/{rel}","templated":true}]}}