{"id":24078,"date":"2024-04-16T09:15:27","date_gmt":"2024-04-16T09:15:27","guid":{"rendered":"https:\/\/libriamoci.cepell.it\/II\/?p=24078"},"modified":"2024-04-16T09:15:27","modified_gmt":"2024-04-16T09:15:27","slug":"la-poesia-vola-oltre-il-filo-spinato","status":"publish","type":"post","link":"https:\/\/libriamoci.cepell.it\/II\/?p=24078","title":{"rendered":"La poesia vola oltre il filo spinato"},"content":{"rendered":"<p>Di Eugenia Garritani &#8211; Associazione Equilibri, rete di 14 istituti scolastici della Provincia di Crotone.<\/p>\n<p>Per trattare il doloroso argomento della Shoah quest&#8217;anno \u00e8 stato scelto il sentiero della poesia, perch\u00e8 Il linguaggio poetico \u00e8 straordinario per arrivare al cuore ed aprire <span class=\"il\">un<\/span>\u00a0mondo che spesso rimane nell&#8217;ombra, il mondo delle emozioni pi\u00f9 forti e profonde. I giovani sono naturalmente attratti dal linguaggio poetico e spesso lo utilizzano per dar forma alle loro emozioni.<br \/>\nInoltre, si propone alle scuole\u00a0<span class=\"il\">di<\/span>\u00a0aderire al<em> progetto Crocus<\/em>: \u201c<span class=\"il\">Un<\/span> fiore per ricordare\u201d, proposta da L\u2019<em>Holocaust Education Trust Ireland<\/em> ( fondazione irlandese per l\u2019insegnamento sull\u2019Olocausto).<br \/>\nI fiori gialli ricordano le stelle\u00a0<span class=\"il\">di<\/span>\u00a0Davide, gialle, che gli ebrei erano costretti a cucire sugli abiti. Il crocus fiorisce alla fine\u00a0<span class=\"il\">di<\/span>\u00a0gennaio intorno alla data del Giorno della Memoria.<br \/>\nNel periodo indicato, dedicato alla Giornata della Memoria, si propone <span class=\"il\">di<\/span>\u00a0realizzare\u00a0<span class=\"il\">un<\/span>\u00a0laboratorio\u00a0<span class=\"il\">di<\/span>\u00a0lettura presso il campo\u00a0<span class=\"il\">di<\/span> concentramento <span class=\"il\">di<\/span>\u00a0Ferramonti\u00a0<span class=\"il\">di<\/span> Tarsia (CS). Il laboratorio \u00e8 aperto alle poesie in lingue straniere, studiate nei vari istituti, per la possibilit\u00e0 che offrono nel far dialogare alunni <span class=\"il\">di<\/span>\u00a0varie et\u00e0 con le lingue, con la poesia, con la musica e le altre arti.<br \/>\nNel caso in cui non si riesca a programmare il viaggio d&#8217;istruzione, verr\u00e0 organizzata la Giornata della Memoria a <span class=\"il\">scuola<\/span>, con\u00a0<span class=\"il\">un<\/span>\u00a0recital\u00a0<span class=\"il\">di<\/span>\u00a0poesie e musica.<\/p>\n<p>\nBibliografia<br \/>\n<em>Margherite ad Auschwitz. Poesie sulla Shoah<\/em> a cura <span class=\"il\">di<\/span> Valeria M. Traversi, Stilo Editore, 2014.<\/p>\n<p><a href=\"https:\/\/www.facebook.com\/100000803283789\/videos\/874741420425857\/\">https:\/\/www.facebook.com\/100000803283789\/videos\/874741420425857\/<\/a><\/p>\n<p>Mail dell&#8217;organizzatore del progetto:\u00a0<a href=\"mailto:eugenia.garritani@libero.it\" target=\"_blank\" rel=\"noopener\">eugenia.garritani@libero.it<\/a><\/p>\n","protected":false},"excerpt":{"rendered":"<p>Di Eugenia Garritani &#8211; Associazione Equilibri, rete di 14 istituti scolastici della Provincia di Crotone. Per trattare il doloroso argomento [&hellip;]<\/p>\n","protected":false},"author":4,"featured_media":24079,"comment_status":"closed","ping_status":"closed","sticky":false,"template":"","format":"standard","meta":{"_links_to":"","_links_to_target":""},"categories":[190,17,21,22],"tags":[191],"acf":[],"_links":{"self":[{"href":"https:\/\/libriamoci.cepell.it\/II\/index.php?rest_route=\/wp\/v2\/posts\/24078"}],"collection":[{"href":"https:\/\/libriamoci.cepell.it\/II\/index.php?rest_route=\/wp\/v2\/posts"}],"about":[{"href":"https:\/\/libriamoci.cepell.it\/II\/index.php?rest_route=\/wp\/v2\/types\/post"}],"author":[{"embeddable":true,"href":"https:\/\/libriamoci.cepell.it\/II\/index.php?rest_route=\/wp\/v2\/users\/4"}],"replies":[{"embeddable":true,"href":"https:\/\/libriamoci.cepell.it\/II\/index.php?rest_route=%2Fwp%2Fv2%2Fcomments&post=24078"}],"version-history":[{"count":1,"href":"https:\/\/libriamoci.cepell.it\/II\/index.php?rest_route=\/wp\/v2\/posts\/24078\/revisions"}],"predecessor-version":[{"id":24080,"href":"https:\/\/libriamoci.cepell.it\/II\/index.php?rest_route=\/wp\/v2\/posts\/24078\/revisions\/24080"}],"wp:featuredmedia":[{"embeddable":true,"href":"https:\/\/libriamoci.cepell.it\/II\/index.php?rest_route=\/wp\/v2\/media\/24079"}],"wp:attachment":[{"href":"https:\/\/libriamoci.cepell.it\/II\/index.php?rest_route=%2Fwp%2Fv2%2Fmedia&parent=24078"}],"wp:term":[{"taxonomy":"category","embeddable":true,"href":"https:\/\/libriamoci.cepell.it\/II\/index.php?rest_route=%2Fwp%2Fv2%2Fcategories&post=24078"},{"taxonomy":"post_tag","embeddable":true,"href":"https:\/\/libriamoci.cepell.it\/II\/index.php?rest_route=%2Fwp%2Fv2%2Ftags&post=24078"}],"curies":[{"name":"wp","href":"https:\/\/api.w.org\/{rel}","templated":true}]}}