{"id":24048,"date":"2024-04-15T12:12:56","date_gmt":"2024-04-15T12:12:56","guid":{"rendered":"https:\/\/libriamoci.cepell.it\/II\/?p=24048"},"modified":"2024-04-15T12:12:56","modified_gmt":"2024-04-15T12:12:56","slug":"dalla-forza-del-cuore-alla-forza-delle-parole-4","status":"publish","type":"post","link":"https:\/\/libriamoci.cepell.it\/II\/?p=24048","title":{"rendered":"DALLA FORZA DEL CUORE ALLA FORZA DELLE PAROLE"},"content":{"rendered":"<p>Di Angela Aniello &#8211; Scuola Secondaria di I grado, I. C. Sylos, Bitonto (BA)<\/p>\n<p>Il 16\/11\/2022 la classe III H guidata dalla Docente <span class=\"il\">di<\/span> Lettere, Annalisa Noviello, ha incontrato la Prof.ssa Angela Aniello, autrice del romanzo &#8220;Il verso giusto&#8221;, edito da Les Flaneurs.<br \/>\nGli alunni hanno riflettuto mediante l&#8217;ascolto\u00a0<span class=\"il\">di<\/span>\u00a0alcune canzoni e la lettura\u00a0<span class=\"il\">di<\/span>\u00a0passi significativi del libro sull&#8217;importanza\u00a0<span class=\"il\">di<\/span>\u00a0trovare il verso giusto nonostante i dubbi e le difficolta che la vita pone dinanzi.<br \/>\nVivere pienamente ogni attimo significa sfidare la tristezza e trasformarla in impronta\u00a0<span class=\"il\">di<\/span>\u00a0felicit\u00e0 e presenza senza mai mollare.<br \/>\nDopo aver letto passi significativi, sulle note delle canzoni\u00a0 \u201cAbbi cura <span class=\"il\">di<\/span>\u00a0me\u201d\u00a0<span class=\"il\">di<\/span> Simone Cristicchi e \u201cSpazio-tempo\u201d\u00a0<span class=\"il\">di<\/span>\u00a0Francesco Gabbani,\u00a0 gli alunni hanno percorso ad occhi bassi\u00a0 tutta l&#8217;aula cercando\u00a0<span class=\"il\">di<\/span> immergersi fisicamente e idealmente nel testo provando a cercare una posizione che li rappresentasse. Al termine della musica, ognuno ha assunto posizioni diverse identificative <span class=\"il\">di<\/span>\u00a0<span class=\"il\">un<\/span>\u00a0proprio modo\u00a0<span class=\"il\">di<\/span> essere e\u00a0<span class=\"il\">di<\/span>\u00a0offrirsi al mondo.<br \/>\nSono emerse tante paure e tante incertezze da\u00a0 affrontare e l\u2019autrice ha dato\u00a0 indicazioni agli alunni per viverle nel modo pi\u00f9 sereno possibile, perch\u00e9 la diversit\u00e0\u00a0 \u00e8\u00a0<span class=\"il\">un<\/span>&#8216;ala preziosa per volare.<br \/>\nL&#8217;incontro ha avuto\u00a0<span class=\"il\">un<\/span>\u00a0seguito e, dopo aver scritto delle riflessioni personali,<br \/>\ngli alunni alla presenza dell&#8217;autrice hanno commentato o letto i loro pensieri accompagnati sempre da <span class=\"il\">un<\/span>\u00a0grande punto interrogativo, soprattutto nell&#8217;adolescenza.<br \/>\nAttraverso la lettura l&#8217;anima delle parole ha attraversato altre anime riempiendole <span class=\"il\">di<\/span>\u00a0bellezza.<br \/>\nIl Progetto\u00a0<em><span class=\"il\">Libriamoci<\/span>\u00a0<\/em>si \u00e8 rivelato\u00a0<span class=\"il\">un<\/span>\u00a0momento fantastico per alunni e docenti\u00a0<span class=\"il\">di<\/span>\u00a0conoscenza\u00a0<span class=\"il\">di<\/span> se stessi e dei propri limiti, ma anche strada vincente per raggiungere le proprie mete abbattendo i freni delle paure.<\/p>\n<p>Mail dell&#8217;organizzatore del progetto:\u00a0<a href=\"mailto:angelaaniello@tiscali.it\" target=\"_blank\" rel=\"noopener\">angelaaniello@tiscali.it<\/a><\/p>\n<p>&nbsp;<\/p>\n<p><a href=\"https:\/\/libriamoci.cepell.it\/II\/wp-content\/uploads\/2024\/04\/parole.png\"><img decoding=\"async\" loading=\"lazy\" class=\"alignnone size-medium wp-image-24050\" src=\"https:\/\/libriamoci.cepell.it\/II\/wp-content\/uploads\/2024\/04\/parole-300x181.png\" alt=\"\" width=\"300\" height=\"181\" srcset=\"https:\/\/libriamoci.cepell.it\/II\/wp-content\/uploads\/2024\/04\/parole-300x181.png 300w, https:\/\/libriamoci.cepell.it\/II\/wp-content\/uploads\/2024\/04\/parole-1024x618.png 1024w, https:\/\/libriamoci.cepell.it\/II\/wp-content\/uploads\/2024\/04\/parole-768x463.png 768w, https:\/\/libriamoci.cepell.it\/II\/wp-content\/uploads\/2024\/04\/parole-1536x926.png 1536w, https:\/\/libriamoci.cepell.it\/II\/wp-content\/uploads\/2024\/04\/parole.png 1935w\" sizes=\"(max-width: 300px) 100vw, 300px\" \/><\/a><\/p>\n<p><a href=\"https:\/\/libriamoci.cepell.it\/II\/wp-content\/uploads\/2024\/04\/invincibilita\u0300.png\"><img decoding=\"async\" loading=\"lazy\" class=\"alignnone size-medium wp-image-24051\" src=\"https:\/\/libriamoci.cepell.it\/II\/wp-content\/uploads\/2024\/04\/invincibilita\u0300-300x252.png\" alt=\"\" width=\"300\" height=\"252\" srcset=\"https:\/\/libriamoci.cepell.it\/II\/wp-content\/uploads\/2024\/04\/invincibilita\u0300-300x252.png 300w, https:\/\/libriamoci.cepell.it\/II\/wp-content\/uploads\/2024\/04\/invincibilita\u0300-1024x859.png 1024w, https:\/\/libriamoci.cepell.it\/II\/wp-content\/uploads\/2024\/04\/invincibilita\u0300-768x645.png 768w, https:\/\/libriamoci.cepell.it\/II\/wp-content\/uploads\/2024\/04\/invincibilita\u0300-1536x1289.png 1536w, https:\/\/libriamoci.cepell.it\/II\/wp-content\/uploads\/2024\/04\/invincibilita\u0300.png 1923w\" sizes=\"(max-width: 300px) 100vw, 300px\" \/><\/a><\/p>\n<p>&nbsp;<\/p>\n","protected":false},"excerpt":{"rendered":"<p>Di Angela Aniello &#8211; Scuola Secondaria di I grado, I. C. Sylos, Bitonto (BA) Il 16\/11\/2022 la classe III H [&hellip;]<\/p>\n","protected":false},"author":4,"featured_media":24049,"comment_status":"closed","ping_status":"closed","sticky":false,"template":"","format":"standard","meta":{"_links_to":"","_links_to_target":""},"categories":[190,21],"tags":[191],"acf":[],"_links":{"self":[{"href":"https:\/\/libriamoci.cepell.it\/II\/index.php?rest_route=\/wp\/v2\/posts\/24048"}],"collection":[{"href":"https:\/\/libriamoci.cepell.it\/II\/index.php?rest_route=\/wp\/v2\/posts"}],"about":[{"href":"https:\/\/libriamoci.cepell.it\/II\/index.php?rest_route=\/wp\/v2\/types\/post"}],"author":[{"embeddable":true,"href":"https:\/\/libriamoci.cepell.it\/II\/index.php?rest_route=\/wp\/v2\/users\/4"}],"replies":[{"embeddable":true,"href":"https:\/\/libriamoci.cepell.it\/II\/index.php?rest_route=%2Fwp%2Fv2%2Fcomments&post=24048"}],"version-history":[{"count":1,"href":"https:\/\/libriamoci.cepell.it\/II\/index.php?rest_route=\/wp\/v2\/posts\/24048\/revisions"}],"predecessor-version":[{"id":24052,"href":"https:\/\/libriamoci.cepell.it\/II\/index.php?rest_route=\/wp\/v2\/posts\/24048\/revisions\/24052"}],"wp:featuredmedia":[{"embeddable":true,"href":"https:\/\/libriamoci.cepell.it\/II\/index.php?rest_route=\/wp\/v2\/media\/24049"}],"wp:attachment":[{"href":"https:\/\/libriamoci.cepell.it\/II\/index.php?rest_route=%2Fwp%2Fv2%2Fmedia&parent=24048"}],"wp:term":[{"taxonomy":"category","embeddable":true,"href":"https:\/\/libriamoci.cepell.it\/II\/index.php?rest_route=%2Fwp%2Fv2%2Fcategories&post=24048"},{"taxonomy":"post_tag","embeddable":true,"href":"https:\/\/libriamoci.cepell.it\/II\/index.php?rest_route=%2Fwp%2Fv2%2Ftags&post=24048"}],"curies":[{"name":"wp","href":"https:\/\/api.w.org\/{rel}","templated":true}]}}