{"id":24038,"date":"2024-04-15T11:44:07","date_gmt":"2024-04-15T11:44:07","guid":{"rendered":"https:\/\/libriamoci.cepell.it\/II\/?p=24038"},"modified":"2024-04-15T11:44:07","modified_gmt":"2024-04-15T11:44:07","slug":"la-forza-delle-parole-6","status":"publish","type":"post","link":"https:\/\/libriamoci.cepell.it\/II\/?p=24038","title":{"rendered":"La Forza delle Parole"},"content":{"rendered":"<p>Di Maddalena Girardi &#8211; Scuola Primaria e Secondaria di I grado, Istituto Comprensivo Atella (PZ) &#8211; Partner: \u00a0Comune\u00a0<span class=\"il\">di<\/span> San Fele (PZ)<\/p>\n<p>Al progetto <em><span class=\"il\">Libriamoci<\/span><\/em> hanno aderito quest\u2019anno diverse classi del nostro Istituto Comprensivo: sia nella <span class=\"il\">Scuola<\/span>\u00a0Primaria che nella\u00a0<span class=\"il\">Scuola<\/span> Secondaria. Per una settimana, si \u00e8 messa in primo piano la \u201clettura ad alta voce\u201d. E\u2019 stato scelto il filone tematico (proposto dall&#8217;iniziativa) \u201cLa forza delle parole\u201d. Parole per spiegare, per interpretare e modificare la realt\u00e0, la forza costruttiva della conoscenza. Con i testi proposti, diversi per ordine <span class=\"il\">di<\/span>\u00a0<span class=\"il\">scuola<\/span>, si sono affrontati temi <span class=\"il\">di<\/span> attualit\u00e0 sociale, temi legati all&#8217;ambiente, adattandone i contenuti alle diverse fasce <span class=\"il\">di<\/span> et\u00e0. Si \u00e8 dato senso e forza a parole quali SOSTENIBILITA\u2019 \u2013 SOLIDARIETA\u2019 \u2013 RISPETTO &#8211; LEGALITA\u2019 &#8211;\u00a0 AMBIENTE. Agli alunni sono state proposte attivit\u00e0 <span class=\"il\">di<\/span>\u00a0ascolto attivo e partecipato da cui sono scaturite riflessioni, rielaborazioni personali e creative, rappresentazioni grafiche, reinterpretazione\u00a0<span class=\"il\">di<\/span>\u00a0contenuti, recensioni. La lettura \u00e8 diventata\u00a0<span class=\"il\">un<\/span>\u00a0momento\u00a0<span class=\"il\">di<\/span>\u00a0socializzazione e\u00a0<span class=\"il\">di<\/span>\u00a0scambio emozionale.<br \/>\nAl primo evento organizzato dalle classi della\u00a0<span class=\"il\">scuola<\/span> secondaria \u00e8 stato invitato lo scrittore e giornalista lucano Sergio Ragone, che ha approfondito con gli alunni i temi della legalit\u00e0, del rispetto e della libert\u00e0.<br \/>\nAl secondo evento, oltre agli alunni e alla Dirigente Scolastica, hanno partecipato i sindaci dei quattro comuni dell\u2019Istituto e la Dirigente dell\u2019ambito territoriale <span class=\"il\">di<\/span> Potenza, Dott.ssa Infante, che ha sottolineato la rilevanza e la forza delle parole e <span class=\"il\">di<\/span>\u00a0come queste siano\u00a0<span class=\"il\">un<\/span>\u00a0potente strumento\u00a0<span class=\"il\">di<\/span>\u00a0insegnamento.<\/p>\n<p>Mail dell&#8217;organizzatore del progetto:\u00a0<a href=\"mailto:maddalena.girardi1@posta.istruzione.it\" target=\"_blank\" rel=\"noopener\">maddalena.girardi1@posta.istru<wbr \/>zione.it<\/a><\/p>\n<!--[if lt IE 9]><script>document.createElement('video');<\/script><![endif]-->\n\t<div class=\"wp-playlist wp-video-playlist wp-playlist-light\">\n\t\t<video controls=\"controls\" preload=\"none\" width=\"818\"\n\t\t height=\"460\"\t><\/video>\n\t<div class=\"wp-playlist-next\"><\/div>\n\t<div class=\"wp-playlist-prev\"><\/div>\n\t<noscript>\n\t<ol>\n\t\t<li><a href='https:\/\/libriamoci.cepell.it\/II\/wp-content\/uploads\/2024\/04\/LIBRIAMOCI.mp4'>LIBRIAMOCI<\/a><\/li>\t<\/ol>\n\t<\/noscript>\n\t<script type=\"application\/json\" class=\"wp-playlist-script\">{\"type\":\"video\",\"tracklist\":true,\"tracknumbers\":true,\"images\":true,\"artists\":true,\"tracks\":[{\"src\":\"https:\\\/\\\/libriamoci.cepell.it\\\/II\\\/wp-content\\\/uploads\\\/2024\\\/04\\\/LIBRIAMOCI.mp4\",\"type\":\"video\\\/mp4\",\"title\":\"LIBRIAMOCI\",\"caption\":\"\",\"description\":\"\",\"meta\":{\"length_formatted\":\"0:48\"},\"dimensions\":{\"original\":{\"width\":1920,\"height\":1080},\"resized\":{\"width\":818,\"height\":460}},\"image\":{\"src\":\"https:\\\/\\\/libriamoci.cepell.it\\\/II\\\/wp-includes\\\/images\\\/media\\\/video.png\",\"width\":48,\"height\":64},\"thumb\":{\"src\":\"https:\\\/\\\/libriamoci.cepell.it\\\/II\\\/wp-includes\\\/images\\\/media\\\/video.png\",\"width\":48,\"height\":64}}]}<\/script>\n<\/div>\n\t\n<p>&nbsp;<\/p>\n","protected":false},"excerpt":{"rendered":"<p>Di Maddalena Girardi &#8211; Scuola Primaria e Secondaria di I grado, Istituto Comprensivo Atella (PZ) &#8211; Partner: \u00a0Comune\u00a0di San Fele [&hellip;]<\/p>\n","protected":false},"author":4,"featured_media":24039,"comment_status":"closed","ping_status":"closed","sticky":false,"template":"","format":"standard","meta":{"_links_to":"","_links_to_target":""},"categories":[190,17,21],"tags":[191],"acf":[],"_links":{"self":[{"href":"https:\/\/libriamoci.cepell.it\/II\/index.php?rest_route=\/wp\/v2\/posts\/24038"}],"collection":[{"href":"https:\/\/libriamoci.cepell.it\/II\/index.php?rest_route=\/wp\/v2\/posts"}],"about":[{"href":"https:\/\/libriamoci.cepell.it\/II\/index.php?rest_route=\/wp\/v2\/types\/post"}],"author":[{"embeddable":true,"href":"https:\/\/libriamoci.cepell.it\/II\/index.php?rest_route=\/wp\/v2\/users\/4"}],"replies":[{"embeddable":true,"href":"https:\/\/libriamoci.cepell.it\/II\/index.php?rest_route=%2Fwp%2Fv2%2Fcomments&post=24038"}],"version-history":[{"count":1,"href":"https:\/\/libriamoci.cepell.it\/II\/index.php?rest_route=\/wp\/v2\/posts\/24038\/revisions"}],"predecessor-version":[{"id":24041,"href":"https:\/\/libriamoci.cepell.it\/II\/index.php?rest_route=\/wp\/v2\/posts\/24038\/revisions\/24041"}],"wp:featuredmedia":[{"embeddable":true,"href":"https:\/\/libriamoci.cepell.it\/II\/index.php?rest_route=\/wp\/v2\/media\/24039"}],"wp:attachment":[{"href":"https:\/\/libriamoci.cepell.it\/II\/index.php?rest_route=%2Fwp%2Fv2%2Fmedia&parent=24038"}],"wp:term":[{"taxonomy":"category","embeddable":true,"href":"https:\/\/libriamoci.cepell.it\/II\/index.php?rest_route=%2Fwp%2Fv2%2Fcategories&post=24038"},{"taxonomy":"post_tag","embeddable":true,"href":"https:\/\/libriamoci.cepell.it\/II\/index.php?rest_route=%2Fwp%2Fv2%2Ftags&post=24038"}],"curies":[{"name":"wp","href":"https:\/\/api.w.org\/{rel}","templated":true}]}}