{"id":23679,"date":"2023-10-25T14:58:08","date_gmt":"2023-10-25T14:58:08","guid":{"rendered":"https:\/\/libriamoci.cepell.it\/II\/?p=23679"},"modified":"2023-10-25T14:58:23","modified_gmt":"2023-10-25T14:58:23","slug":"bibliografie-libriamoci-2023-libri-per-la-fascia-0-3-anni","status":"publish","type":"post","link":"https:\/\/libriamoci.cepell.it\/II\/?p=23679","title":{"rendered":"Bibliografie Libriamoci 2023 &#8220;libri per la fascia 0-3 anni&#8221;"},"content":{"rendered":"<p><strong>Bibliografie Libriamoci 2023: libri per la fascia 0-3 anni<\/strong><\/p>\n<p><strong><em>\u00a0<\/em><\/strong><\/p>\n<p><strong>\u00a0<\/strong><strong>FILONE 1<em>: Lib(e)ri di conoscere<\/em><\/strong><\/p>\n<p>&nbsp;<\/p>\n<p><strong><em><a href=\"https:\/\/libriamoci.cepell.it\/II\/wp-content\/uploads\/2023\/10\/1.jpg\"><img decoding=\"async\" loading=\"lazy\" class=\"alignnone  wp-image-23681\" src=\"https:\/\/libriamoci.cepell.it\/II\/wp-content\/uploads\/2023\/10\/1.jpg\" alt=\"\" width=\"126\" height=\"191\" srcset=\"https:\/\/libriamoci.cepell.it\/II\/wp-content\/uploads\/2023\/10\/1.jpg 229w, https:\/\/libriamoci.cepell.it\/II\/wp-content\/uploads\/2023\/10\/1-198x300.jpg 198w\" sizes=\"(max-width: 126px) 100vw, 126px\" \/><\/a><\/em><\/strong><\/p>\n<ul style=\"text-align: justify;\">\n<li><strong><em>Scopri la vita<\/em><\/strong><strong>, <\/strong>di Laurent Moreau, Franco Cosimo Panini, 2023, 24 pp.<\/li>\n<\/ul>\n<p style=\"text-align: justify;\">In questo libro a leporello, immagini raffinate con colori a contrasto e un testo poetico danno il benvenuto al beb\u00e8 che si \u00e8 appena affacciato alla vita. Le pagine, illustrate da entrambi i lati, si aprono per formare un grande scenario che abbraccia il bambino e lo immerge in un mondo di forme e colori rassicuranti. Per conoscere le prime immagini del mondo che ci circonda.<\/p>\n<p style=\"text-align: justify;\">\u00a0<\/p>\n<p><strong><em><a href=\"https:\/\/libriamoci.cepell.it\/II\/wp-content\/uploads\/2023\/10\/2.jpg\"><img decoding=\"async\" loading=\"lazy\" class=\"alignnone  wp-image-23682\" src=\"https:\/\/libriamoci.cepell.it\/II\/wp-content\/uploads\/2023\/10\/2.jpg\" alt=\"\" width=\"145\" height=\"115\" \/><\/a><\/em><\/strong><\/p>\n<ul style=\"text-align: justify;\">\n<li><strong><em>In primavera. In autunno<\/em><\/strong>, di Giovanna Zoboli, illustrazioni di Philip Giordano, Topipittori, 2023, 24 pp.<\/li>\n<\/ul>\n<p style=\"text-align: justify;\">In primavera il ramo fiorisce, canta il grillo, la coccinella vola, gracida la raganella, il merlo trilla; in autunno le foglie volano, la luna rischiara, lo scoiattolo ammucchia, la nebbia scende, il pettirosso torna. 24 pagine di opposti e complementari per raccontare le stagioni, lo scorrere del tempo, osservare microscopici dettagli e scoprire il mondo.<\/p>\n<p style=\"text-align: justify;\">\u00a0<\/p>\n<p><strong><em><a href=\"https:\/\/libriamoci.cepell.it\/II\/wp-content\/uploads\/2023\/10\/3.jpg\"><img decoding=\"async\" loading=\"lazy\" class=\"alignnone  wp-image-23683\" src=\"https:\/\/libriamoci.cepell.it\/II\/wp-content\/uploads\/2023\/10\/3.jpg\" alt=\"\" width=\"166\" height=\"166\" srcset=\"https:\/\/libriamoci.cepell.it\/II\/wp-content\/uploads\/2023\/10\/3.jpg 270w, https:\/\/libriamoci.cepell.it\/II\/wp-content\/uploads\/2023\/10\/3-150x150.jpg 150w\" sizes=\"(max-width: 166px) 100vw, 166px\" \/><\/a><\/em><\/strong><\/p>\n<ul style=\"text-align: justify;\">\n<li><strong><em>Io e il ragno<\/em><\/strong>, di Fran Alonso e Manuel G. Vicente, traduzione di Elena Rolla, Kalandraka, 2023, 48 pp. (ristampa)<\/li>\n<\/ul>\n<p style=\"text-align: justify;\">Un bel giorno, un ragno intraprendente salt\u00f2 gi\u00f9 dal tetto per atterrare sul corpo di una bambina, pi\u00f9 precisamente sull\u2019alluce del piede sinistro. \u00c8 cos\u00ec che comincia un piccolo viaggio visuale e poetico sulla geografia del corpo umano.<\/p>\n<p style=\"text-align: justify;\">\u00a0<\/p>\n<p><a href=\"https:\/\/libriamoci.cepell.it\/II\/wp-content\/uploads\/2023\/10\/4.jpg\"><img decoding=\"async\" loading=\"lazy\" class=\"alignnone  wp-image-23684\" src=\"https:\/\/libriamoci.cepell.it\/II\/wp-content\/uploads\/2023\/10\/4.jpg\" alt=\"\" width=\"180\" height=\"170\" srcset=\"https:\/\/libriamoci.cepell.it\/II\/wp-content\/uploads\/2023\/10\/4.jpg 536w, https:\/\/libriamoci.cepell.it\/II\/wp-content\/uploads\/2023\/10\/4-300x283.jpg 300w\" sizes=\"(max-width: 180px) 100vw, 180px\" \/><\/a><\/p>\n<ul style=\"text-align: justify;\">\n<li><strong><em>Il mattino\/ La sera. Michi e Meo scoprono il mondo<\/em><\/strong>, di Jeanne Ashb\u00e9, Babalibri, 2023, 18 pp.<\/li>\n<\/ul>\n<p style=\"text-align: justify;\">Cosa fanno Michi e Meo la mattina e la sera, e cosa succede quando \u00e8 l&#8217;ora di fare il bagno o quando si mettono a tavola? Due bimbi vanno alla scoperta del mondo e raccontano ai loro piccoli lettori l&#8217;incanto che si cela in ogni piccola avventura del quotidiano.<\/p>\n<p style=\"text-align: justify;\">\u00a0<\/p>\n<p><a href=\"https:\/\/libriamoci.cepell.it\/II\/wp-content\/uploads\/2023\/10\/5.jpg\"><img decoding=\"async\" loading=\"lazy\" class=\"alignnone  wp-image-23685\" src=\"https:\/\/libriamoci.cepell.it\/II\/wp-content\/uploads\/2023\/10\/5.jpg\" alt=\"\" width=\"170\" height=\"187\" srcset=\"https:\/\/libriamoci.cepell.it\/II\/wp-content\/uploads\/2023\/10\/5.jpg 316w, https:\/\/libriamoci.cepell.it\/II\/wp-content\/uploads\/2023\/10\/5-272x300.jpg 272w\" sizes=\"(max-width: 170px) 100vw, 170px\" \/><\/a><\/p>\n<ul>\n<li style=\"text-align: justify;\"><strong>\u00a0<\/strong> <strong><em>Il mio ippopotamo<\/em><\/strong>, di JanikCoat, La Margherita, 2023, 36 pp.<\/li>\n<\/ul>\n<p style=\"text-align: justify;\">Un libro originale e curioso per scoprire e toccare gli opposti, seguendo tutte le trasformazioni dell&#8217;ippopotamo Popov!<\/p>\n<p><a href=\"https:\/\/libriamoci.cepell.it\/II\/wp-content\/uploads\/2023\/10\/6.jpg\"><img decoding=\"async\" loading=\"lazy\" class=\"alignnone  wp-image-23686\" src=\"https:\/\/libriamoci.cepell.it\/II\/wp-content\/uploads\/2023\/10\/6.jpg\" alt=\"\" width=\"159\" height=\"159\" srcset=\"https:\/\/libriamoci.cepell.it\/II\/wp-content\/uploads\/2023\/10\/6.jpg 311w, https:\/\/libriamoci.cepell.it\/II\/wp-content\/uploads\/2023\/10\/6-300x300.jpg 300w, https:\/\/libriamoci.cepell.it\/II\/wp-content\/uploads\/2023\/10\/6-150x150.jpg 150w\" sizes=\"(max-width: 159px) 100vw, 159px\" \/><\/a><\/p>\n<ul style=\"text-align: justify;\">\n<li><strong><em>Alla mia altezza<\/em><\/strong>, di Barbara Ferraro, illustrazioni di Silvia Molteni, Edizioni Corsare, 2022, 32 pp.<\/li>\n<\/ul>\n<p style=\"text-align: justify;\">Un pennarello da mordicchiare\/ Un foglio da stropicciare\/ Una briciola da conservare\/ Una spugna da succhiare\/ Una borsa da rovesciare&#8230; \u00a0<br \/>\nIl bambino un po\u2019 gattonando un po\u2019 stando in piedi in piedi esplora il mondo intorno a s\u00e9 e scopre\u00a0in modo autonomo oggetti e luoghi con cui giocare.<\/p>\n<p style=\"text-align: justify;\">\u00a0<\/p>\n<p style=\"text-align: justify;\"><strong><em>\u00a0<\/em><\/strong><strong>\u00a0<\/strong><\/p>\n<p style=\"text-align: justify;\"><strong>FILONE 2<em>: Lib(e)ri di sognare<\/em><\/strong><\/p>\n<p style=\"text-align: justify;\"><strong><em>\u00a0<\/em><\/strong><a href=\"https:\/\/libriamoci.cepell.it\/II\/wp-content\/uploads\/2023\/10\/7.jpg\"><img decoding=\"async\" loading=\"lazy\" class=\"alignnone  wp-image-23687\" src=\"https:\/\/libriamoci.cepell.it\/II\/wp-content\/uploads\/2023\/10\/7.jpg\" alt=\"\" width=\"147\" height=\"156\" srcset=\"https:\/\/libriamoci.cepell.it\/II\/wp-content\/uploads\/2023\/10\/7.jpg 300w, https:\/\/libriamoci.cepell.it\/II\/wp-content\/uploads\/2023\/10\/7-282x300.jpg 282w\" sizes=\"(max-width: 147px) 100vw, 147px\" \/><\/a><\/p>\n<ul style=\"text-align: justify;\">\n<li><strong><em>Il cielo. Il mondo intorno a me<\/em><\/strong>, di C\u00e9cile Roumigui\u00e8re, illustrazioni di Marion Duval, traduzione di Lisa Topi, Topipittori, 2023, 14 pp.<\/li>\n<\/ul>\n<p style=\"text-align: justify;\">Quando un bambino si sveglia ha tutto il mondo da scoprire: il cielo, il fuoco, la terra, l\u2019acqua&#8230; Un\u2019avventura in quattro libri sui quattro elementi.<\/p>\n<p style=\"text-align: justify;\"><a href=\"https:\/\/libriamoci.cepell.it\/II\/wp-content\/uploads\/2023\/10\/8.jpg\"><img decoding=\"async\" loading=\"lazy\" class=\"alignnone  wp-image-23688\" src=\"https:\/\/libriamoci.cepell.it\/II\/wp-content\/uploads\/2023\/10\/8.jpg\" alt=\"\" width=\"138\" height=\"168\" srcset=\"https:\/\/libriamoci.cepell.it\/II\/wp-content\/uploads\/2023\/10\/8.jpg 313w, https:\/\/libriamoci.cepell.it\/II\/wp-content\/uploads\/2023\/10\/8-247x300.jpg 247w\" sizes=\"(max-width: 138px) 100vw, 138px\" \/><\/a><\/p>\n<ul style=\"text-align: justify;\">\n<li><strong><em>Quattro zampe per andare lontano<\/em><\/strong><strong>, <\/strong>di Ga\u00ebtan Dor\u00e9mus, Terre di Mezzo, 2021, 40 pp.<\/li>\n<\/ul>\n<p style=\"text-align: justify;\">A quattro zampe puoi andare alla scoperta del mondo. Scoprire le sensazioni del terreno, camminare sull&#8217;erbetta fresca (ma attento a non pungerti con i cardi!), tuffarti nelle pozzanghere e schizzare fango dappertutto&#8230; E se ti spingi troppo lontano, non devi aver paura: pap\u00e0 sar\u00e0 sempre pronto a correre in tuo aiuto per riabbracciarti.<\/p>\n<p style=\"text-align: justify;\"><a href=\"https:\/\/libriamoci.cepell.it\/II\/wp-content\/uploads\/2023\/10\/9.jpg\"><img decoding=\"async\" loading=\"lazy\" class=\"alignnone  wp-image-23689\" src=\"https:\/\/libriamoci.cepell.it\/II\/wp-content\/uploads\/2023\/10\/9.jpg\" alt=\"\" width=\"141\" height=\"142\" srcset=\"https:\/\/libriamoci.cepell.it\/II\/wp-content\/uploads\/2023\/10\/9.jpg 281w, https:\/\/libriamoci.cepell.it\/II\/wp-content\/uploads\/2023\/10\/9-150x150.jpg 150w\" sizes=\"(max-width: 141px) 100vw, 141px\" \/><\/a><\/p>\n<ul style=\"text-align: justify;\">\n<li><strong><em>Dante Elefante<\/em><\/strong>, di Eric Battut, Bohem Press, 2023, 24 pp.<\/li>\n<\/ul>\n<p style=\"text-align: justify;\">Dante Elefante \u00e8 preoccupato, trova che la sua proboscide sia troppo grande. Ma un poco alla volta scopre quanto gli \u00e8 utile: per mangiare, annusare i profumi, fare spruzzi&#8230; E se la proboscide \u00e8 quella di pap\u00e0, serve anche per farsi stringere forte in un caldo abbraccio!<\/p>\n<p><a href=\"https:\/\/libriamoci.cepell.it\/II\/wp-content\/uploads\/2023\/10\/10.png\"><img decoding=\"async\" loading=\"lazy\" class=\"alignnone  wp-image-23690\" src=\"https:\/\/libriamoci.cepell.it\/II\/wp-content\/uploads\/2023\/10\/10.png\" alt=\"\" width=\"140\" height=\"140\" srcset=\"https:\/\/libriamoci.cepell.it\/II\/wp-content\/uploads\/2023\/10\/10.png 292w, https:\/\/libriamoci.cepell.it\/II\/wp-content\/uploads\/2023\/10\/10-150x150.png 150w\" sizes=\"(max-width: 140px) 100vw, 140px\" \/><\/a><\/p>\n<ul style=\"text-align: justify;\">\n<li><strong><em>Mimino e la vasca<\/em><\/strong>, di Meritxell Mart\u00ed, illustrazioni di Xavier Salom\u00f3, Franco Cosimo Panini, 2021, 16 pp.<\/li>\n<\/ul>\n<p style=\"text-align: justify;\">Con Mimino, anche il momento del bagnetto \u00e8 un divertimento e la vasca diventa un mondo fantastico! Mimino \u00e8 un gattino giocherellone che guarda il mondo con curiosit\u00e0. Si diverte nella vasca, tra acqua e bolle di sapone, vivendo un&#8217;avventura emozionante. Un libro che coinvolge il bambino in una storia semplice e divertente, anche grazie ai meccanismi di cartone tra le pagine: muovendole con il dito si alzano alette, si svelano dettagli nascosti&#8230; e l\u2019avventura continua!<\/p>\n<p><a href=\"https:\/\/libriamoci.cepell.it\/II\/wp-content\/uploads\/2023\/10\/11.jpg\"><img decoding=\"async\" loading=\"lazy\" class=\"wp-image-23691 alignnone\" src=\"https:\/\/libriamoci.cepell.it\/II\/wp-content\/uploads\/2023\/10\/11.jpg\" alt=\"\" width=\"136\" height=\"167\" srcset=\"https:\/\/libriamoci.cepell.it\/II\/wp-content\/uploads\/2023\/10\/11.jpg 319w, https:\/\/libriamoci.cepell.it\/II\/wp-content\/uploads\/2023\/10\/11-245x300.jpg 245w\" sizes=\"(max-width: 136px) 100vw, 136px\" \/><\/a><\/p>\n<ul style=\"text-align: justify;\">\n<li><strong><em>Il soffio magico<\/em><\/strong>, di C\u00e9dric Ramadier e Vincent Bourgeau, Babalibri, 2022, 26 pp.<\/li>\n<\/ul>\n<p style=\"text-align: justify;\">Il palloncino di orsetto si \u00e8 sgonfiato. Serve un soffio magico per gonfiarlo di nuovo\u2026 Sar\u00e0 il tuo? Il palloncino vola in alto nel cielo e orsetto vola con lui, fino a quando, nel mare azzurro, trova una barca che ha bisogno di vento per gonfiare la sua vela. Ancora una volta c\u2019\u00e8 bisogno di un soffio magico. Sar\u00e0 il tuo?<\/p>\n<p style=\"text-align: justify;\">\u00a0<\/p>\n<p><strong><em><a href=\"https:\/\/libriamoci.cepell.it\/II\/wp-content\/uploads\/2023\/10\/12.jpg\"><img decoding=\"async\" loading=\"lazy\" class=\"alignnone  wp-image-23692\" src=\"https:\/\/libriamoci.cepell.it\/II\/wp-content\/uploads\/2023\/10\/12.jpg\" alt=\"\" width=\"131\" height=\"131\" srcset=\"https:\/\/libriamoci.cepell.it\/II\/wp-content\/uploads\/2023\/10\/12.jpg 500w, https:\/\/libriamoci.cepell.it\/II\/wp-content\/uploads\/2023\/10\/12-300x300.jpg 300w, https:\/\/libriamoci.cepell.it\/II\/wp-content\/uploads\/2023\/10\/12-150x150.jpg 150w\" sizes=\"(max-width: 131px) 100vw, 131px\" \/><\/a><\/em><\/strong><\/p>\n<ul style=\"text-align: justify;\">\n<li><strong><em>Senza di me<\/em><\/strong>, di Gek Tessaro, Lapis, 2019, 28 pp.<\/li>\n<\/ul>\n<p style=\"text-align: justify;\">La giornata della paperetta \u00e8 cominciata davvero male. Nessuno \u2013 ma proprio nessuno \u2013 si \u00e8 ricordato che oggi \u00e8 il suo compleanno. Triste e offesa, prepara il suo fagotto e decide di andare via. Lungo<\/p>\n<p style=\"text-align: justify;\">\u00a0la strada incontra tutti gli animali della fattoria: nessuno le chiede<\/p>\n<p style=\"text-align: justify;\">dove stia andando, nessuno sembra accorgersi di quanto si senta sola. Determinata e orgogliosa, prosegue nel cammino, ma proprio quando teme di essersi persa\u2026 Buon compleanno, paperetta!<\/p>\n<p style=\"text-align: justify;\"><strong><em>\u00a0<\/em><\/strong><strong><em>\u00a0<\/em><\/strong><strong><em>\u00a0<\/em><\/strong><strong><em>\u00a0<\/em><\/strong><\/p>\n<p style=\"text-align: justify;\"><strong>FILONE 3<em>: Li(b)eri di creare<\/em><\/strong><\/p>\n<p style=\"text-align: justify;\"><strong><em>\u00a0<\/em><\/strong><\/p>\n<p><strong><em><a href=\"https:\/\/libriamoci.cepell.it\/II\/wp-content\/uploads\/2023\/10\/13.jpg\"><img decoding=\"async\" loading=\"lazy\" class=\"wp-image-23693 alignnone\" src=\"https:\/\/libriamoci.cepell.it\/II\/wp-content\/uploads\/2023\/10\/13.jpg\" alt=\"\" width=\"150\" height=\"179\" srcset=\"https:\/\/libriamoci.cepell.it\/II\/wp-content\/uploads\/2023\/10\/13.jpg 301w, https:\/\/libriamoci.cepell.it\/II\/wp-content\/uploads\/2023\/10\/13-252x300.jpg 252w\" sizes=\"(max-width: 150px) 100vw, 150px\" \/><\/a><\/em><\/strong><\/p>\n<ul style=\"text-align: justify;\">\n<li><strong><em>Tutto dormir\u00e0<\/em><\/strong>, di Astrid Lindgren, illustrazioni di Marit T\u00f6rnqvist, traduzione di Chiara Carminati, Camelozampa, 2021, 32 pp.<\/li>\n<\/ul>\n<p style=\"text-align: justify;\">Una magica passeggiata in una sera estiva: per tutti \u00e8 ora di dormire, dai bambini nelle case a tutti gli animali, nei boschi e nei prati. Una canzone tenera e dolce per fare la nanna, un viaggio incantato al calar della sera, attraverso fiabesche e immaginifiche illustrazioni. Dalla pi\u00f9 amata autrice per bambini di sempre, una canzone che per i bambini svedesi \u00e8 un classico universalmente noto, che prende vita grazie alle straordinarie illustrazioni di Marit T\u00f6rnqvist, tra i pi\u00f9 grandi illustratori contemporanei per bambini, mai pubblicata prima in Italia.<\/p>\n<p><a href=\"https:\/\/libriamoci.cepell.it\/II\/wp-content\/uploads\/2023\/10\/14.jpg\"><img decoding=\"async\" loading=\"lazy\" class=\"alignnone  wp-image-23694\" src=\"https:\/\/libriamoci.cepell.it\/II\/wp-content\/uploads\/2023\/10\/14.jpg\" alt=\"\" width=\"148\" height=\"164\" srcset=\"https:\/\/libriamoci.cepell.it\/II\/wp-content\/uploads\/2023\/10\/14.jpg 311w, https:\/\/libriamoci.cepell.it\/II\/wp-content\/uploads\/2023\/10\/14-270x300.jpg 270w\" sizes=\"(max-width: 148px) 100vw, 148px\" \/><\/a><\/p>\n<ul style=\"text-align: justify;\">\n<li><strong><em>C\u2019era un laghetto piccino piccino picci\u00f2<\/em><\/strong>, di Roberta Pagnoni e Gabriele Clima, La coccinella, 2023, 32 pp.<\/li>\n<\/ul>\n<p style=\"text-align: justify;\">Piccole storie raccontate soprattutto dalle immagini piene di atmosfera, capaci di narrare anche a chi ancora legge solo le figure. Con un grande finale a sorpresa!<\/p>\n<p><a href=\"https:\/\/libriamoci.cepell.it\/II\/wp-content\/uploads\/2023\/10\/15.jpg\"><img decoding=\"async\" loading=\"lazy\" class=\"alignnone  wp-image-23695\" src=\"https:\/\/libriamoci.cepell.it\/II\/wp-content\/uploads\/2023\/10\/15.jpg\" alt=\"\" width=\"123\" height=\"174\" srcset=\"https:\/\/libriamoci.cepell.it\/II\/wp-content\/uploads\/2023\/10\/15.jpg 299w, https:\/\/libriamoci.cepell.it\/II\/wp-content\/uploads\/2023\/10\/15-213x300.jpg 213w\" sizes=\"(max-width: 123px) 100vw, 123px\" \/><\/a><\/p>\n<ul style=\"text-align: justify;\">\n<li><strong><em>Cose di casa<\/em><\/strong>, di Elisa Mazzoli, illustrazioni di Sara Filiputti, Il leone verde piccoli, 2023, 32 carte<\/li>\n<\/ul>\n<p style=\"text-align: justify;\">Sul fronte di ogni carta l&#8217;immagine, delicata e realistica, dell\u2019oggetto che si trova in casa o della stanza in cui \u00e8 collocato, e sul retro brevi storie, filastrocche e nonsense che aiutano a dare un nome agli oggetti che si presentano agli occhi e alle mani dei piccoli esploratori del mondo. Con indicazioni per trasformare il contenuto narrativo in gioco ed esperienza, e svilupparlo al meglio nella vita quotidiana insieme!<\/p>\n<p style=\"text-align: justify;\">\u00a0<\/p>\n<p style=\"text-align: justify;\"><a href=\"https:\/\/libriamoci.cepell.it\/II\/wp-content\/uploads\/2023\/10\/16.jpg\"><img decoding=\"async\" loading=\"lazy\" class=\"alignnone  wp-image-23696\" src=\"https:\/\/libriamoci.cepell.it\/II\/wp-content\/uploads\/2023\/10\/16.jpg\" alt=\"\" width=\"155\" height=\"117\" srcset=\"https:\/\/libriamoci.cepell.it\/II\/wp-content\/uploads\/2023\/10\/16.jpg 536w, https:\/\/libriamoci.cepell.it\/II\/wp-content\/uploads\/2023\/10\/16-300x227.jpg 300w\" sizes=\"(max-width: 155px) 100vw, 155px\" \/><\/a><\/p>\n<ul style=\"text-align: justify;\">\n<li><strong><em>Che verso fa un bambino?<\/em><\/strong>, di Alison Lester, traduzione di Chiara Carminati, Mondadori, 2021, 32 pp.<\/li>\n<\/ul>\n<p style=\"text-align: justify;\">Un albo allegro e spensierato perfetto da leggere ad alta voce, ideale per giocare con i pi\u00f9 piccoli ricreando i versi degli animali. Quanti versi e quanti suoni pu\u00f2 fare un bambino? Tantissimi! Cos\u00ec<\/p>\n<p style=\"text-align: justify;\">tanti da dare anche una mano a ritrovare tutti gli animali che sono scappati.<\/p>\n<p style=\"text-align: justify;\"><a href=\"https:\/\/libriamoci.cepell.it\/II\/wp-content\/uploads\/2023\/10\/17.jpg\"><img decoding=\"async\" loading=\"lazy\" class=\"alignnone  wp-image-23697\" src=\"https:\/\/libriamoci.cepell.it\/II\/wp-content\/uploads\/2023\/10\/17.jpg\" alt=\"\" width=\"115\" height=\"147\" srcset=\"https:\/\/libriamoci.cepell.it\/II\/wp-content\/uploads\/2023\/10\/17.jpg 277w, https:\/\/libriamoci.cepell.it\/II\/wp-content\/uploads\/2023\/10\/17-235x300.jpg 235w\" sizes=\"(max-width: 115px) 100vw, 115px\" \/><\/a><\/p>\n<ul style=\"text-align: justify;\">\n<li><strong><em>La luna al guinzaglio<\/em><\/strong>, di Gianni Rodari, illustrazioni di Andrea Antinori, Emme edizioni, 2021, 24 pp.<\/li>\n<\/ul>\n<p style=\"text-align: justify;\">\u00abQuando il bambino inventa una storia o discute con me o ascolta la mia favola, non \u00e8 impegnata solo la sua fantasia, \u00e8 impegnata la sua personalit\u00e0.\u00bb (Gianni Rodari). La luna dei bambini in questa filastrocca di Gianni Rodari, in un formato agile e robusto, perfetto per le prime letture.<\/p>\n<p><strong><em><a href=\"https:\/\/libriamoci.cepell.it\/II\/wp-content\/uploads\/2023\/10\/18.jpg\"><img decoding=\"async\" loading=\"lazy\" class=\"alignnone  wp-image-23698\" src=\"https:\/\/libriamoci.cepell.it\/II\/wp-content\/uploads\/2023\/10\/18.jpg\" alt=\"\" width=\"185\" height=\"138\" srcset=\"https:\/\/libriamoci.cepell.it\/II\/wp-content\/uploads\/2023\/10\/18.jpg 536w, https:\/\/libriamoci.cepell.it\/II\/wp-content\/uploads\/2023\/10\/18-300x223.jpg 300w\" sizes=\"(max-width: 185px) 100vw, 185px\" \/><\/a><\/em><\/strong><\/p>\n<ul style=\"text-align: justify;\">\n<li><strong><em>Mammalingua<\/em><\/strong>, di Bruno Tognolini, illustrazioni di Pia Valentinis, Il castoro, 2008, 48 pp.<\/li>\n<\/ul>\n<p style=\"text-align: justify;\">Ventuno filastrocche per ventuno illustrazioni, una per ogni lettera dell&#8217;alfabeto, sulle piccole e sconfinate cose dei neonati, della mamma e del minuscolo e immenso mondo che insieme li contiene. Un classico imperdibile da regalare a tutte le famiglie!<\/p>\n","protected":false},"excerpt":{"rendered":"<p>Bibliografie Libriamoci 2023: libri per la fascia 0-3 anni \u00a0 \u00a0FILONE 1: Lib(e)ri di conoscere &nbsp; Scopri la vita, di [&hellip;]<\/p>\n","protected":false},"author":1,"featured_media":23678,"comment_status":"closed","ping_status":"closed","sticky":false,"template":"","format":"standard","meta":{"_links_to":"","_links_to_target":""},"categories":[153],"tags":[14],"acf":[],"_links":{"self":[{"href":"https:\/\/libriamoci.cepell.it\/II\/index.php?rest_route=\/wp\/v2\/posts\/23679"}],"collection":[{"href":"https:\/\/libriamoci.cepell.it\/II\/index.php?rest_route=\/wp\/v2\/posts"}],"about":[{"href":"https:\/\/libriamoci.cepell.it\/II\/index.php?rest_route=\/wp\/v2\/types\/post"}],"author":[{"embeddable":true,"href":"https:\/\/libriamoci.cepell.it\/II\/index.php?rest_route=\/wp\/v2\/users\/1"}],"replies":[{"embeddable":true,"href":"https:\/\/libriamoci.cepell.it\/II\/index.php?rest_route=%2Fwp%2Fv2%2Fcomments&post=23679"}],"version-history":[{"count":3,"href":"https:\/\/libriamoci.cepell.it\/II\/index.php?rest_route=\/wp\/v2\/posts\/23679\/revisions"}],"predecessor-version":[{"id":23700,"href":"https:\/\/libriamoci.cepell.it\/II\/index.php?rest_route=\/wp\/v2\/posts\/23679\/revisions\/23700"}],"wp:featuredmedia":[{"embeddable":true,"href":"https:\/\/libriamoci.cepell.it\/II\/index.php?rest_route=\/wp\/v2\/media\/23678"}],"wp:attachment":[{"href":"https:\/\/libriamoci.cepell.it\/II\/index.php?rest_route=%2Fwp%2Fv2%2Fmedia&parent=23679"}],"wp:term":[{"taxonomy":"category","embeddable":true,"href":"https:\/\/libriamoci.cepell.it\/II\/index.php?rest_route=%2Fwp%2Fv2%2Fcategories&post=23679"},{"taxonomy":"post_tag","embeddable":true,"href":"https:\/\/libriamoci.cepell.it\/II\/index.php?rest_route=%2Fwp%2Fv2%2Ftags&post=23679"}],"curies":[{"name":"wp","href":"https:\/\/api.w.org\/{rel}","templated":true}]}}