{"id":23574,"date":"2023-10-23T08:57:21","date_gmt":"2023-10-23T08:57:21","guid":{"rendered":"https:\/\/libriamoci.cepell.it\/II\/?p=23574"},"modified":"2023-10-23T08:58:56","modified_gmt":"2023-10-23T08:58:56","slug":"bibliografie-libriamoci-2023-liberi-di-sognare","status":"publish","type":"post","link":"https:\/\/libriamoci.cepell.it\/II\/?p=23574","title":{"rendered":"Bibliografie Libriamoci 2023 &#8220;Lib(e)ri di sognare&#8221;"},"content":{"rendered":"<p><strong>FILONE TEMATICO 2: Lib(e)ri di sognare<\/strong><\/p>\n<p style=\"text-align: justify;\">Leggere: esiste forse un modo migliore per sognare? Il libro come strumento d\u2019accesso a mondi fantastici, storie appassionanti, personaggi indimenticabili che offrono la possibilit\u00e0 di viaggiare, conoscere e confrontarci, moltiplicando le nostre esperienze senza muoverci di un centimetro. La grande narrativa a tutto tondo e le biografie pi\u00f9 avvincenti, i classici del fantasy e il graphic novel trovano spazio in questo secondo filone tematico, perfetto per gli studenti di ogni ordine e grado desiderosi di perdersi tra storie e mondi fantastici, reali o immaginari.<\/p>\n<p style=\"text-align: justify;\">\u00a0<\/p>\n<p style=\"text-align: justify;\"><strong>Fascia 3-6 anni<\/strong><\/p>\n<p style=\"text-align: justify;\">\u00a0<\/p>\n<p style=\"text-align: justify;\"><a href=\"https:\/\/libriamoci.cepell.it\/II\/wp-content\/uploads\/2018\/09\/1-1.jpg\"><img decoding=\"async\" loading=\"lazy\" class=\"alignnone  wp-image-23575\" src=\"https:\/\/libriamoci.cepell.it\/II\/wp-content\/uploads\/2018\/09\/1-1.jpg\" alt=\"\" width=\"142\" height=\"202\" srcset=\"https:\/\/libriamoci.cepell.it\/II\/wp-content\/uploads\/2018\/09\/1-1.jpg 536w, https:\/\/libriamoci.cepell.it\/II\/wp-content\/uploads\/2018\/09\/1-1-210x300.jpg 210w\" sizes=\"(max-width: 142px) 100vw, 142px\" \/><\/a><\/p>\n<ul style=\"text-align: justify;\">\n<li><strong><em>Come? Cosa? <\/em><\/strong>di Fabian Negrin, Orecchio Acerbo, 2016, 40 pp.<\/li>\n<\/ul>\n<p style=\"text-align: justify;\">Sul molo del porto una donna grida al marito gi\u00e0 in barca: \u00abEhi, cosa vuoi mangiare stasera?\u00bb Prendendo il largo il pescatore le risponde: \u00abPur\u00e8 di patate!\u00bb Ma il vento distorce le parole, e cos\u00ec la moglie capisce una cosa un po\u2019 diversa. La donna chiede a suo figlio di andare a prendere quello che crede suo marito voglia mangiare, ma, col vento che monta, il bambino capir\u00e0 un\u2019altra cosa ancora, che solo vagamente suona come il pur\u00e8 di patate iniziale. In un crescendo di fraintendimenti linguistici e di brezza marina che diventa tormenta e poi uragano e poi qualcos\u2019altro, la storia porter\u00e0 il bambino in giro per il mondo, mano nella mano con diversi personaggi che, credendo di aiutarlo, in realt\u00e0 non capiranno assolutamente niente di quello che lui va cercando. Un po\u2019 come ogni volta che un adulto ha a che fare con un bambino, non resta all\u2019infanzia che affidarsi al caso per risolvere le cose, e anche qui, forse, tutto finir\u00e0 bene. Bene? Come? Cosa?<\/p>\n<p style=\"text-align: justify;\">\u00a0<\/p>\n<p><strong><em><a href=\"https:\/\/libriamoci.cepell.it\/II\/wp-content\/uploads\/2018\/09\/2-1.jpg\"><img decoding=\"async\" loading=\"lazy\" class=\"alignnone  wp-image-23576\" src=\"https:\/\/libriamoci.cepell.it\/II\/wp-content\/uploads\/2018\/09\/2-1.jpg\" alt=\"\" width=\"147\" height=\"195\" srcset=\"https:\/\/libriamoci.cepell.it\/II\/wp-content\/uploads\/2018\/09\/2-1.jpg 536w, https:\/\/libriamoci.cepell.it\/II\/wp-content\/uploads\/2018\/09\/2-1-226x300.jpg 226w\" sizes=\"(max-width: 147px) 100vw, 147px\" \/><\/a><\/em><\/strong><\/p>\n<ul style=\"text-align: justify;\">\n<li style=\"text-align: justify;\"><strong><em>Il buio <\/em><\/strong>di Lemony Snicket, traduzione di Francesco Spagnol, illustrazioni di Jon Klassen, Salani, 2016, 48 pp.<\/li>\n<\/ul>\n<p style=\"text-align: justify;\">Lucio ha paura del buio. Il buio non ha paura di Lucio. Lucio vive in casa, il buio in cantina.<br \/>\nUna notte il buio sale in camera di Lucio, e Lucio scende in cantina.<br \/>\nQuesta \u00e8 la storia di come Lucio smise di avere paura.<\/p>\n<p style=\"text-align: justify;\">\u00a0<\/p>\n<p style=\"text-align: justify;\"><a href=\"https:\/\/libriamoci.cepell.it\/II\/wp-content\/uploads\/2018\/09\/3-1.jpg\"><img decoding=\"async\" loading=\"lazy\" class=\"alignnone  wp-image-23577\" src=\"https:\/\/libriamoci.cepell.it\/II\/wp-content\/uploads\/2018\/09\/3-1.jpg\" alt=\"\" width=\"173\" height=\"143\" srcset=\"https:\/\/libriamoci.cepell.it\/II\/wp-content\/uploads\/2018\/09\/3-1.jpg 536w, https:\/\/libriamoci.cepell.it\/II\/wp-content\/uploads\/2018\/09\/3-1-300x248.jpg 300w\" sizes=\"(max-width: 173px) 100vw, 173px\" \/><\/a><\/p>\n<ul style=\"text-align: justify;\">\n<li><strong><em>Dove il mare incontra il cielo<\/em><\/strong> dei The Fan Brothers, traduzione di Masolino D\u2019Amico, Gallucci, 2018, 44 pp.<\/li>\n<\/ul>\n<p style=\"text-align: justify;\">Finn ricorda bene i racconti del nonno su un posto lontano, dove il mare incontra il cielo. Un giorno decide di costruire una barca a vela per onorarne il ricordo e parte alla ricerca di quel luogo magico. Sar\u00e0 un viaggio pieno di meravigliose sorprese&#8230;<\/p>\n<p style=\"text-align: justify;\">\u00a0<\/p>\n<p style=\"text-align: justify;\"><a href=\"https:\/\/libriamoci.cepell.it\/II\/wp-content\/uploads\/2018\/09\/4-1.jpg\"><img decoding=\"async\" loading=\"lazy\" class=\"alignnone  wp-image-23578\" src=\"https:\/\/libriamoci.cepell.it\/II\/wp-content\/uploads\/2018\/09\/4-1.jpg\" alt=\"\" width=\"177\" height=\"143\" srcset=\"https:\/\/libriamoci.cepell.it\/II\/wp-content\/uploads\/2018\/09\/4-1.jpg 536w, https:\/\/libriamoci.cepell.it\/II\/wp-content\/uploads\/2018\/09\/4-1-300x242.jpg 300w\" sizes=\"(max-width: 177px) 100vw, 177px\" \/><\/a><\/p>\n<ul style=\"text-align: justify;\">\n<li><strong><em>Il tunnel <\/em><\/strong>di Anthony Browne, traduzione di Sara Saorin, Camelozampa, 2021, 32 pp.<\/li>\n<\/ul>\n<p style=\"text-align: justify;\">Diversi in tutto e per tutto, Jack e Rose non fanno che litigare. Finch\u00e9, un giorno, la mamma non li costringe a uscire assieme. Fratello e sorella si dividono sulla soglia di un misterioso tunnel: lui si intrufola alla ricerca di avventure, lei lo aspetta fuori, timorosa. Il tempo passa e Jack non ritorna. Rose raccoglie il suo coraggio ed entra nel tunnel, per cercarlo. La attende un altrove surreale e spaventoso: forse \u00e8 arrivata appena in tempo per salvare il fratello\u2026<\/p>\n<p style=\"text-align: justify;\">\u00a0<\/p>\n<p style=\"text-align: justify;\"><a href=\"https:\/\/libriamoci.cepell.it\/II\/wp-content\/uploads\/2018\/09\/5-1.jpg\"><img decoding=\"async\" loading=\"lazy\" class=\"alignnone  wp-image-23579\" src=\"https:\/\/libriamoci.cepell.it\/II\/wp-content\/uploads\/2018\/09\/5-1.jpg\" alt=\"\" width=\"170\" height=\"228\" srcset=\"https:\/\/libriamoci.cepell.it\/II\/wp-content\/uploads\/2018\/09\/5-1.jpg 424w, https:\/\/libriamoci.cepell.it\/II\/wp-content\/uploads\/2018\/09\/5-1-224x300.jpg 224w\" sizes=\"(max-width: 170px) 100vw, 170px\" \/><\/a><\/p>\n<ul style=\"text-align: justify;\">\n<li><strong><em>Viaggi <\/em><\/strong>di Anna Benotto, Lupoguido, 2023, 40 pp.<\/li>\n<\/ul>\n<p style=\"text-align: justify;\">Questo \u00e8 un piccolo albo illustrato con poche parole, il diario di viaggio di un orso con una folta pelliccia e un grande desiderio di girare il mondo, ma \u00e8 anche un libro sul bisogno di movimento, su quella voglia di attraversare lo spazio e il tempo per esplorare nuovi territori, per tenere a bada aspettative e realt\u00e0, per mettersi alla prova. Ma l\u2019orso sa bene che viaggiare significa abbandonare i luoghi del cuore, quelli in cui si sente al sicuro, protetto dagli oggetti che sono \u201ccasa\u201d: \u00e8 una tensione continua tra la solitudine e la ricerca degli altri, tra la voglia di andare e l\u2019urgenza di tornare, tra la velocit\u00e0 e la necessit\u00e0 di andare piano, in uno scambio antinomico reso meravigliosamente dalle illustrazioni di Anna Benotto che, con un tratto avvolgente e morbido, d\u00e0 voce alla tenera vita interiore del viaggiatore.<\/p>\n<p style=\"text-align: justify;\">\u00a0<\/p>\n<p><strong><em><a href=\"https:\/\/libriamoci.cepell.it\/II\/wp-content\/uploads\/2018\/09\/6-1.jpg\"><img decoding=\"async\" loading=\"lazy\" class=\"alignnone  wp-image-23580\" src=\"https:\/\/libriamoci.cepell.it\/II\/wp-content\/uploads\/2018\/09\/6-1.jpg\" alt=\"\" width=\"181\" height=\"254\" srcset=\"https:\/\/libriamoci.cepell.it\/II\/wp-content\/uploads\/2018\/09\/6-1.jpg 536w, https:\/\/libriamoci.cepell.it\/II\/wp-content\/uploads\/2018\/09\/6-1-214x300.jpg 214w\" sizes=\"(max-width: 181px) 100vw, 181px\" \/><\/a><\/em><\/strong><\/p>\n<ul style=\"text-align: justify;\">\n<li><strong><em>Storie per ridere <\/em><\/strong>di <span style=\"color: #ff0000;\"><a style=\"color: #ff0000;\" href=\"https:\/\/www.edizioniel.com\/catalogo\/?autore=2039\">Henriette Bichonnier<\/a><\/span>, traduzione di G. Lunghi, illustrato da Pef, Einaudi Ragazzi, 2015, 104 pp.<\/li>\n<\/ul>\n<p style=\"text-align: justify;\">Un mostro in agguato nel buio della sua caverna; un re che si trova bellissimo; una strega che \u2013 da brava strega \u2013 cerca in tutti i modi di mangiare i bambini: apparentemente le solite storie, ma basta cominciare a leggere per capire che in realt\u00e0 si tratta di storie un po\u2019 pazze, popolate da ragazzini che non hanno paura di niente, adulti che hanno paura di tutto, mostri e streghe che non riescono a comportarsi come veri mostri e vere streghe. Storie illustrate con incredibile umorismo e fantasia, costruite con un gusto del racconto assolutamente imprevedibile.<\/p>\n<p style=\"text-align: justify;\">\u00a0<\/p>\n<p style=\"text-align: justify;\"><a href=\"https:\/\/libriamoci.cepell.it\/II\/wp-content\/uploads\/2018\/09\/7-1.jpg\"><img decoding=\"async\" loading=\"lazy\" class=\"alignnone  wp-image-23581\" src=\"https:\/\/libriamoci.cepell.it\/II\/wp-content\/uploads\/2018\/09\/7-1.jpg\" alt=\"\" width=\"202\" height=\"157\" srcset=\"https:\/\/libriamoci.cepell.it\/II\/wp-content\/uploads\/2018\/09\/7-1.jpg 536w, https:\/\/libriamoci.cepell.it\/II\/wp-content\/uploads\/2018\/09\/7-1-300x233.jpg 300w\" sizes=\"(max-width: 202px) 100vw, 202px\" \/><\/a><\/p>\n<ul style=\"text-align: justify;\">\n<li><strong><em>Le avventure di Edith bibliotecaria a cavallo<\/em><\/strong> di Emma Carlson Berne, traduzione di Miriam Pedata, illustrazioni di Ilaria Urbinati, EDT Giralangolo, 2022, 28 pp.<\/li>\n<\/ul>\n<p style=\"text-align: justify;\">Anni Trenta del secolo scorso. Edith vive nella regione dei monti Appalachi con il suo fidato destriero Dan e fa un mestiere davvero speciale. Al galoppo per valli strette e profonde, percorrendo miglia e miglia tra una baita e l\u2019altra, consegna libri di ogni genere agli abitanti della regione affamati di lettura. Con una bisaccia gonfia di pagine, che piova, nevichi o splenda un sole rovente, Edith si ferma di casa in casa per consegnare racconti, romanzi, ricettari o storie per bambini guadagnandosi sul campo il soprannome di \u201cbibliotecaria a cavallo\u201d insieme ad altre colleghe e amiche coraggiose.<\/p>\n<p style=\"text-align: justify;\">\u00a0<\/p>\n<p><strong><em><a href=\"https:\/\/libriamoci.cepell.it\/II\/wp-content\/uploads\/2018\/09\/8-1.jpg\"><img decoding=\"async\" loading=\"lazy\" class=\"alignnone  wp-image-23582\" src=\"https:\/\/libriamoci.cepell.it\/II\/wp-content\/uploads\/2018\/09\/8-1.jpg\" alt=\"\" width=\"188\" height=\"243\" srcset=\"https:\/\/libriamoci.cepell.it\/II\/wp-content\/uploads\/2018\/09\/8-1.jpg 536w, https:\/\/libriamoci.cepell.it\/II\/wp-content\/uploads\/2018\/09\/8-1-232x300.jpg 232w\" sizes=\"(max-width: 188px) 100vw, 188px\" \/><\/a><\/em><\/strong><\/p>\n<ul style=\"text-align: justify;\">\n<li><strong><em>I piccoli libri dei piccoli Bront\u00eb<\/em><\/strong> di Sara O\u2019Leary, traduzione di Laura Pelaschiar, illustrazioni di May Smith Briony, Emme Edizioni, 2023, 48 pp.<\/li>\n<\/ul>\n<p style=\"text-align: justify;\">Tanto tempo fa, in un cottage solitario al limitare della brughiera battuta dai venti, vivevano quattro bambini \u2013 Charlotte, Branwell, Emily e Anne Bront\u00eb \u2013 assieme al pap\u00e0, alla zia e alla governante. Appassionati di avventure, favole e poesie, i piccoli Bront\u00eb leggevano avidamente ogni tipo di libro. Con l\u2019aiuto di una scatola di soldatini di legno, servendosi di fantasia e affetto reciproco, inventarono a loro volta storie che poi scrissero in minuscoli libriccini che essi stessi confezionavano, abbellendoli con disegni ad acquerello. Una passione, questa, che sarebbe durata per tutta la vita.<\/p>\n<p style=\"text-align: justify;\"><strong>\u00a0<\/strong><strong><em>\u00a0<\/em><\/strong><\/p>\n<p style=\"text-align: justify;\"><strong>Fascia 6-10 anni <\/strong><\/p>\n<p>&nbsp;<\/p>\n<p><a href=\"https:\/\/libriamoci.cepell.it\/II\/wp-content\/uploads\/2018\/09\/9.jpg\"><img decoding=\"async\" loading=\"lazy\" class=\"alignnone  wp-image-23583\" src=\"https:\/\/libriamoci.cepell.it\/II\/wp-content\/uploads\/2018\/09\/9.jpg\" alt=\"\" width=\"143\" height=\"212\" srcset=\"https:\/\/libriamoci.cepell.it\/II\/wp-content\/uploads\/2018\/09\/9.jpg 536w, https:\/\/libriamoci.cepell.it\/II\/wp-content\/uploads\/2018\/09\/9-203x300.jpg 203w\" sizes=\"(max-width: 143px) 100vw, 143px\" \/><\/a><\/p>\n<ul>\n<li style=\"text-align: justify;\"><strong><em>\u00a0I fratelli mezzaluna<\/em><\/strong><strong>, <\/strong>di Chiara Gamberale, Salani, 2023, 224 pp.<\/li>\n<\/ul>\n<p style=\"text-align: justify;\">A Gabaville la vita scorre serena: \u00e8 il Villaggio Perfettissimo dove nessuno litiga mai e tutti vorrebbero nascere e crescere\u2026 Tutti tranne loro. Lena e Alen, i gemelli Mezzaluna, figli di Maddy La Matta, nati in una notte misteriosa di luna spaccata a met\u00e0. Sono diversi dagli altri pacifici abitanti di Gabaville, perch\u00e9 Lena ha il potere di fare domande di fuoco che frugano nei cuori, Alen, con i suoi silenzi, sa leggere nella testa di chi ha davanti. Chi \u00e8 il padre dei gemelli? Nessuno lo sa: loro sanno solo che viveva sulla luna e che si \u00e8 perso fra le galassie. Una storia che per\u00f2 \u00e8 completamente falsa. Quando Lena e Alen scoprono che la madre gli ha raccontato una bugia, scappano e vengono risucchiati nel Mondo Sottopelle, un posto molto diverso da Gabaville, dove regna lo Scuro che inchioda i cuori e le teste di tutti alla rabbia, alla paura e alla vergogna. Qui i Mezzaluna vivranno avventure incredibili, incontreranno creature mai viste prima, impareranno che \u00e8 possibile essere felici e allo stesso tempo imbarazzati, arrabbiati e allo stesso tempo innamorati\u2026 E finalmente non solo scopriranno la vera storia dei loro genitori, ma, grazie a un\u2019impresa per cui serve tutto il coraggio che nemmeno loro sanno di avere, cambieranno anche il destino di un intero mondo. Anzi, di due mondi.<\/p>\n<p style=\"text-align: justify;\">\u00a0<\/p>\n<p><strong><a href=\"https:\/\/libriamoci.cepell.it\/II\/wp-content\/uploads\/2018\/09\/10-1.jpg\"><img decoding=\"async\" loading=\"lazy\" class=\"alignnone  wp-image-23584\" src=\"https:\/\/libriamoci.cepell.it\/II\/wp-content\/uploads\/2018\/09\/10-1.jpg\" alt=\"\" width=\"177\" height=\"253\" srcset=\"https:\/\/libriamoci.cepell.it\/II\/wp-content\/uploads\/2018\/09\/10-1.jpg 500w, https:\/\/libriamoci.cepell.it\/II\/wp-content\/uploads\/2018\/09\/10-1-210x300.jpg 210w\" sizes=\"(max-width: 177px) 100vw, 177px\" \/><\/a><\/strong><\/p>\n<ul>\n<li style=\"text-align: justify;\"><strong>\u00a0Maldoror. I ragazzi della leggenda<\/strong>, di <a href=\"https:\/\/www.ibs.it\/libri\/autori\/philippe-lechermeier\"><span style=\"color: #ff0000;\">Philippe Lechermeier<\/span><\/a>, L\u2019 Ippocampo, 2023, 368 pp.\u00a0<\/li>\n<\/ul>\n<p style=\"text-align: justify;\">Una melodia suonata da un violino. Poi le pagine sfogliate di un libro, una porta che si apre. E la leggenda di Maldoror si risveglia\u2026 Ai confini di un\u2019Europa sconvolta, mentre infuria la rivoluzione, cinque ragazzi incrociano le proprie strade accomunati da una strana minaccia. Da Vienna a Odessa, da Kiev alle pianure siberiane, vengono inseguiti dalla polizia segreta e braccati da un atamano crudele e tirannico. Legati da un\u2019amicizia e da un destino pi\u00f9 grande di loro, avanzano alla ricerca di un regno scomparso\u2026 il regno di Maldoror. <em>I ragazzi della leggenda<\/em> \u00e8 il primo tomo della trilogia <em>Maldoror<\/em>, un&#8217;epica avventura venata di fantasy e ritmata dalle ammalianti note della musica slava.<\/p>\n<p style=\"text-align: justify;\">\u00a0<\/p>\n<p><a href=\"https:\/\/libriamoci.cepell.it\/II\/wp-content\/uploads\/2018\/09\/11-1.jpg\"><img decoding=\"async\" loading=\"lazy\" class=\"alignnone  wp-image-23585\" src=\"https:\/\/libriamoci.cepell.it\/II\/wp-content\/uploads\/2018\/09\/11-1.jpg\" alt=\"\" width=\"146\" height=\"222\" srcset=\"https:\/\/libriamoci.cepell.it\/II\/wp-content\/uploads\/2018\/09\/11-1.jpg 277w, https:\/\/libriamoci.cepell.it\/II\/wp-content\/uploads\/2018\/09\/11-1-197x300.jpg 197w\" sizes=\"(max-width: 146px) 100vw, 146px\" \/><\/a><\/p>\n<ul>\n<li style=\"text-align: justify;\"><strong><em>\u00a0La signora Lana e il profumo della cioccolata<\/em><\/strong>, di Jutta Richter, Beisler editore, 2022, 144 pp.<\/li>\n<\/ul>\n<p style=\"text-align: justify;\">La vita dei due fratelli Merle e Moritz scorre del tutto normale. Certo, il pap\u00e0 se n\u2019\u00e8 andato tanti anni fa, ma per questo hanno il ricettore del mondo: quando rumoreggia riescono a sentire la sua voce. Finch\u00e9 un giorno la mamma non decide di pubblicare un annuncio: \u00abcerco babysitter per i miei bambini quando ho il turno di notte\u00bb. All&#8217;annuncio risponde nientepopodimeno che la bizzarra Signora Wolkenstein, il cui strambo negozio ingoia i bambini. Ha gli occhi che cambiano colore e sa leggere come per incanto nei pensieri di Merle e Moritz. Da quel momento niente \u00e8 pi\u00f9 uguale a prima. La notte una porta nera li catapulta nel misterioso e ammaliante mondo dell&#8217;Incredibile: un mondo dove regna l&#8217;invisibile ed enigmatica Signora Lana e dove incontrano la saggia volpe Lacrimadargento e i perfidi gnomi Zannappunta. Chiss\u00e0 verso quale sconosciuta meta li condurr\u00e0 la loro strabiliante avventura.<\/p>\n<p>&nbsp;<\/p>\n<p><strong><em><a href=\"https:\/\/libriamoci.cepell.it\/II\/wp-content\/uploads\/2018\/09\/12-1.jpg\"><img decoding=\"async\" loading=\"lazy\" class=\"alignnone  wp-image-23586\" src=\"https:\/\/libriamoci.cepell.it\/II\/wp-content\/uploads\/2018\/09\/12-1.jpg\" alt=\"\" width=\"139\" height=\"194\" srcset=\"https:\/\/libriamoci.cepell.it\/II\/wp-content\/uploads\/2018\/09\/12-1.jpg 301w, https:\/\/libriamoci.cepell.it\/II\/wp-content\/uploads\/2018\/09\/12-1-214x300.jpg 214w\" sizes=\"(max-width: 139px) 100vw, 139px\" \/><\/a><\/em><\/strong><\/p>\n<ul>\n<li style=\"text-align: justify;\"><strong><em>\u00a0I diari di Cerise. Lo zoo di pietra<\/em><\/strong>, di\u00a0<a href=\"https:\/\/www.ibs.it\/libri\/autori\/joris-chamblain\">Joris Chamblain<\/a>\u00a0e\u00a0<a href=\"https:\/\/www.ibs.it\/libri\/autori\/aur%C3%A9lie-neyret\">Aur\u00e9lie Neyret<\/a>, traduzione di\u00a0 <a href=\"https:\/\/www.ibs.it\/libri\/traduttore\/vania-vitali\">Vania Vitali<\/a>, Mondadori, 2021, 80 pp.<\/li>\n<\/ul>\n<p style=\"text-align: justify;\">Cerise ha dieci anni, un sogno \u2013 diventare una scrittrice di romanzi \u2013 e un trucco per riuscire a realizzarlo \u2013 osservare le persone, immaginare la loro vita, i loro segreti. Per incoraggiarla, la mamma le regala un diario e, insieme alle sue due migliori amiche, Cerise allestisce un angolo segreto da cui poter studiare il mondo: una capanna sull&#8217;albero. Ed \u00e8 proprio da lass\u00f9 che un giorno vede uscire dal bosco un uomo tutto ricoperto di pittura colorata. Chi \u00e8 quel Signor Mistero? Come ogni buon detective, Cerise raccoglie indizi che la porteranno di fronte a un muro che taglia a met\u00e0 il bosco. Quello che scoprir\u00e0 vivere l\u00e0 dietro sar\u00e0 un mondo abbandonato, ma meraviglioso; un giardino senza tempo, in attesa di qualcuno che lo riporti in vita. Abbiamo tutti un segreto nascosto in fondo a noi, che non si dice, ma che fa di noi ci\u00f2 che siamo.<\/p>\n<p style=\"text-align: justify;\">\u00a0<\/p>\n<p><a href=\"https:\/\/libriamoci.cepell.it\/II\/wp-content\/uploads\/2018\/09\/13-1.jpg\"><img decoding=\"async\" loading=\"lazy\" class=\"alignnone  wp-image-23587\" src=\"https:\/\/libriamoci.cepell.it\/II\/wp-content\/uploads\/2018\/09\/13-1.jpg\" alt=\"\" width=\"145\" height=\"213\" srcset=\"https:\/\/libriamoci.cepell.it\/II\/wp-content\/uploads\/2018\/09\/13-1.jpg 326w, https:\/\/libriamoci.cepell.it\/II\/wp-content\/uploads\/2018\/09\/13-1-204x300.jpg 204w\" sizes=\"(max-width: 145px) 100vw, 145px\" \/><\/a><\/p>\n<ul>\n<li style=\"text-align: justify;\"><strong><em>Il ragazzo che addestrava i draghi<\/em><\/strong>, di Andy Shepherd, illustrazioni di Sara Ogilvie, traduzione di Manuela Salvi, Gribaudo, 2022, 224 pp.<\/li>\n<\/ul>\n<p style=\"text-align: justify;\">Benvenuti a tutti voi, cacciatori di draghi disperati! Immagino che abbiate scelto questo libro per due ragioni: 1. Avete sentito che alleviamo draghi e volete far parte di questa avventura infuocata. 2. Avete gi\u00e0 il vostro albero di frutti del drago che vi ha sfornato un bel draghetto, ma non avete idea di come gestirlo. Scommetto che sembra tutto cos\u00ec magico, vero? Allevare un drago&#8230; E lo \u00e8, non fraintendetemi. Ma quando si attiva lo sbuffo sputafuoco, \u00e8 come portarsi a spasso un vulcano capriccioso&#8230; Perci\u00f2 procuratevi dei guanti da forno, siate pronti a nascondere i buchi nei pantaloni, e leggete attentamente. Perch\u00e9 sto per raccontarvi cosa significa sul serio vivere con i draghi.<\/p>\n<p style=\"text-align: justify;\">\u00a0<\/p>\n<p><a href=\"https:\/\/libriamoci.cepell.it\/II\/wp-content\/uploads\/2018\/09\/14-1.jpg\"><img decoding=\"async\" loading=\"lazy\" class=\"alignnone  wp-image-23588\" src=\"https:\/\/libriamoci.cepell.it\/II\/wp-content\/uploads\/2018\/09\/14-1.jpg\" alt=\"\" width=\"162\" height=\"240\" srcset=\"https:\/\/libriamoci.cepell.it\/II\/wp-content\/uploads\/2018\/09\/14-1.jpg 316w, https:\/\/libriamoci.cepell.it\/II\/wp-content\/uploads\/2018\/09\/14-1-203x300.jpg 203w\" sizes=\"(max-width: 162px) 100vw, 162px\" \/><\/a><\/p>\n<ul>\n<li style=\"text-align: justify;\"><strong><em>A scuola di magia e altre storie<\/em><\/strong><strong>,<\/strong> di Michael Ende, illustrazioni di <span style=\"color: #ff0000;\"><a style=\"color: #ff0000;\" href=\"https:\/\/www.ibs.it\/search\/?ts=as&amp;query=bernhardt+oberdieck&amp;searchField=Contributors\">Bernhardt Oberdieck<\/a><\/span>, traduzione di <span style=\"color: #ff0000;\"><a style=\"color: #ff0000;\" href=\"https:\/\/www.ibs.it\/libri\/traduttore\/danilo-bramati\">Danilo Bramati<\/a>,\u00a0<a style=\"color: #ff0000;\" href=\"https:\/\/www.ibs.it\/libri\/traduttore\/riccardo-cravero\">Riccardo Cravero<\/a><\/span> e <span style=\"color: #ff0000;\"><a style=\"color: #ff0000;\" href=\"https:\/\/www.ibs.it\/libri\/traduttore\/maria-grazia-galli\">Maria Grazia Galli<\/a><\/span>, Salani, 2019, 192 pp.<\/li>\n<\/ul>\n<p style=\"text-align: justify;\">Sono raccolti in questo volume alcuni tra i pi\u00f9 bei racconti, favole e poesie di Michael Ende: storie in bilico tra la naturalezza del fantastico e il nonsense del quotidiano, percorse da un gusto unico per i paradossi della lingua. Ende ci porta con s\u00e9 nel Regno dei Desideri, dove nelle scuole si insegna a fare magia. Prende bonariamente in giro l&#8217;insistenza dei piccoli, snervanti \u201cchiediperch\u00e9\u201d. Ci confonde con la logica funambolica di Niso e Naso. E infine ci fa scoprire con l&#8217;orsetto Lavabile qual \u00e8 il senso della vita. Nella confusione di valori della nostra epoca, il mondo fantastico di Ende pu\u00f2 essere un piccolo faro nella nebbia, se \u00e8 vero, come sostiene l&#8217;autore, che \u00abquando un uomo perde la capacit\u00e0 di fantasticare, perde anche i suoi valori pi\u00f9 profondi, che \u00e8 invece importante tenere ben presenti nella realt\u00e0, per poter creare e inventare. E se di quando in quando non facciamo un viaggio nella fantasia alla riscoperta dei nostri valori, essi andranno perduti\u00bb.<\/p>\n<p style=\"text-align: justify;\">\u00a0<\/p>\n<p><a href=\"https:\/\/libriamoci.cepell.it\/II\/wp-content\/uploads\/2018\/09\/15-1.jpg\"><img decoding=\"async\" loading=\"lazy\" class=\"alignnone  wp-image-23589\" src=\"https:\/\/libriamoci.cepell.it\/II\/wp-content\/uploads\/2018\/09\/15-1.jpg\" alt=\"\" width=\"199\" height=\"277\" srcset=\"https:\/\/libriamoci.cepell.it\/II\/wp-content\/uploads\/2018\/09\/15-1.jpg 536w, https:\/\/libriamoci.cepell.it\/II\/wp-content\/uploads\/2018\/09\/15-1-215x300.jpg 215w\" sizes=\"(max-width: 199px) 100vw, 199px\" \/><\/a><\/p>\n<ul>\n<li style=\"text-align: justify;\"><strong><em>\u00a0Le guerriere della valle<\/em><\/strong>, di <span style=\"color: #ff0000;\"><a style=\"color: #ff0000;\" href=\"https:\/\/www.ibs.it\/libri\/autori\/jonathan-garnier\">Jonathan Garnier<\/a><\/span>, illustrazioni di <span style=\"color: #ff0000;\"><a style=\"color: #ff0000;\" href=\"https:\/\/www.ibs.it\/search\/?ts=as&amp;query=am%C3%A9lie+fl%C3%A9chais&amp;searchField=Contributors\">Am\u00e9lie Fl\u00e9chais<\/a><\/span>, Tunu\u00e8, 2022, 304 pp.<\/li>\n<\/ul>\n<p style=\"text-align: justify;\">L&#8217;odissea di una giovane eroina in un universo fantasy medievale ispirato alle antiche leggende celtiche. Da dieci anni gli uomini del villaggio se ne sono andati, mobilitati alle armi per combattere la Grande Guerra. La giovane Molly, ormai grande, \u00e8 pronta per allenarsi a entrare nell&#8217;ordine delle Pastorelle Guerriere: un gruppo di donne coraggiose, scelte per proteggere le mandrie e il villaggio. Al suo fianco in questa avventura la capra da combattimento Barbanera e il suo amico Liam.<\/p>\n<p style=\"text-align: justify;\">\u00a0<\/p>\n<p><a href=\"https:\/\/libriamoci.cepell.it\/II\/wp-content\/uploads\/2018\/09\/16-1.jpg\"><img decoding=\"async\" loading=\"lazy\" class=\"alignnone  wp-image-23590\" src=\"https:\/\/libriamoci.cepell.it\/II\/wp-content\/uploads\/2018\/09\/16-1.jpg\" alt=\"\" width=\"161\" height=\"243\" srcset=\"https:\/\/libriamoci.cepell.it\/II\/wp-content\/uploads\/2018\/09\/16-1.jpg 327w, https:\/\/libriamoci.cepell.it\/II\/wp-content\/uploads\/2018\/09\/16-1-199x300.jpg 199w\" sizes=\"(max-width: 161px) 100vw, 161px\" \/><\/a><\/p>\n<ul>\n<li style=\"text-align: justify;\"><strong><em>\u00a0Fairy Oak. Il segreto delle<\/em><\/strong><em> <strong>gemelle<\/strong><\/em> (e tutti i libri della serie), di Elisabetta Gnone, illustrazioni di Alessia Martusciello e Claudio Prati, Salani, 2019, 288 pp.<\/li>\n<\/ul>\n<p style=\"text-align: justify;\">Fairy Oak \u00e8 un villaggio magico e antico nascosto fra le pieghe di un tempo immortale. A volerlo cercare, bisognerebbe viaggiare fra gli altopiani scozzesi e le brughiere normanne, nelle valli fiorite della Bretagna, tra i verdi prati irlandesi e le baie dell&#8217;oceano. Il villaggio \u00e8 abitato da creature magiche e uomini senza poteri, ma \u00e8 difficile distinguere gli uni dagli altri, poich\u00e9 maghi, streghe e cittadini comuni abitano le case di pietra da tanto di quel tempo che ormai nessuno fa pi\u00f9 caso alle reciproche stranezze e tutti si somigliano un po\u2019. A parte le fate, che sono molto piccole, luminose e\u2026 volano. Questa storia \u00e8 raccontata da una di loro e narra l\u2019avventura straordinaria di due sorelle gemelle, Vaniglia e Pervinca.<\/p>\n<p style=\"text-align: justify;\">\u00a0<\/p>\n<p style=\"text-align: justify;\"><strong>Fascia 11-13 anni <\/strong><\/p>\n<p style=\"text-align: justify;\"><strong>\u00a0<\/strong><\/p>\n<p style=\"text-align: justify;\"><strong>\u00a0<\/strong><strong>\u00a0<\/strong><a href=\"https:\/\/libriamoci.cepell.it\/II\/wp-content\/uploads\/2018\/09\/17-1.jpg\"><img decoding=\"async\" loading=\"lazy\" class=\"alignnone  wp-image-23591\" src=\"https:\/\/libriamoci.cepell.it\/II\/wp-content\/uploads\/2018\/09\/17-1.jpg\" alt=\"\" width=\"213\" height=\"304\" srcset=\"https:\/\/libriamoci.cepell.it\/II\/wp-content\/uploads\/2018\/09\/17-1.jpg 536w, https:\/\/libriamoci.cepell.it\/II\/wp-content\/uploads\/2018\/09\/17-1-210x300.jpg 210w\" sizes=\"(max-width: 213px) 100vw, 213px\" \/><\/a><\/p>\n<ul style=\"text-align: justify;\">\n<li><strong><em>Il barone rampante. Romanzo a fumetti<\/em><\/strong> di Italo Calvino, adattato ed illustrato da Sara Colaone, Mondadori, 2023, 144 pp.<\/li>\n<\/ul>\n<p style=\"text-align: justify;\"><strong>\u00a0<\/strong>Cosimo Piovasco di Rond\u00f2, primogenito di una nobile famiglia ligure, ha dodici anni quando, in segno di protesta \u2013 lui le lumache proprio non le vuole mangiare! \u2013, sale su un albero e decide di non scendere pi\u00f9. Dal golfo di Ombrosa fin sulle creste dei monti, rami e fronde coprono tutto lo spazio tra la terra e il cielo, e saltando da un leccio a un carrubo, da un pino a un mandorlo Cosimo vive una vita tutt&#8217;altro che monotona. Anzi, piena di avventure e brulicante di incontri. Conosce la banda dei ladruncoli di frutta, stringe amicizia col bandito Gian dei Brughi, guida un attacco contro i pirati turchi, si innamora di Viola\u2026 Pi\u00f9 inafferrabile di un animale selvatico, per tutta la vita terr\u00e0 fede alla sua incredibile scommessa, e senza mai mettere piede a terra crescer\u00e0 nel corpo pur rimanendo un bambino ribelle nello spirito. Il romanzo pi\u00f9 amato di Italo Calvino per la prima volta in Italia in versione graphic novel: un&#8217;invenzione fantastica nata dallo sguardo e dalla matita incantata di Sara Colaone.<\/p>\n<p style=\"text-align: justify;\"><strong>\u00a0<\/strong><strong>\u00a0<\/strong><\/p>\n<p style=\"text-align: justify;\"><strong>\u00a0<\/strong><strong> <a href=\"https:\/\/libriamoci.cepell.it\/II\/wp-content\/uploads\/2018\/09\/18-1.jpg\"><img decoding=\"async\" loading=\"lazy\" class=\"alignnone  wp-image-23592\" src=\"https:\/\/libriamoci.cepell.it\/II\/wp-content\/uploads\/2018\/09\/18-1.jpg\" alt=\"\" width=\"184\" height=\"256\" srcset=\"https:\/\/libriamoci.cepell.it\/II\/wp-content\/uploads\/2018\/09\/18-1.jpg 400w, https:\/\/libriamoci.cepell.it\/II\/wp-content\/uploads\/2018\/09\/18-1-215x300.jpg 215w\" sizes=\"(max-width: 184px) 100vw, 184px\" \/><\/a><\/strong><\/p>\n<ul>\n<li style=\"text-align: justify;\"><strong>\u00a0<\/strong> <strong>\u00a0<\/strong><strong><em>Teatro di natura<\/em><\/strong> di Michelangelo Setola, Canicola, 2021, 64 pp.<\/li>\n<\/ul>\n<p style=\"text-align: justify;\"><strong>\u00a0<\/strong>\u00abSono Ulisse, ho dodici anni, vivo a Bologna e sono in viaggio verso Roma. Siamo nell\u2019anno 1534. Da qui in avanti vi racconter\u00f2 alcune cose che mi sono successe.\u00bb Avventure per mari e terre lontane, incontri con pellegrini, briganti e corsari efferati. La passione smisurata per ogni forma di vita esistente e la costruzione del suo \u201cteatro di natura\u201d. Ulisse Aldrovandi bambino \u00e8 mosso da un irrefrenabile desiderio di conoscenza, che lo porter\u00e0 a diventare lo studioso del regno naturale stimato in tutto il mondo.<\/p>\n<p style=\"text-align: justify;\">\u00a0<\/p>\n<p style=\"text-align: justify;\"><a href=\"https:\/\/libriamoci.cepell.it\/II\/wp-content\/uploads\/2018\/09\/19-1.jpg\"><img decoding=\"async\" loading=\"lazy\" class=\"alignnone  wp-image-23593\" src=\"https:\/\/libriamoci.cepell.it\/II\/wp-content\/uploads\/2018\/09\/19-1.jpg\" alt=\"\" width=\"141\" height=\"215\" srcset=\"https:\/\/libriamoci.cepell.it\/II\/wp-content\/uploads\/2018\/09\/19-1.jpg 252w, https:\/\/libriamoci.cepell.it\/II\/wp-content\/uploads\/2018\/09\/19-1-196x300.jpg 196w\" sizes=\"(max-width: 141px) 100vw, 141px\" \/><\/a><\/p>\n<ul style=\"text-align: justify;\">\n<li><strong><em>La storia infinita <\/em><\/strong>di Michael Ende, traduzione di Amina Pandolfi, Salani, 2017, 448 pp.<\/li>\n<\/ul>\n<p style=\"text-align: justify;\">Un classico della letteratura per tutte le et\u00e0, che insegna a coltivare i nostri desideri e i nostri sogni, perch\u00e9 \u00e8 sempre meglio credere ed essere considerati folli che non credere ed essere considerati per questo \u00abdelle persone adulte\u00bb\u2026 Bastiano ha una grande passione: leggere. In un giorno di pioggia, inseguito dai bulli, si rifugia in una vecchia libreria dove trova un volume intitolato <em>La storia infinita<\/em>. Bastiano lo prende e ci si immerge, letteralmente: infatti, scopre che proprio lui non \u00e8 solo spettatore delle meravigliose avventure che vi sono narrate, ma ne \u00e8 anche protagonista, chiamato a salvare i destini del mondo incantato di Fant\u00e0sia\u2026<\/p>\n<p style=\"text-align: justify;\">\u00a0<\/p>\n<p style=\"text-align: justify;\"><a href=\"https:\/\/libriamoci.cepell.it\/II\/wp-content\/uploads\/2018\/09\/20-1.jpg\"><img decoding=\"async\" loading=\"lazy\" class=\"alignnone  wp-image-23594\" src=\"https:\/\/libriamoci.cepell.it\/II\/wp-content\/uploads\/2018\/09\/20-1.jpg\" alt=\"\" width=\"176\" height=\"261\" srcset=\"https:\/\/libriamoci.cepell.it\/II\/wp-content\/uploads\/2018\/09\/20-1.jpg 260w, https:\/\/libriamoci.cepell.it\/II\/wp-content\/uploads\/2018\/09\/20-1-203x300.jpg 203w\" sizes=\"(max-width: 176px) 100vw, 176px\" \/><\/a><\/p>\n<ul style=\"text-align: justify;\">\n<li><strong><em>Fidanzati dell\u2019inverno. L\u2019Attraversaspecchi vol. 1<\/em><\/strong> di Christelle Davos, tradotto da Alberto Bracci Testasecca, e\/o edizioni, 2018, 504 pp.<\/li>\n<\/ul>\n<p style=\"text-align: justify;\">In un universo composto da ventuno arche, tante quanti sono i pianeti che orbitano intorno a quella che fu la Terra, vive Ofelia. Originaria dell&#8217;arca \u201cAnima\u201d, \u00e8 una ragazza timida, goffa e un po\u2019 miope ma con due doni particolari: pu\u00f2 attraversare gli specchi e leggere il passato degli oggetti. Lavora come curatrice di un museo finch\u00e9 le Decane della citt\u00e0 decidono di darla in sposa al nobile Thorn, della potente famiglia dei Draghi. Questo significa trasferirsi su un&#8217;altra arca, \u201cPolo\u201d, molto pi\u00f9 fredda e inospitale di \u201cAnima\u201d, abitata da bestie giganti e famiglie sempre in lotta tra loro. Ma per quale scopo \u00e8 stata scelta proprio lei? Tra oggetti capricciosi, illusioni ottiche, mondi galleggianti e lotte di potere, Ofelia scoprir\u00e0 di essere la chiave fondamentale di un enigma da cui potrebbe dipendere il destino del suo mondo.<\/p>\n<p style=\"text-align: justify;\">\u00a0<\/p>\n<p style=\"text-align: justify;\">\u00a0\u00a0<a href=\"https:\/\/libriamoci.cepell.it\/II\/wp-content\/uploads\/2018\/09\/21-1.jpg\"><img decoding=\"async\" loading=\"lazy\" class=\"alignnone  wp-image-23595\" src=\"https:\/\/libriamoci.cepell.it\/II\/wp-content\/uploads\/2018\/09\/21-1.jpg\" alt=\"\" width=\"158\" height=\"239\" srcset=\"https:\/\/libriamoci.cepell.it\/II\/wp-content\/uploads\/2018\/09\/21-1.jpg 254w, https:\/\/libriamoci.cepell.it\/II\/wp-content\/uploads\/2018\/09\/21-1-198x300.jpg 198w\" sizes=\"(max-width: 158px) 100vw, 158px\" \/><\/a><\/p>\n<ul style=\"text-align: justify;\">\n<li><strong><em>La citt\u00e0 dei libri sognanti<\/em><\/strong> di Walter Moers, traduzione di Umberto Gandini, Salani, 2018<\/li>\n<\/ul>\n<p style=\"text-align: justify;\">\u00abQuesta \u00e8 una storia su un luogo in cui leggere \u00e8 ancora un&#8217;avventura. Qui si parla di un luogo dove, a leggere, si rischia d&#8217;impazzire. Dove i libri possono ferire, avvelenare e perfino uccidere. Solo chi, pur di leggere, sia veramente disposto a correre simili rischi, solo chi sia pronto a giocarsi la pelle pur di conoscere la mia storia, mi segua e volti la pagina.\u00bb (Ildefonso de\u2019 Sventramitis) L\u2019ammonimento di Ildefonso de\u2019 Sventramitis la dice lunga su questo nuovo romanzo ambientato a Zamonia. Il famoso dinosauro Poeta, ancora giovane, modesto (pi\u00f9 o meno) e simpatico, ci conduce in un viaggio alla volta di Librolandia, per risolvere il mistero del manoscritto perfetto lasciatogli in eredit\u00e0 dal suo padrino. La leggendaria citt\u00e0 sembra un\u2019immensa libreria antiquaria, ma in realt\u00e0 \u00e8 piena zeppa di pericoli, mostri feroci e libri dotati di vita propria. Qui incontreremo l\u2019alter ego zamoniaco di Lovecraft, ma anche di William Shakespeare, Edgar Allan Poe, Oscar Wilde, Honor\u00e9 de Balzac, Johann Wolfgang von Goethe e tanti altri, e risolveremo il mistero dell&#8217;ispirazione poetica. Tra <em>Blade Runner<\/em>, <em>Fahrenheit 451<\/em> e <em>Matrix<\/em>, un universo bizzarro e geniale che solo una mente come Walter Moers poteva inventare&#8230; un videogame impazzito, frutto di una immaginazione sfrenata e di amore per la letteratura.<\/p>\n<p style=\"text-align: justify;\">\u00a0<\/p>\n<p style=\"text-align: justify;\"><a href=\"https:\/\/libriamoci.cepell.it\/II\/wp-content\/uploads\/2018\/09\/22-1.jpg\"><img decoding=\"async\" loading=\"lazy\" class=\"alignnone  wp-image-23596\" src=\"https:\/\/libriamoci.cepell.it\/II\/wp-content\/uploads\/2018\/09\/22-1.jpg\" alt=\"\" width=\"156\" height=\"242\" srcset=\"https:\/\/libriamoci.cepell.it\/II\/wp-content\/uploads\/2018\/09\/22-1.jpg 536w, https:\/\/libriamoci.cepell.it\/II\/wp-content\/uploads\/2018\/09\/22-1-194x300.jpg 194w\" sizes=\"(max-width: 156px) 100vw, 156px\" \/><\/a><\/p>\n<ul style=\"text-align: justify;\">\n<li><strong><em>Capriole sotto il temporale <\/em><\/strong>di Katherine Rundell, tradotto da Mara Pace, Rizzoli, 2020, 269 pp.<\/li>\n<\/ul>\n<p style=\"text-align: justify;\">Wilhelmina ha una vita libera e felice in Zimbabwe. Con il suo cavallo Shumba e il migliore amico Simon percorre spesso l\u2019immensa distesa del bush. Non va a scuola, mangia con le mani e in tasca ha sempre una fionda. La sua vita cambia all&#8217;improvviso quando \u00e8 costretta a trasferirsi nella fredda Inghilterra: un mondo ostile, dove Will \u00e8 soltanto una selvaggia da addomesticare. Ma \u00e8 possibile cambiare se questo significa tradire se stessi e le proprie radici?<\/p>\n<p style=\"text-align: justify;\"><strong><em>\u00a0<\/em><\/strong><strong><em>\u00a0<\/em><\/strong><strong><em>\u00a0<\/em><\/strong><\/p>\n<p style=\"text-align: justify;\"><strong><em>\u00a0<\/em><\/strong><strong><em> <a href=\"https:\/\/libriamoci.cepell.it\/II\/wp-content\/uploads\/2018\/09\/23-1.jpg\"><img decoding=\"async\" loading=\"lazy\" class=\"alignnone  wp-image-23597\" src=\"https:\/\/libriamoci.cepell.it\/II\/wp-content\/uploads\/2018\/09\/23-1.jpg\" alt=\"\" width=\"194\" height=\"298\" srcset=\"https:\/\/libriamoci.cepell.it\/II\/wp-content\/uploads\/2018\/09\/23-1.jpg 536w, https:\/\/libriamoci.cepell.it\/II\/wp-content\/uploads\/2018\/09\/23-1-195x300.jpg 195w\" sizes=\"(max-width: 194px) 100vw, 194px\" \/><\/a><\/em><\/strong><\/p>\n<ul>\n<li style=\"text-align: justify;\"><strong><em>\u00a0<\/em><\/strong><strong><em>\u00a0<\/em><\/strong><strong><em>Nelle terre selvagge <\/em><\/strong>di Gary Paulsen, traduzione di Paolo Antonio Livorati, Rizzoli, 2021, 182 pp.<\/li>\n<\/ul>\n<p style=\"text-align: justify;\">Mentre \u00e8 in volo per raggiungere il padre, Brian precipita insieme al Cessna 406 sul quale sta viaggiando. Nel giro di pochi istanti il ragazzo si trova perso nel selvaggio Nord con solo i vestiti che indossa e il segreto che nasconde dal giorno del divorzio dei genitori&#8230; Ora Brian non ha pi\u00f9 tempo per la rabbia o l&#8217;autocommiserazione. Tutto quello che sa, e tutto il suo coraggio, gli serviranno per sopravvivere.<\/p>\n<p style=\"text-align: justify;\">\u00a0<\/p>\n<p style=\"text-align: justify;\"><a href=\"https:\/\/libriamoci.cepell.it\/II\/wp-content\/uploads\/2018\/09\/24-1.jpg\"><img decoding=\"async\" loading=\"lazy\" class=\"alignnone  wp-image-23598\" src=\"https:\/\/libriamoci.cepell.it\/II\/wp-content\/uploads\/2018\/09\/24-1.jpg\" alt=\"\" width=\"157\" height=\"221\" srcset=\"https:\/\/libriamoci.cepell.it\/II\/wp-content\/uploads\/2018\/09\/24-1.jpg 536w, https:\/\/libriamoci.cepell.it\/II\/wp-content\/uploads\/2018\/09\/24-1-212x300.jpg 212w\" sizes=\"(max-width: 157px) 100vw, 157px\" \/><\/a><\/p>\n<ul style=\"text-align: justify;\">\n<li><strong><em>Noi siamo tempesta<\/em><\/strong> di Michela Murgia, illustrazioni di The World of Dot, Salani, 2019<\/li>\n<\/ul>\n<p style=\"text-align: justify;\"><strong><em>\u00a0<\/em><\/strong>L&#8217;unione fa la forza o chi fa da s\u00e9 fa per tre? La realt\u00e0 non lascia dubbi: le cose che contano le abbiamo sempre fatte insieme, ma la letteratura continua a restituirci la trama di una massa umana scolorita da cui spiccano solo i singoli eroi. Sventurata \u00e8 la terra che ha bisogno di eroi, scriveva Bertolt Brecht, ma \u00e8 difficile credere che avesse ragione se poi le storie degli eroi sono le prime che sentiamo da bambini, le sole che studiamo da ragazzi e le uniche che ci ispirano da adulti. La figura del campione solitario \u00e8 esaltante, ma non appartiene alla nostra norma: \u00e8 l\u2019eccezione. La vita quotidiana \u00e8 fatta invece di imprese mirabili compiute da persone del tutto comuni che hanno saputo mettersi insieme e fidarsi le une delle altre. \u00c8 cos\u00ec che \u00e8 nata Wikipedia, che \u00e8 stato svelato il codice segreto dei nazisti in guerra e che la lotta al razzismo \u00e8 entrata in tutte le case di chi nel \u201968 guardava le Olimpiadi. Michela Murgia ha scelto sedici avventure collettive famosissime o del tutto sconosciute e le ha raccontate come imprese corali, perch\u00e9 l\u2019eroismo \u00e8 la strada di pochi, ma la collaborazione creativa \u00e8 un superpotere che appartiene a tutti. Una tempesta alla fine sono solo milioni di gocce d\u2019acqua, ma col giusto vento.<\/p>\n<p style=\"text-align: justify;\">\u00a0<\/p>\n<p style=\"text-align: justify;\"><strong>Fascia +14 anni<\/strong><\/p>\n<p style=\"text-align: justify;\">\u00a0<\/p>\n<p><a href=\"https:\/\/libriamoci.cepell.it\/II\/wp-content\/uploads\/2018\/09\/25-1.jpg\"><img decoding=\"async\" loading=\"lazy\" class=\"alignnone  wp-image-23599\" src=\"https:\/\/libriamoci.cepell.it\/II\/wp-content\/uploads\/2018\/09\/25-1.jpg\" alt=\"\" width=\"144\" height=\"214\" srcset=\"https:\/\/libriamoci.cepell.it\/II\/wp-content\/uploads\/2018\/09\/25-1.jpg 244w, https:\/\/libriamoci.cepell.it\/II\/wp-content\/uploads\/2018\/09\/25-1-202x300.jpg 202w\" sizes=\"(max-width: 144px) 100vw, 144px\" \/><\/a><\/p>\n<ul>\n<li style=\"text-align: justify;\"><strong><em>\u00a0<\/em><\/strong> <strong><em>Il grande manca<\/em><\/strong> di Pierdomenico Baccalario, Il Castoro, 2023, 233 pp.<\/li>\n<\/ul>\n<p style=\"text-align: justify;\">A Vittorio, che ha 14 anni, manca Federico, suo fratello in coma per un incidente accaduto in circostanze poco chiare. Nell\u2019incapacit\u00e0 di colmare questa mancanza in altro modo, Vittorio decide di completare, al posto suo, tutte le collezioni di libri e fumetti che il fratello ha lasciato incomplete.<\/p>\n<p style=\"text-align: justify;\">E seguendo ostinatamente le tracce che gli sono rimaste di lui: i quattro migliori amici di Federico, le geografie dei loro ritrovi, i giochi di ruolo e perfino un\u2019anomalia nella materia oscura rilevata dai genitori, entrambi fisici, diventano per Vittorio tracce della presenza di suo fratello. E, nell\u2019approfondire quella figura cos\u00ec cara e cos\u00ec lontana, forse mai davvero conosciuta, scoprir\u00e0 qualcosa anche di s\u00e9.<\/p>\n<p style=\"text-align: justify;\">\u00a0<\/p>\n<p><a href=\"https:\/\/libriamoci.cepell.it\/II\/wp-content\/uploads\/2018\/09\/26.jpg\"><img decoding=\"async\" loading=\"lazy\" class=\"alignnone  wp-image-23600\" src=\"https:\/\/libriamoci.cepell.it\/II\/wp-content\/uploads\/2018\/09\/26.jpg\" alt=\"\" width=\"140\" height=\"203\" srcset=\"https:\/\/libriamoci.cepell.it\/II\/wp-content\/uploads\/2018\/09\/26.jpg 246w, https:\/\/libriamoci.cepell.it\/II\/wp-content\/uploads\/2018\/09\/26-207x300.jpg 207w\" sizes=\"(max-width: 140px) 100vw, 140px\" \/><\/a><\/p>\n<ul style=\"text-align: justify;\">\n<li><strong><em>Le pietre nere<\/em><\/strong> di Guus Kuijer, traduzione di Valentina Freschi, Camelozampa, 2023, 328 p.<\/li>\n<\/ul>\n<p style=\"text-align: justify;\">La torre domina le vite dei cavatori, le loro giornate faticose per costruire con le pietre nere una salita al cielo. Dolon non vede l\u2019ora di esservi ammesso, ma quando si innamora di una ragazza della citt\u00e0 dei commercianti le sue certezze vengono scalfite. Perch\u00e9 cos\u00ec tanti ragazzi precipitano dalla torre, che li chiama a s\u00e9? Qual \u00e8 il vero ruolo del popolo dei commercianti, e chi sono i guardiani, che parlano una lingua sconosciuta, vivono in un mondo a parte eppure sono onnipresenti nei territori dei cavatori e dei commercianti? E soprattutto, come potr\u00e0 proteggere il suo gemello, il sognatore Omar? Un inedito Guus Kuijer in un romanzo Young Adult che si legge d\u2019un fiato, con pagine di pura avventura e atmosfere oscure e incantate. Una lettura che stimola domande attualissime sulla libert\u00e0 e la lotta per conquistarla.<\/p>\n<p style=\"text-align: justify;\">\u00a0<\/p>\n<p style=\"text-align: justify;\"><strong><a href=\"https:\/\/libriamoci.cepell.it\/II\/wp-content\/uploads\/2018\/09\/27-1.jpg\"><img decoding=\"async\" loading=\"lazy\" class=\"alignnone  wp-image-23601\" src=\"https:\/\/libriamoci.cepell.it\/II\/wp-content\/uploads\/2018\/09\/27-1.jpg\" alt=\"\" width=\"143\" height=\"223\" srcset=\"https:\/\/libriamoci.cepell.it\/II\/wp-content\/uploads\/2018\/09\/27-1.jpg 242w, https:\/\/libriamoci.cepell.it\/II\/wp-content\/uploads\/2018\/09\/27-1-192x300.jpg 192w\" sizes=\"(max-width: 143px) 100vw, 143px\" \/><\/a>\u00a0<\/strong><\/p>\n<ul>\n<li>.<strong><em>La scomparsa delle farfalle<\/em><\/strong> di Fabio Geda<strong>, <\/strong>Einaudi, 2023, 252 pp.<\/li>\n<\/ul>\n<p style=\"text-align: justify;\"><strong>\u00a0<\/strong>Anna, Andrea, Cora e Valerio sono compagni di scuola. Assieme studiano, si divertono, sperperano con allegria le giornate. Il perno di queste esistenze \u2013 ancora brevi e gi\u00e0 segnate da perdite e ferite \u2013 \u00e8 il negozio di un anziano rigattiere nei vicoli di Torino, un luogo che diventa una specie di base, talvolta di rifugio. Il tempo, per\u00f2, non regge la richiesta di perfezione, di assoluto, che l\u2019adolescenza pretende. Il desiderio si insinua nel gruppo e lo logora. Andrea, che rispetto agli altri percepisce ogni cosa con intensit\u00e0 maggiore, a poco a poco si isola: a fargli mancare il fiato sono tanto la bellezza impetuosa del presente, quanto il senso di minaccia che arriva dal futuro. Ma nel momento in cui si trover\u00e0 in pericolo i suoi amici, quegli amici unici che solo una certa et\u00e0 ti regala, saranno di nuovo con lui.<\/p>\n<p style=\"text-align: justify;\"><a href=\"https:\/\/libriamoci.cepell.it\/II\/wp-content\/uploads\/2018\/09\/28-1.jpg\"><img decoding=\"async\" loading=\"lazy\" class=\"alignnone  wp-image-23602\" src=\"https:\/\/libriamoci.cepell.it\/II\/wp-content\/uploads\/2018\/09\/28-1.jpg\" alt=\"\" width=\"149\" height=\"221\" srcset=\"https:\/\/libriamoci.cepell.it\/II\/wp-content\/uploads\/2018\/09\/28-1.jpg 241w, https:\/\/libriamoci.cepell.it\/II\/wp-content\/uploads\/2018\/09\/28-1-202x300.jpg 202w\" sizes=\"(max-width: 149px) 100vw, 149px\" \/><\/a><\/p>\n<ul style=\"text-align: justify;\">\n<li><strong><em>Queste oscure materie. La trilogia completa: La bussola d&#8217;oro &#8211; La lama sottile &#8211; Il cannocchiale d&#8217;ambra<\/em><\/strong> di Philip Pullman, traduzione di Marian Astrologo e Alfredo Tudino, Salani, 2008, 1083 pp.<\/li>\n<\/ul>\n<p style=\"text-align: justify;\"><strong>\u00a0<\/strong>Lyra, ragazzina impetuosa, appassionata, onesta e ingenua bugiarda, vive al Jordan College di Oxford. Oxford non \u00e8 lontana da Londra, e Londra \u00e8 in Inghilterra. Ma il mondo di Lyra \u00e8 ben diverso dal nostro. Oltre l&#8217;Oceano c&#8217;\u00e8 l&#8217;America, ma lo stato pi\u00f9 importante di quel continente si chiama Nuova Francia; giganteschi orsi corazzati regnano sull&#8217;Artico; lo studio della natura viene chiamato \u201cteologia sperimentale\u201d. E soprattutto ogni essere umano ha il suo <em>daimon<\/em>: un compagno, una parte di s\u00e9 di sesso opposto al proprio, grazie al quale nessuno deve temere la solitudine. Nel nostro universo vive Will, orgoglioso, sensibile, leale e coraggioso, ma sfuggente come un gatto: i due ragazzi, provenienti da mondi diversi, si incontrano, si scontrano e diventano amici per la pelle.\u00a0Philip Pullman ha dichiarato \u00abA me interessa parlare di temi importanti: la vita, la morte, l&#8217;esistenza di Dio, il libero arbitrio. Il fantastico non \u00e8 fine a s\u00e9 stesso, ma sostiene e d\u00e0 corpo al realismo&#8230; Non abbiamo bisogno di liste di ci\u00f2 che \u00e8 giusto e ci\u00f2 che \u00e8 sbagliato, abbiamo bisogno di libri. \u201cNon devi\u201d \u00e8 presto dimenticato, \u201cC&#8217;era una volta\u201d durer\u00e0 per sempre\u00bb.<\/p>\n<p style=\"text-align: justify;\"><strong>\u00a0<\/strong><\/p>\n<p><a href=\"https:\/\/libriamoci.cepell.it\/II\/wp-content\/uploads\/2018\/09\/29-1.jpg\"><img decoding=\"async\" loading=\"lazy\" class=\"alignnone  wp-image-23603\" src=\"https:\/\/libriamoci.cepell.it\/II\/wp-content\/uploads\/2018\/09\/29-1.jpg\" alt=\"\" width=\"185\" height=\"277\" srcset=\"https:\/\/libriamoci.cepell.it\/II\/wp-content\/uploads\/2018\/09\/29-1.jpg 278w, https:\/\/libriamoci.cepell.it\/II\/wp-content\/uploads\/2018\/09\/29-1-200x300.jpg 200w\" sizes=\"(max-width: 185px) 100vw, 185px\" \/><\/a><\/p>\n<ul style=\"text-align: justify;\">\n<li><strong><em>Goodwill<\/em><\/strong> di Manlio Castagna, Piemme, 2022, 240 pp.<\/li>\n<\/ul>\n<p style=\"text-align: justify;\">Ambrose Goodwill nasce tra i primi coloni dell&#8217;odierna Seattle. Da piccolo si perde nel bosco, e quando torna non \u00e8 pi\u00f9 il ragazzino sorridente e spensierato di prima. Anzi, attorno alla sua presenza inquietante cominciano a succedere incidenti e tragedie che coinvolgono la piccola comunit\u00e0. Tra capi indiani di secolare saggezza, dottori di buon cuore, donne che praticano la stregoneria, la vita di Goodwill prender\u00e0 sempre pi\u00f9 la forma di un\u2019eterna maledizione.<\/p>\n<p style=\"text-align: justify;\"><strong>\u00a0<\/strong><\/p>\n<p style=\"text-align: justify;\"><strong><a href=\"https:\/\/libriamoci.cepell.it\/II\/wp-content\/uploads\/2018\/09\/30-1.jpg\"><img decoding=\"async\" loading=\"lazy\" class=\"alignnone  wp-image-23604\" src=\"https:\/\/libriamoci.cepell.it\/II\/wp-content\/uploads\/2018\/09\/30-1.jpg\" alt=\"\" width=\"139\" height=\"193\" srcset=\"https:\/\/libriamoci.cepell.it\/II\/wp-content\/uploads\/2018\/09\/30-1.jpg 278w, https:\/\/libriamoci.cepell.it\/II\/wp-content\/uploads\/2018\/09\/30-1-217x300.jpg 217w\" sizes=\"(max-width: 139px) 100vw, 139px\" \/><\/a>\u00a0<\/strong><\/p>\n<ul style=\"text-align: justify;\">\n<li><strong><em> L\u2019uomo ricco sono io<\/em><\/strong> di Michela Murgia e Chiara Tagliaferri, Mondadori, 2023, 256 pp.<\/li>\n<\/ul>\n<p style=\"text-align: justify;\">Il denaro \u00e8 il vero tab\u00f9 da violare quando si parla di donne perch\u00e9 \u00e8 il potere pi\u00f9 grande, quindi per definizione \u00e8 stato per anni solo degli uomini. Ma allora perch\u00e9 tutti continuano a consigliare alle donne, oggi come allora, di sposarsi con un uomo ricco? In queste pagine troverete i ritratti di dieci donne alle quali la libert\u00e0 \u00e8 spesso costata cara, ma che non hanno mai smesso di pensare di potersela permettere, perch\u00e9 volere beni propri e volere il proprio bene spesso sono la stessa cosa.<\/p>\n<p style=\"text-align: justify;\">\u00a0<\/p>\n<p><strong><em><a href=\"https:\/\/libriamoci.cepell.it\/II\/wp-content\/uploads\/2018\/09\/31-1.jpg\"><img decoding=\"async\" loading=\"lazy\" class=\"alignnone  wp-image-23605\" src=\"https:\/\/libriamoci.cepell.it\/II\/wp-content\/uploads\/2018\/09\/31-1.jpg\" alt=\"\" width=\"127\" height=\"179\" srcset=\"https:\/\/libriamoci.cepell.it\/II\/wp-content\/uploads\/2018\/09\/31-1.jpg 254w, https:\/\/libriamoci.cepell.it\/II\/wp-content\/uploads\/2018\/09\/31-1-213x300.jpg 213w\" sizes=\"(max-width: 127px) 100vw, 127px\" \/><\/a><\/em><\/strong><\/p>\n<ul style=\"text-align: justify;\">\n<li><strong><em>I solchi del destino<\/em><\/strong> di Paco Roca, traduzione di Diego Fiocco, Tunu\u00e9, 2023, 352 pp. (n. edizione)<\/li>\n<\/ul>\n<p style=\"text-align: justify;\">Porto di Alicante, 28 marzo 1939, pi\u00f9 di 15.000 persone attendono l&#8217;arrivo della nave del loro esilio. Valencia e Cartagena sono cadute. Tutto \u00e8 perduto. Da qui inizia un viaggio da cui si dipanano due registri narrativi differenti: il tempo passato carico di dramma e disperazione, scandito da tavole dalle tonalit\u00e0 cupe del blu, e il tempo presente ambientato in un sud della Francia gremito di personaggi identificabili con l&#8217;artista stesso in cui le linee questa volta si assottigliano e tornano al grado zero del bianco e nero. Paco Roca ricostruisce un pezzo di storia spagnola attingendo ai ricordi di uno dei protagonisti e lo trasforma in un\u2019epopea dal sapore universale in cui i linguaggi dell&#8217;inchiesta e del racconto si mescolano e si rincorrono continuamente.\u00a0<\/p>\n<p>&nbsp;<\/p>\n<p><strong><em><a href=\"https:\/\/libriamoci.cepell.it\/II\/wp-content\/uploads\/2018\/09\/32-1.jpg\"><img decoding=\"async\" loading=\"lazy\" class=\"alignnone  wp-image-23606\" src=\"https:\/\/libriamoci.cepell.it\/II\/wp-content\/uploads\/2018\/09\/32-1.jpg\" alt=\"\" width=\"124\" height=\"187\" srcset=\"https:\/\/libriamoci.cepell.it\/II\/wp-content\/uploads\/2018\/09\/32-1.jpg 249w, https:\/\/libriamoci.cepell.it\/II\/wp-content\/uploads\/2018\/09\/32-1-199x300.jpg 199w\" sizes=\"(max-width: 124px) 100vw, 124px\" \/><\/a><\/em><\/strong><\/p>\n<ul style=\"text-align: justify;\">\n<li><strong><em>Testa di ferro<\/em><\/strong> di Jean-Claude Van Rijckeghem, traduzione di Olga Amagliani, Camelozampa, 2023, 448 pp.<\/li>\n<\/ul>\n<p style=\"text-align: justify;\">Stans ha diciott\u2019anni e la lingua troppo lunga, per essere una ragazza. Il padre \u00e8 un aspirante inventore con problemi di denaro e nella Gand del 1808 una figlia \u00e8 la perfetta merce di scambio. Il destino di Stans sembra segnato. Ma una notte indossa gli abiti del marito, scappa e prende il posto di un coscritto nell\u2019esercito di Napoleone. Nessuno si accorge che quel giovane, coraggioso soldato \u00e8 una ragazza\u2026<\/p>\n<p><strong>\u00a0<\/strong><\/p>\n<p><strong><em>\u00a0<\/em><\/strong><\/p>\n","protected":false},"excerpt":{"rendered":"<p>FILONE TEMATICO 2: Lib(e)ri di sognare Leggere: esiste forse un modo migliore per sognare? Il libro come strumento d\u2019accesso a [&hellip;]<\/p>\n","protected":false},"author":1,"featured_media":23535,"comment_status":"closed","ping_status":"closed","sticky":false,"template":"","format":"standard","meta":{"_links_to":"","_links_to_target":""},"categories":[153],"tags":[14],"acf":[],"_links":{"self":[{"href":"https:\/\/libriamoci.cepell.it\/II\/index.php?rest_route=\/wp\/v2\/posts\/23574"}],"collection":[{"href":"https:\/\/libriamoci.cepell.it\/II\/index.php?rest_route=\/wp\/v2\/posts"}],"about":[{"href":"https:\/\/libriamoci.cepell.it\/II\/index.php?rest_route=\/wp\/v2\/types\/post"}],"author":[{"embeddable":true,"href":"https:\/\/libriamoci.cepell.it\/II\/index.php?rest_route=\/wp\/v2\/users\/1"}],"replies":[{"embeddable":true,"href":"https:\/\/libriamoci.cepell.it\/II\/index.php?rest_route=%2Fwp%2Fv2%2Fcomments&post=23574"}],"version-history":[{"count":3,"href":"https:\/\/libriamoci.cepell.it\/II\/index.php?rest_route=\/wp\/v2\/posts\/23574\/revisions"}],"predecessor-version":[{"id":23617,"href":"https:\/\/libriamoci.cepell.it\/II\/index.php?rest_route=\/wp\/v2\/posts\/23574\/revisions\/23617"}],"wp:featuredmedia":[{"embeddable":true,"href":"https:\/\/libriamoci.cepell.it\/II\/index.php?rest_route=\/wp\/v2\/media\/23535"}],"wp:attachment":[{"href":"https:\/\/libriamoci.cepell.it\/II\/index.php?rest_route=%2Fwp%2Fv2%2Fmedia&parent=23574"}],"wp:term":[{"taxonomy":"category","embeddable":true,"href":"https:\/\/libriamoci.cepell.it\/II\/index.php?rest_route=%2Fwp%2Fv2%2Fcategories&post=23574"},{"taxonomy":"post_tag","embeddable":true,"href":"https:\/\/libriamoci.cepell.it\/II\/index.php?rest_route=%2Fwp%2Fv2%2Ftags&post=23574"}],"curies":[{"name":"wp","href":"https:\/\/api.w.org\/{rel}","templated":true}]}}