{"id":23537,"date":"2023-10-23T08:24:13","date_gmt":"2023-10-23T08:24:13","guid":{"rendered":"https:\/\/libriamoci.cepell.it\/II\/?p=23537"},"modified":"2023-10-23T08:29:46","modified_gmt":"2023-10-23T08:29:46","slug":"bibliografie-libriamoci-2023-liberi-di-conoscere","status":"publish","type":"post","link":"https:\/\/libriamoci.cepell.it\/II\/?p=23537","title":{"rendered":"Bibliografie Libriamoci 2023 &#8220;Lib(e)ri di conoscere&#8221;"},"content":{"rendered":"<p><strong>FILONE TEMATICO 1: Lib(e)ri di conoscere<\/strong><\/p>\n<p style=\"text-align: justify;\"><strong>\u00a0<\/strong>\u00abLeggo per legittima difesa\u00bb, recita una citazione tanto vera quanto celebre. Perch\u00e9 \u00e8 solo leggendo, approfondendo ci\u00f2 che ci circonda, che siamo in grado di emanciparci dallo stato di spettatori per diventare attori consapevoli del nostro presente. \u00c8 a questa prospettiva che guarda <em>Lib(e)ri di conoscere<\/em>, filone tematico particolarmente adatto agli studenti della scuola secondaria in cui il piacere della lettura incontra il mondo dell\u2019informazione. Dalla lettura dei giornali ai reportage dei professionisti del settore, dalla saggistica alla narrativa storica, uno spazio in cui le testimonianze di ieri e di oggi generano riflessioni, promuovono confronti e affinano il pensiero.<\/p>\n<p><strong>Fascia 3-6 anni <\/strong><\/p>\n<p><strong>\u00a0<\/strong><\/p>\n<p><strong><em>\u00a0 \u00a0 \u00a0 \u00a0<a href=\"https:\/\/libriamoci.cepell.it\/II\/wp-content\/uploads\/2018\/09\/1.jpg\"><img decoding=\"async\" loading=\"lazy\" class=\"wp-image-23570 alignnone\" src=\"https:\/\/libriamoci.cepell.it\/II\/wp-content\/uploads\/2018\/09\/1.jpg\" alt=\"\" width=\"166\" height=\"186\" srcset=\"https:\/\/libriamoci.cepell.it\/II\/wp-content\/uploads\/2018\/09\/1.jpg 600w, https:\/\/libriamoci.cepell.it\/II\/wp-content\/uploads\/2018\/09\/1-268x300.jpg 268w\" sizes=\"(max-width: 166px) 100vw, 166px\" \/><\/a><\/em><\/strong><\/p>\n<ul>\n<li style=\"text-align: justify;\"><strong><em>Respirus<\/em><\/strong> di Roberto Prual-Reavis, Sinnos, 2022, 56 pp.<\/li>\n<\/ul>\n<p style=\"text-align: justify;\">Respirus \u00e8 un pesce. Ma forse \u00e8 anche un anfibio. O forse \u00e8 anche un uccello. Trasformandosi, esplora la terra, dagli abissi marini fino alle pi\u00f9 alte vette. Ed esplorando, vede strani esseri e molte cose che bisogna cambiare. E voi siete pronti a cambiare?<\/p>\n<p>&nbsp;<\/p>\n<p><a href=\"https:\/\/libriamoci.cepell.it\/II\/wp-content\/uploads\/2018\/09\/2.jpg\">\u00a0 \u00a0 <img decoding=\"async\" loading=\"lazy\" class=\"wp-image-23538 alignnone\" src=\"https:\/\/libriamoci.cepell.it\/II\/wp-content\/uploads\/2018\/09\/2.jpg\" alt=\"\" width=\"178\" height=\"178\" srcset=\"https:\/\/libriamoci.cepell.it\/II\/wp-content\/uploads\/2018\/09\/2.jpg 200w, https:\/\/libriamoci.cepell.it\/II\/wp-content\/uploads\/2018\/09\/2-150x150.jpg 150w\" sizes=\"(max-width: 178px) 100vw, 178px\" \/><\/a><\/p>\n<ul>\n<li style=\"text-align: justify;\"><strong><em>Un pianeta che cambia <\/em><\/strong>di Jimi Lee, Minedition, 2013, 12 pp.<\/li>\n<\/ul>\n<p style=\"text-align: justify;\">Un lupo di sabbia dorata e una bambina curiosa che fa tante domande. Sono questi i protagonisti di un\u2019amicizia straordinaria ed esclusiva che nasce in riva al mare, dove la bambina vive con i genitori, e si consolida in un rapporto leale fatto di giochi, di sogni, di aspettative, di domande. Sorretta dalla saggezza e dall&#8217;ironia di Lupo Sabbioso, la bambina vince le sue paure, supera le sue incertezze e affronta con coraggio le difficolt\u00e0 del crescere.<\/p>\n<p>&nbsp;<\/p>\n<p>&nbsp;<\/p>\n<p><a href=\"https:\/\/libriamoci.cepell.it\/II\/wp-content\/uploads\/2018\/09\/3.jpg\">\u00a0 <img decoding=\"async\" loading=\"lazy\" class=\"alignnone  wp-image-23539\" src=\"https:\/\/libriamoci.cepell.it\/II\/wp-content\/uploads\/2018\/09\/3.jpg\" alt=\"\" width=\"177\" height=\"223\" srcset=\"https:\/\/libriamoci.cepell.it\/II\/wp-content\/uploads\/2018\/09\/3.jpg 305w, https:\/\/libriamoci.cepell.it\/II\/wp-content\/uploads\/2018\/09\/3-238x300.jpg 238w\" sizes=\"(max-width: 177px) 100vw, 177px\" \/><\/a><\/p>\n<ul>\n<li style=\"text-align: justify;\"><strong><em>Di che colore \u00e8 la libert\u00e0? <\/em><\/strong>di Roberto Piumini, illustrazioni di Giovanni Manni, Mondadori, 2021, 48 pp.<\/li>\n<\/ul>\n<p style=\"text-align: justify;\">Bruno, detto Brubru, \u00e8 un bambino curioso. Osserva dalla finestra le stagioni che cambiano, la Storia che gli scorre davanti, e si fa tante domande: cosa ci fanno tutti quei soldati per le strade? E perch\u00e9 hanno la divisa nera? Perch\u00e9 si combatte? E soprattutto: qual \u00e8 il segreto che i suoi genitori custodiscono? Un albo intriso di realismo e poesia per raccontare la Resistenza ai pi\u00f9 piccoli.<\/p>\n<p style=\"text-align: justify;\">\u00a0<\/p>\n<p><a href=\"https:\/\/libriamoci.cepell.it\/II\/wp-content\/uploads\/2018\/09\/4.jpg\"><img decoding=\"async\" loading=\"lazy\" class=\"alignnone  wp-image-23541\" src=\"https:\/\/libriamoci.cepell.it\/II\/wp-content\/uploads\/2018\/09\/4.jpg\" alt=\"\" width=\"195\" height=\"197\" srcset=\"https:\/\/libriamoci.cepell.it\/II\/wp-content\/uploads\/2018\/09\/4.jpg 380w, https:\/\/libriamoci.cepell.it\/II\/wp-content\/uploads\/2018\/09\/4-296x300.jpg 296w\" sizes=\"(max-width: 195px) 100vw, 195px\" \/><\/a><\/p>\n<ul>\n<li style=\"text-align: justify;\"><strong>Un colore bellissimo <\/strong>di Marco Scalcione, Minibombo, 2018, 48 pp.<\/li>\n<\/ul>\n<p style=\"text-align: justify;\"><strong>Che il colore della pelle cambi da persona a persona \u00e8 un dato di fatto, che il colore della propria pelle non sia esattamente come ce lo si immaginava invece \u00e8 tutta un\u2019altra storia.<\/strong><strong><br \/>\n<\/strong>Una discussione leggera e spensierata per dimostrare che il pi\u00f9 delle volte\u2026 \u00e8 solo una questione di sfumature!<\/p>\n<p>&nbsp;<\/p>\n<p><a href=\"https:\/\/libriamoci.cepell.it\/II\/wp-content\/uploads\/2018\/09\/5.jpg\"><img decoding=\"async\" loading=\"lazy\" class=\"alignnone  wp-image-23542\" src=\"https:\/\/libriamoci.cepell.it\/II\/wp-content\/uploads\/2018\/09\/5.jpg\" alt=\"\" width=\"137\" height=\"166\" srcset=\"https:\/\/libriamoci.cepell.it\/II\/wp-content\/uploads\/2018\/09\/5.jpg 318w, https:\/\/libriamoci.cepell.it\/II\/wp-content\/uploads\/2018\/09\/5-248x300.jpg 248w\" sizes=\"(max-width: 137px) 100vw, 137px\" \/><\/a><\/p>\n<ul>\n<li style=\"text-align: justify;\"><strong><em>Il topo e la montagna <\/em><\/strong>di Antonio Gramsci, illustrazioni di Marco Lorenzetti, Gallucci, 2020, 28 pp.<\/li>\n<\/ul>\n<p style=\"text-align: justify;\">C&#8217;era una volta un topo, che bevve il latte destinato a un bambino. Ma subito se ne pent\u00ec e corse dalla capra per risarcire il piccolo. Ma quella, per dare il latte, aveva bisogno dell\u2019erba. E la campagna dell\u2019acqua. E la fontana delle pietre. E le pietre della montagna. E la montagna degli alberi&#8230; Dalle lettere dal carcere del grande filosofo, un\u2019attualissima favola morale della tradizione sarda.<\/p>\n<p>&nbsp;<\/p>\n<p><strong><em>\u00a0<\/em><\/strong><strong><em><a href=\"https:\/\/libriamoci.cepell.it\/II\/wp-content\/uploads\/2018\/09\/6.jpg\"><img decoding=\"async\" loading=\"lazy\" class=\"alignnone  wp-image-23543\" src=\"https:\/\/libriamoci.cepell.it\/II\/wp-content\/uploads\/2018\/09\/6.jpg\" alt=\"\" width=\"142\" height=\"192\" srcset=\"https:\/\/libriamoci.cepell.it\/II\/wp-content\/uploads\/2018\/09\/6.jpg 444w, https:\/\/libriamoci.cepell.it\/II\/wp-content\/uploads\/2018\/09\/6-222x300.jpg 222w\" sizes=\"(max-width: 142px) 100vw, 142px\" \/><\/a>\u00a0<\/em><\/strong><strong><em>\u00a0<\/em><\/strong><\/p>\n<ul>\n<li style=\"text-align: justify;\"><strong><em>\u00a0<\/em><\/strong><strong><em>C\u2019era una volta e ancora ci sar\u00e0 <\/em><\/strong>di Johanna Shaible, Orecchio Acerbo, 2021, 52 pp.<\/li>\n<\/ul>\n<p style=\"text-align: justify;\"><strong><em>\u00a0<\/em><\/strong>Una fiaba che ci riguarda. Si narra che tutto \u00e8 cominciato miliardi di anni fa quando sul nostro pianeta le terre presero forma tra fuoco e lapilli. Poi arrivarono i dinosauri, poi arrivammo noi, poi le magnifiche costruzioni che fummo in grado di inventare e poi arrivarono le macchine che ci hanno permesso di accorciare le grandi distanze e tenerci pi\u00f9 vicini. E questo \u00e8 successo solo cento anni fa. Poi \u00e8 un correre sempre pi\u00f9 veloce verso l\u2019oggi, con i panorami che cambiano, gli uccelli che migrano, l\u2019autunno alle porte e solo un minuto fa la lucina accanto al letto di un bambino che si \u00e8 spenta. La fiaba pu\u00f2 finire cos\u00ec? No, se quel bambino esprime un desiderio tutto ricomincia di nuovo. Da quella cameretta, partiranno minuto dopo minuto, le giornate prossime, le settimane venture, i mesi e gli anni a venire. Su questo tempo che ancora non c\u2019\u00e8 possiamo solo fantasticare. Un libro con un formato originale che con la sua straordinaria architettura racconta la storia di tutti e interroga sulle storie di ciascuno.<\/p>\n<p>&nbsp;<\/p>\n<p><a href=\"https:\/\/libriamoci.cepell.it\/II\/wp-content\/uploads\/2018\/09\/8.jpg\"><img decoding=\"async\" loading=\"lazy\" class=\"alignnone  wp-image-23545\" src=\"https:\/\/libriamoci.cepell.it\/II\/wp-content\/uploads\/2018\/09\/8.jpg\" alt=\"\" width=\"155\" height=\"155\" srcset=\"https:\/\/libriamoci.cepell.it\/II\/wp-content\/uploads\/2018\/09\/8.jpg 600w, https:\/\/libriamoci.cepell.it\/II\/wp-content\/uploads\/2018\/09\/8-300x300.jpg 300w, https:\/\/libriamoci.cepell.it\/II\/wp-content\/uploads\/2018\/09\/8-150x150.jpg 150w\" sizes=\"(max-width: 155px) 100vw, 155px\" \/><\/a><\/p>\n<ul>\n<li style=\"text-align: justify;\"><strong><em>Fammi una domanda <\/em><\/strong>di Antje Damm, traduzione di Francesca Pamina Ros, Il Leone Verde Edizioni, 2023, 240 pp.<\/li>\n<\/ul>\n<p style=\"text-align: justify;\">118 domande, insolite e provocatorie accompagnate da immagini sorprendenti, per stimolare il pensiero, promuovere il linguaggio e la comprensione del mondo che abitiamo. Un imperdibile classico in una nuova edizione aggiornata e ampliata.<\/p>\n<p style=\"text-align: justify;\">\u00a0<\/p>\n<p><a href=\"https:\/\/libriamoci.cepell.it\/II\/wp-content\/uploads\/2018\/09\/7.jpg\"><img decoding=\"async\" loading=\"lazy\" class=\"alignnone  wp-image-23544\" src=\"https:\/\/libriamoci.cepell.it\/II\/wp-content\/uploads\/2018\/09\/7.jpg\" alt=\"\" width=\"209\" height=\"162\" srcset=\"https:\/\/libriamoci.cepell.it\/II\/wp-content\/uploads\/2018\/09\/7.jpg 785w, https:\/\/libriamoci.cepell.it\/II\/wp-content\/uploads\/2018\/09\/7-300x233.jpg 300w, https:\/\/libriamoci.cepell.it\/II\/wp-content\/uploads\/2018\/09\/7-768x596.jpg 768w\" sizes=\"(max-width: 209px) 100vw, 209px\" \/><\/a><\/p>\n<ul>\n<li style=\"text-align: justify;\"><strong><em>Look Book<\/em><\/strong> di Tana Hoban, a cura di Luca Ganzerla, Camelozampa, 2023, 48 pp.<\/li>\n<\/ul>\n<p style=\"text-align: justify;\"><strong><em>\u00a0<\/em><\/strong>Un albo fotografico senza parole, caratterizzato da una particolare struttura che permette all\u2019autrice di mostrare \u2013 attraverso una sequenza di tre pagine \u2013 lo stesso soggetto in tre modi diversi. Per farlo usa solo due foto e\u2026 un buco. Un libro che \u00e8 diventato il precursore di un genere. Un invito a osservare la realt\u00e0 con uno spirito e una curiosit\u00e0 nuovi, in un gioco di sguardi tra l\u2019occhio del lettore e quello dell\u2019autrice.<\/p>\n<p><strong><em>\u00a0<\/em><\/strong><\/p>\n<p><strong>Fascia 6-10 anni<\/strong><\/p>\n<p><strong><em>\u00a0<\/em><\/strong><\/p>\n<p><strong><em>\u00a0<\/em><\/strong><strong><em><a href=\"https:\/\/libriamoci.cepell.it\/II\/wp-content\/uploads\/2018\/09\/10.jpg\"><img decoding=\"async\" loading=\"lazy\" class=\"alignnone  wp-image-23546\" src=\"https:\/\/libriamoci.cepell.it\/II\/wp-content\/uploads\/2018\/09\/10.jpg\" alt=\"\" width=\"120\" height=\"164\" srcset=\"https:\/\/libriamoci.cepell.it\/II\/wp-content\/uploads\/2018\/09\/10.jpg 304w, https:\/\/libriamoci.cepell.it\/II\/wp-content\/uploads\/2018\/09\/10-219x300.jpg 219w\" sizes=\"(max-width: 120px) 100vw, 120px\" \/><\/a>\u00a0<\/em><\/strong><\/p>\n<ul>\n<li style=\"text-align: justify;\"><strong>\u00a0 <em>Ciao Mondo. Un viaggio tra le culture dei cinque continenti<\/em>, <\/strong>di Miralda Colombo e Alice Lotti, Electa kids, 2018, 95 pp.<\/li>\n<\/ul>\n<p style=\"text-align: justify;\">Pagina dopo pagina lettori grandi e piccoli viaggeranno attraverso venta paesi alla scoperta di usanze antiche, tradizioni e curiosit\u00e0, e impareranno le espressioni tipiche e le \u201cparole magiche\u201d da usare in ogni occasione. Per ogni paese il piccolo lettore imparer\u00e0 alcune informazioni fondamentali come il numero degli abitanti, la bandiera, la lingua nazionale, spaziando poi in quelli che sono i diversi rituali degli incontri e delle presentazioni associati ai gesti e alle azioni: l\u2019inchino, il bacio sulla guancia, la stretta di mano, insieme alle principali e pi\u00f9 comuni espressioni per sapere come salutare, ringraziare, scusarsi.<\/p>\n<p>&nbsp;<\/p>\n<p><a href=\"https:\/\/libriamoci.cepell.it\/II\/wp-content\/uploads\/2018\/09\/11.jpg\"><img decoding=\"async\" loading=\"lazy\" class=\"alignnone  wp-image-23547\" src=\"https:\/\/libriamoci.cepell.it\/II\/wp-content\/uploads\/2018\/09\/11.jpg\" alt=\"\" width=\"127\" height=\"176\" srcset=\"https:\/\/libriamoci.cepell.it\/II\/wp-content\/uploads\/2018\/09\/11.jpg 311w, https:\/\/libriamoci.cepell.it\/II\/wp-content\/uploads\/2018\/09\/11-217x300.jpg 217w\" sizes=\"(max-width: 127px) 100vw, 127px\" \/><\/a><\/p>\n<ul>\n<li><strong>\u00a0\u00a0<em>Non ci sto! I bambini contro l\u2019illegalit\u00e0<\/em><\/strong>, di Anna Sarfatti, illustrazioni di Kalina Muhova, Feltrinelli kids, 2022, 48 pp.<\/li>\n<\/ul>\n<p>Un libro perfetto per parlare di mafia e avvicinare i pi\u00f9 piccoli all&#8217;educazione civica. La riedizione di un libro inserito nella BILL, la biblioteca della legalit\u00e0, che esce in occasione dei trent\u2019anni dalla scomparsa di Falcone e Borsellino. \u00abSe qualcuno ha problemi lo si aiuta, non ci si arrende per un\u2019offesa ricevuta: insieme agli altri, con affetto e intelligenza, solo cos\u00ec si vince la violenza.\u00bb<\/p>\n<p>&nbsp;<\/p>\n<p><a href=\"https:\/\/libriamoci.cepell.it\/II\/wp-content\/uploads\/2018\/09\/12.jpg\"><img decoding=\"async\" loading=\"lazy\" class=\"alignnone  wp-image-23548\" src=\"https:\/\/libriamoci.cepell.it\/II\/wp-content\/uploads\/2018\/09\/12.jpg\" alt=\"\" width=\"154\" height=\"195\" srcset=\"https:\/\/libriamoci.cepell.it\/II\/wp-content\/uploads\/2018\/09\/12.jpg 536w, https:\/\/libriamoci.cepell.it\/II\/wp-content\/uploads\/2018\/09\/12-237x300.jpg 237w\" sizes=\"(max-width: 154px) 100vw, 154px\" \/><\/a><\/p>\n<ul>\n<li style=\"text-align: justify;\">\u00a0 <strong><em>Lo Stato spiegato ai bambini e alle bambine. Un viaggio alla scoperta delle istituzioni italiane<\/em><\/strong>, di Francesca Parmigiani, illustrazioni di Shu Garbuglia, Becco Giallo, 2023, 56 pp.<\/li>\n<\/ul>\n<p style=\"text-align: justify;\">A cosa serve il Parlamento? Di cosa si occupa il Governo? Chi fa rispettare le leggi? Che ruolo ha il Presidente della Repubblica? Una gita a Roma, tra palazzi e monumenti, far\u00e0 scoprire a Piero, a Nilde e ai loro compagni di classe che lo Stato \u00e8 come un\u2019orchestra: perch\u00e9 vi sia armonia serve il contributo di tutti. Per imparare che democrazia fa rima con partecipazione.\u00a0<\/p>\n<p>&nbsp;<\/p>\n<p><a href=\"https:\/\/libriamoci.cepell.it\/II\/wp-content\/uploads\/2018\/09\/13.jpg\"><img decoding=\"async\" loading=\"lazy\" class=\"alignnone  wp-image-23549\" src=\"https:\/\/libriamoci.cepell.it\/II\/wp-content\/uploads\/2018\/09\/13.jpg\" alt=\"\" width=\"166\" height=\"248\" srcset=\"https:\/\/libriamoci.cepell.it\/II\/wp-content\/uploads\/2018\/09\/13.jpg 536w, https:\/\/libriamoci.cepell.it\/II\/wp-content\/uploads\/2018\/09\/13-201x300.jpg 201w\" sizes=\"(max-width: 166px) 100vw, 166px\" \/><\/a><\/p>\n<ul>\n<li style=\"text-align: justify;\"><strong><em>\u00a0L\u2019isola delle regole. Un viaggio tutto in rima alla scoperta dei valori e delle regole della convivenza<\/em><\/strong><strong>, <\/strong>di Anna Sarfatti, Oscar Mondadori, 2021, 48 pp.<\/li>\n<\/ul>\n<p style=\"text-align: justify;\">Sto partendo per un viaggio, un\u2019avventura. Ho con me due bussole importanti: la mia famiglia e i miei insegnanti. Ho anche una mappa che mi aiuter\u00e0 a scoprire tesori molto preziosi che si chiamano uguaglianza, giustizia e libert\u00e0. Saranno per sempre la mia ricchezza, se ricorder\u00f2 le parole delle Regole&#8230;<\/p>\n<p>&nbsp;<\/p>\n<p><a href=\"https:\/\/libriamoci.cepell.it\/II\/wp-content\/uploads\/2018\/09\/14.jpg\"><img decoding=\"async\" loading=\"lazy\" class=\"alignnone  wp-image-23550\" src=\"https:\/\/libriamoci.cepell.it\/II\/wp-content\/uploads\/2018\/09\/14.jpg\" alt=\"\" width=\"158\" height=\"222\" srcset=\"https:\/\/libriamoci.cepell.it\/II\/wp-content\/uploads\/2018\/09\/14.jpg 536w, https:\/\/libriamoci.cepell.it\/II\/wp-content\/uploads\/2018\/09\/14-214x300.jpg 214w\" sizes=\"(max-width: 158px) 100vw, 158px\" \/><\/a><\/p>\n<ul>\n<li style=\"text-align: justify;\"><strong><em>\u00a0La mappa dei diritti<\/em><\/strong>, di Francesca Quartieri, illustrazioni di Francesca Ballarini, Sinnos, 2023, 80 pp.<\/li>\n<\/ul>\n<p style=\"text-align: justify;\">Dopo <em>La Costituzione in tasca<\/em> e <em>La Costituzione degli alberi<\/em>, un nuovo libro per parlare con semplicit\u00e0 e intelligenza di diritti fondamentali e ineludibili. In una fosca giornata di pioggia, Amy, Vittoria, Lorenzo e i loro amici scoprono cosa sono i diritti umani, e come, dietro ogni diritto, ci siano battaglie, impegno, rispetto e nuove idee.<\/p>\n<p>&nbsp;<\/p>\n<p><a href=\"https:\/\/libriamoci.cepell.it\/II\/wp-content\/uploads\/2018\/09\/15.jpg\"><img decoding=\"async\" loading=\"lazy\" class=\"alignnone  wp-image-23551\" src=\"https:\/\/libriamoci.cepell.it\/II\/wp-content\/uploads\/2018\/09\/15.jpg\" alt=\"\" width=\"174\" height=\"232\" srcset=\"https:\/\/libriamoci.cepell.it\/II\/wp-content\/uploads\/2018\/09\/15.jpg 536w, https:\/\/libriamoci.cepell.it\/II\/wp-content\/uploads\/2018\/09\/15-225x300.jpg 225w\" sizes=\"(max-width: 174px) 100vw, 174px\" \/><\/a><\/p>\n<ul>\n<li style=\"text-align: justify;\"><strong><em>\u00a0Consumi. La guida per non farsi incantare<\/em><\/strong><strong>, <\/strong>di <a href=\"https:\/\/www.ibs.it\/libri\/autori\/guillemette-faure\"><span style=\"color: #ff0000;\">Guillemette Faure<\/span>,<\/a>\u00a0illustrazioni di <span style=\"color: #ff0000;\"><a style=\"color: #ff0000;\" href=\"https:\/\/www.ibs.it\/libri\/autori\/adrienne-barman\">Adrienne Barman<\/a><\/span>, traduzione di Lorena Cosimi, Il Barbagianni editore, 2021, 48 pp.<\/li>\n<\/ul>\n<p style=\"text-align: justify;\">Quattro ragazzini si interrogano sulle loro abitudini di consumo: perch\u00e9 hanno acquistato cos\u00ec tante cose superflue? Con l&#8217;aiuto di un anziano negoziante, scopriranno tutti i trucchi che hanno portato quei prodotti nelle loro case, e capiranno che tutto passa di moda, che la pubblicit\u00e0 \u00e8 ovunque, che esistono prezzi che incantano e che completare un album di figurine costa molto pi\u00f9 di quanto potessero immaginare. Un albo a fumetti che insegna a muoversi in modo consapevole nel mondo dei consumi, con 22 \u201cdritte\u201d per non farsi incantare.<\/p>\n<p>&nbsp;<\/p>\n<p><a href=\"https:\/\/libriamoci.cepell.it\/II\/wp-content\/uploads\/2018\/09\/16.jpg\"><img decoding=\"async\" loading=\"lazy\" class=\"alignnone  wp-image-23552\" src=\"https:\/\/libriamoci.cepell.it\/II\/wp-content\/uploads\/2018\/09\/16.jpg\" alt=\"\" width=\"180\" height=\"235\" srcset=\"https:\/\/libriamoci.cepell.it\/II\/wp-content\/uploads\/2018\/09\/16.jpg 536w, https:\/\/libriamoci.cepell.it\/II\/wp-content\/uploads\/2018\/09\/16-230x300.jpg 230w\" sizes=\"(max-width: 180px) 100vw, 180px\" \/><\/a><\/p>\n<ul>\n<li style=\"text-align: justify;\"><strong><em>\u00a0Che idea! Le invenzioni che hanno cambiato il mondo<\/em><\/strong><strong>, <\/strong>di Christian Hill, traduzione di Giuseppe Ferrario, Edizioni EL, 2017, 147 pp.<\/li>\n<\/ul>\n<p style=\"text-align: justify;\">E se il riscaldamento centralizzato fosse stato inventato per proteggere dal freddo un allevamento di pesci? E se la matita moderna fosse stata sviluppata in Francia solo per far dispetto all&#8217;Inghilterra? E se il forno a microonde dovesse i suoi natali alla golosit\u00e0 di un ingegnere specializzato nello sviluppo dei sistemi radar? Cosa porta la mente umana a trovare un&#8217;idea? Quella giusta, quella vincente, quella che cambier\u00e0 la vita di milioni di persone? Scopriamo le circostanze che hanno portato 18 inventori della Storia ad avere proprio quell\u2019Idea. Cosa stavano facendo, cosa stavano pensando, cosa stavano dicendo in quel fatidico momento quando nel loro cervello scocc\u00f2 la scintilla che avrebbe cambiato tutto? Spaziando lungo un percorso di pi\u00f9 di duemila anni vediamo, tra le altre cose, come sono stati ideati il primo computer, il telefono, la radio, ma anche il treno, la bicicletta, l&#8217;automobile e molto altro.<\/p>\n<p>&nbsp;<\/p>\n<p><a href=\"https:\/\/libriamoci.cepell.it\/II\/wp-content\/uploads\/2018\/09\/17.jpg\"><img decoding=\"async\" loading=\"lazy\" class=\"alignnone  wp-image-23553\" src=\"https:\/\/libriamoci.cepell.it\/II\/wp-content\/uploads\/2018\/09\/17.jpg\" alt=\"\" width=\"162\" height=\"211\" \/><\/a><\/p>\n<ul>\n<li style=\"text-align: justify;\"><strong><em>\u00a0 Come diventare un esploratore del mondo<\/em><\/strong>, di Keri Smith, Corraini edizioni, 2011, 208 pp.<\/li>\n<\/ul>\n<p style=\"text-align: justify;\">\u00abQuesto libro \u00e8 iniziato con una lista scritta una notte in cui non riuscivo a dormire&#8230;\u00bb Cos\u00ec si apre <em>Come diventare un esploratore del mondo<\/em>, un quaderno di appunti e suggerimenti per documentare e osservare il mondo che ci sta attorno come se non l\u2019avessimo mai visto prima. Una raccolta di idee ispirate dai grandi pensatori e artisti della nostra epoca che Keri Smith reinterpreta e mette in pratica attraverso un racconto fatto di illustrazioni e fotografie.<\/p>\n<p>&nbsp;<\/p>\n<p><strong>\u00a0<\/strong><strong>Fascia 11-13 anni<\/strong><\/p>\n<p>&nbsp;<\/p>\n<p>&nbsp;<\/p>\n<p><a href=\"https:\/\/libriamoci.cepell.it\/II\/wp-content\/uploads\/2018\/09\/18.jpg\"><img decoding=\"async\" loading=\"lazy\" class=\"alignnone  wp-image-23554\" src=\"https:\/\/libriamoci.cepell.it\/II\/wp-content\/uploads\/2018\/09\/18-768x1024.jpg\" alt=\"\" width=\"140\" height=\"187\" srcset=\"https:\/\/libriamoci.cepell.it\/II\/wp-content\/uploads\/2018\/09\/18-768x1025.jpg 768w, https:\/\/libriamoci.cepell.it\/II\/wp-content\/uploads\/2018\/09\/18-225x300.jpg 225w, https:\/\/libriamoci.cepell.it\/II\/wp-content\/uploads\/2018\/09\/18-1151x1536.jpg 1151w, https:\/\/libriamoci.cepell.it\/II\/wp-content\/uploads\/2018\/09\/18-1535x2048.jpg 1535w, https:\/\/libriamoci.cepell.it\/II\/wp-content\/uploads\/2018\/09\/18.jpg 1919w\" sizes=\"(max-width: 140px) 100vw, 140px\" \/><\/a><\/p>\n<ul>\n<li style=\"text-align: justify;\"><strong><em>L\u2019Approdo<\/em><\/strong> di Shaun Tan, Tunu\u00e9, 2016, 128 pp.<\/li>\n<\/ul>\n<p style=\"text-align: justify;\">Una storia di migranti raccontata da immagini senza parole che sembrano arrivare da un tempo ormai dimenticato. Un uomo lascia sua moglie e suo figlio in una citt\u00e0 povera, alla ricerca di un futuro migliore, e parte alla volta di un paese sconosciuto al di l\u00e0 di un vasto oceano. Alla fine del viaggio si ritrova in un\u2019assurda citt\u00e0 a fare i conti con usanze astruse, un linguaggio indecifrabile, animali incredibili e curiosi oggetti volanti. Con solo una valigia e qualche spicciolo in tasca, l\u2019immigrato dovr\u00e0 trovare un posto dove stare, cibo da mettere sotto i denti e qualche tipo di lavoro retribuito. Ad aiutarlo nelle difficolt\u00e0 ci saranno dei simpatici sconosciuti, ognuno con la propria storia mai raccontata. Storie di lotta e sopravvivenza in un mondo di violenza incomprensibile, agitazione e speranza.<\/p>\n<p>&nbsp;<\/p>\n<p><a href=\"https:\/\/libriamoci.cepell.it\/II\/wp-content\/uploads\/2018\/09\/19.jpg\"><img decoding=\"async\" loading=\"lazy\" class=\"alignnone  wp-image-23555\" src=\"https:\/\/libriamoci.cepell.it\/II\/wp-content\/uploads\/2018\/09\/19.jpg\" alt=\"\" width=\"130\" height=\"183\" srcset=\"https:\/\/libriamoci.cepell.it\/II\/wp-content\/uploads\/2018\/09\/19.jpg 274w, https:\/\/libriamoci.cepell.it\/II\/wp-content\/uploads\/2018\/09\/19-214x300.jpg 214w\" sizes=\"(max-width: 130px) 100vw, 130px\" \/><\/a><\/p>\n<ul>\n<li style=\"text-align: justify;\"><strong><em>Persepolis<\/em><\/strong> di Marjane Satrapi, traduzione di Cristina Sparagna e Gianluigi Gasparini, Rizzoli Lizard, 2013, 354 pp.<\/li>\n<\/ul>\n<p style=\"text-align: justify;\">\u00c8 il 2000 e in Francia sta per scoppiare il caso editoriale del decennio: il fumetto di una giovane autrice iraniana invade le librerie e, con un clamoroso effetto domino, conquista in breve tempo il mercato mondiale. Persepolis \u00e8 il racconto irriverente e appassionante della vita a Teheran di Marjane, dall\u2019infanzia fino all\u2019et\u00e0 adulta. Lo sfondo \u00e8 la Storia di un Paese in rivolta, lacerato da conflitti e contraddizioni: le stesse che tormentano Marjane, innamorata e stanca dell\u2019Iran, attratta dall\u2019Europa ma incapace di tagliare i ponti con la sua terra d\u2019origine. Un intenso rapporto di odio-amore che, ancora oggi, commuove e diverte lettrici e lettori di tutte le et\u00e0 in ogni angolo del pianeta.<\/p>\n<p>&nbsp;<\/p>\n<p><a href=\"https:\/\/libriamoci.cepell.it\/II\/wp-content\/uploads\/2018\/09\/20.jpg\"><img decoding=\"async\" loading=\"lazy\" class=\"alignnone  wp-image-23556\" src=\"https:\/\/libriamoci.cepell.it\/II\/wp-content\/uploads\/2018\/09\/20.jpg\" alt=\"\" width=\"181\" height=\"268\" srcset=\"https:\/\/libriamoci.cepell.it\/II\/wp-content\/uploads\/2018\/09\/20.jpg 364w, https:\/\/libriamoci.cepell.it\/II\/wp-content\/uploads\/2018\/09\/20-203x300.jpg 203w\" sizes=\"(max-width: 181px) 100vw, 181px\" \/><\/a><\/p>\n<ul>\n<li style=\"text-align: justify;\"><strong><em>Il Signor Conchiglia<\/em><\/strong> di Gianluca Caporaso, Salani, 2023, 144 pp.<\/li>\n<\/ul>\n<p style=\"text-align: justify;\">\u00abLa mattina del 3 settembre 2015, su una spiaggia turca nei pressi di Bodrum, il mare deposit\u00f2 il corpo di un bambino che si chiamava Alan Kurdi. Aveva tre anni ed era naufragato mentre era in viaggio con la sua famiglia. Cercavano un posto nel mondo che potesse diventare la loro nuova casa. Di quel corpo poggiato sul bagnasciuga la giornalista turca Nilufer Demir scatt\u00f2 una fotografia che \u00e8 entrata nella vita di tutti noi. Le parole di questo racconto entrano in quella foto per incontrare Alan e portargli una carezza, toglierlo da quel bagnasciuga dove dorme freddo, restituirgli qualche sogno ancora da sognare. Entrano in quella foto per rimetterlo dove le vie dei sogni correvano, avrebbero dovuto correre: nel mare\u00bb. Gianluca Caporaso, con la sua grazia ha trasformato Alan in un personaggio immortale, mitologico, che viaggia per terre lontane e abissi incantati, in una fiaba poetica e avventurosa che tocca con dolcezza le corde pi\u00f9 profonde di grandi e piccoli, e nelle parole trova la salvezza e la speranza che quella foto sembrava averci tolto. Un piccolo libro manifesto, portatore di pace.<\/p>\n<p>&nbsp;<\/p>\n<p><a href=\"https:\/\/libriamoci.cepell.it\/II\/wp-content\/uploads\/2018\/09\/21.jpg\"><img decoding=\"async\" loading=\"lazy\" class=\"alignnone  wp-image-23557\" src=\"https:\/\/libriamoci.cepell.it\/II\/wp-content\/uploads\/2018\/09\/21.jpg\" alt=\"\" width=\"169\" height=\"251\" srcset=\"https:\/\/libriamoci.cepell.it\/II\/wp-content\/uploads\/2018\/09\/21.jpg 270w, https:\/\/libriamoci.cepell.it\/II\/wp-content\/uploads\/2018\/09\/21-203x300.jpg 203w\" sizes=\"(max-width: 169px) 100vw, 169px\" \/><\/a><\/p>\n<ul>\n<li style=\"text-align: justify;\"><strong><em>La tigre in vetrina<\/em><\/strong> di Alki Zei, traduzione di M. Aboaf Loorenzi, Salani, 2018, 200 pp.<\/li>\n<\/ul>\n<p style=\"text-align: justify;\">Siamo in Grecia, nell&#8217;estate del \u201936. Le due protagoniste, le sorelline Melissa e Myrto, sono piccole e affamate di storie. E le storie arrivano da tutte le parti: dal nonno studioso di \u201cantichi\u201d, che racconta le affascinanti leggende dei classici greci, e dal cugino Nikos, politicamente impegnato, che affida alle fauci di una tigre impagliata enigmatici messaggi segreti carichi di mistero e suggestione. L&#8217;avvento della feroce dittatura di Metaxas, il duro clima politico di quegli anni, mette fine all&#8217;atmosfera magica di giochi, di modi di dire familiari, di stralci di storie sentite e finisce per raffigurare un\u2019allegoria della storia contemporanea, dei rapporti tra la Spagna franchista e la dittatura greca, destinata a coinvolgere pericolosamente anche le due bambine.<\/p>\n<p>&nbsp;<\/p>\n<p><a href=\"https:\/\/libriamoci.cepell.it\/II\/wp-content\/uploads\/2018\/09\/22.jpg\"><img decoding=\"async\" loading=\"lazy\" class=\"alignnone  wp-image-23558\" src=\"https:\/\/libriamoci.cepell.it\/II\/wp-content\/uploads\/2018\/09\/22.jpg\" alt=\"\" width=\"162\" height=\"242\" srcset=\"https:\/\/libriamoci.cepell.it\/II\/wp-content\/uploads\/2018\/09\/22.jpg 536w, https:\/\/libriamoci.cepell.it\/II\/wp-content\/uploads\/2018\/09\/22-201x300.jpg 201w\" sizes=\"(max-width: 162px) 100vw, 162px\" \/><\/a><\/p>\n<ul>\n<li style=\"text-align: justify;\"><strong><em> Per un uso consapevole della rete<\/em><\/strong> di Carlotta Cubeddu, Einaudi Ragazzi, 2023, 128 pp.<\/li>\n<\/ul>\n<p style=\"text-align: justify;\">Attraverso la coinvolgente descrizione di alcuni famosissimi esperimenti di psicologia Carlotta Cubeddu propone delle illuminanti riflessioni su come viviamo nel mondo virtuale e nel mondo reale. Che cosa accade nella tua testa quando giochi a un videogioco o chatti con gli amici? Hai mai pensato, quando frequenti i social, che proprio non capisci perch\u00e9 la gente fa certe cose? Sapevi che i tuoi stati d\u2019animo possono essere manipolati senza che tu te ne accorga? Attraverso la coinvolgente descrizione di alcuni famosissimi esperimenti di psicologia, questo libro ti aiuter\u00e0 a riflettere su di te e sugli altri, su come vivi nel mondo virtuale&#8230; e in quello reale. Un libro di saggistica per bambini dagli 11 anni: social, cyberbullismo, realt\u00e0 virtuale, ma anche felicit\u00e0, consapevolezza, realizzazione. Un libro per capire l\u2019impatto della rete sulle nostre vite, dedicato alle ragazze e ai ragazzi che usano la tecnologia, i social e vorrebbero capire di pi\u00f9 se stessi e gli altri.<\/p>\n<p>&nbsp;<\/p>\n<p><a href=\"https:\/\/libriamoci.cepell.it\/II\/wp-content\/uploads\/2018\/09\/23.jpg\"><img decoding=\"async\" loading=\"lazy\" class=\"alignnone  wp-image-23559\" src=\"https:\/\/libriamoci.cepell.it\/II\/wp-content\/uploads\/2018\/09\/23.jpg\" alt=\"\" width=\"203\" height=\"312\" srcset=\"https:\/\/libriamoci.cepell.it\/II\/wp-content\/uploads\/2018\/09\/23.jpg 424w, https:\/\/libriamoci.cepell.it\/II\/wp-content\/uploads\/2018\/09\/23-195x300.jpg 195w\" sizes=\"(max-width: 203px) 100vw, 203px\" \/><\/a><\/p>\n<ul>\n<li style=\"text-align: justify;\"><strong><em>Se pianto un albero posso mangiare una bistecca? Guida scientifica per un ambientalismo consapevole<\/em><\/strong> di Giacomo Moro Mauretto, Mondadori, 2023, 240 pp.<\/li>\n<\/ul>\n<p style=\"text-align: justify;\"><strong>\u00a0<\/strong>Emetto pi\u00f9 CO2 se mangio carne bovina biologica, polli da allevamento intensivo, frutti di mare o un trancio di pesce spada? \u00c8 davvero utile adottare alveari di api o finanziare aziende o associazioni che piantano alberi in giro per il mondo? Ogni giorno la nostra vita \u00e8 riempita da una serie di dilemmi etici e morali che assomigliano molto a queste domande. Ormai, infatti, abbiamo tutti gli strumenti per capire che ogni nostro comportamento produce un impatto sul pianeta. Eppure, nonostante questa consapevolezza, spesso ci sentiamo impotenti di fronte ai mille problemi che la crisi ambientale ci pone di fronte quotidianamente. \u00c8 difficile capire quale delle possibili soluzioni sia la migliore e cos\u00ec anche la nostra buona volont\u00e0 di azione ne viene minata. Giacomo Moro Mauretto con questo libro chiaro e accurato ci aiuta a superare proprio tale sensazione di impotenza, grazie a un approccio scientifico rigoroso, privo di ogni ideologia e basato sui fatti. Dobbiamo inquadrare i problemi ambientali con pragmatismo: cosa possiamo fare affinch\u00e9 le nostre azioni, a parit\u00e0 di condizioni, risultino le migliori possibili per il pianeta? Le nostre risorse e il nostro tempo sono limitati e vanno utilizzati al meglio. Il libro ci racconta proprio quali sono i problemi ecologici pi\u00f9 importanti, quali sono le cause che contribuiscono maggiormente alla crisi ambientale e quali sono le azioni pi\u00f9 utili per contrastarla. Il rischio, altrimenti, \u00e8 di focalizzarsi su pratiche inutili o persino deleterie. E sprecare una grande quantit\u00e0 di risorse e di tempo, avendo la sensazione di aver fatto abbastanza, \u00e8 un errore che oggi non ci possiamo permettere.<\/p>\n<p><strong>\u00a0<\/strong><\/p>\n<p><strong>\u00a0<\/strong><strong>\u00a0<\/strong><strong><a href=\"https:\/\/libriamoci.cepell.it\/II\/wp-content\/uploads\/2018\/09\/24.jpg\"><img decoding=\"async\" loading=\"lazy\" class=\"alignnone  wp-image-23560\" src=\"https:\/\/libriamoci.cepell.it\/II\/wp-content\/uploads\/2018\/09\/24.jpg\" alt=\"\" width=\"229\" height=\"319\" srcset=\"https:\/\/libriamoci.cepell.it\/II\/wp-content\/uploads\/2018\/09\/24.jpg 536w, https:\/\/libriamoci.cepell.it\/II\/wp-content\/uploads\/2018\/09\/24-215x300.jpg 215w\" sizes=\"(max-width: 229px) 100vw, 229px\" \/><\/a>\u00a0<\/strong><\/p>\n<ul>\n<li style=\"text-align: justify;\"><strong><em>Il mare nostro. Cronache da una nave che fa la differenza <\/em><\/strong>di Alessandro Porro e Marco Magnone, illustrazioni di Irene Fioretti, Piemme 2022, 200 pp.<\/li>\n<\/ul>\n<p style=\"text-align: justify;\"><strong><em>\u00a0<\/em><\/strong>Alessandro Porro aveva una vita normale fino a quando non si \u00e8 imbattuto nella fotografia di una barca di naufraghi nel Mediterraneo durante la loro fuga verso l&#8217;Europa. Da quel momento la sua vita \u00e8 cambiata, e da anni pattuglia i mari con le navi di SOS M\u00e9diterran\u00e9e alla ricerca di persone da salvare. In questo libro il racconto dell&#8217;esperienza di soccorso in mare vissuta da Alessandro e dal suo equipaggio si alterna alla storia di Fathia e Muneer, due ragazzini che dopo essere sfuggiti a un eccidio per mano dell\u2019Isis decidono di tentare la sorte e imbarcarsi per l&#8217;Europa.<\/p>\n<p><strong><em>\u00a0<\/em><\/strong><\/p>\n<p><strong><em>\u00a0<\/em><\/strong><strong><em>\u00a0<\/em><\/strong><strong><em> <a href=\"https:\/\/libriamoci.cepell.it\/II\/wp-content\/uploads\/2018\/09\/25.jpg\"><img decoding=\"async\" loading=\"lazy\" class=\"alignnone  wp-image-23561\" src=\"https:\/\/libriamoci.cepell.it\/II\/wp-content\/uploads\/2018\/09\/25.jpg\" alt=\"\" width=\"209\" height=\"299\" srcset=\"https:\/\/libriamoci.cepell.it\/II\/wp-content\/uploads\/2018\/09\/25.jpg 536w, https:\/\/libriamoci.cepell.it\/II\/wp-content\/uploads\/2018\/09\/25-210x300.jpg 210w\" sizes=\"(max-width: 209px) 100vw, 209px\" \/><\/a><\/em><\/strong><\/p>\n<ul>\n<li style=\"text-align: justify;\"><strong><em>\u00a0<\/em><\/strong><strong><em>\u00a0<\/em><\/strong><strong><em>A piedi<\/em><\/strong> di Paolo Rumiz, illustrazioni di Alessandro Baronciani, Feltrinelli, 2021, 128 pp.<\/li>\n<\/ul>\n<p style=\"text-align: justify;\"><strong><em>\u00a0<\/em><\/strong>\u00abUn mattino di settembre presi il sacco e uscii di casa senza voltarmi indietro. La mia meta stava a sud, un sud cos\u00ec perfettamente astronomico che sarebbe bastata la bussola a raggiungerlo.\u00bb Sette giorni per arrivare da Trieste a Capo Promontore, la punta dell&#8217;Istria, raccontati ai giovani lettori letteralmente passo dopo passo da un camminatore d&#8217;eccezione: Paolo Rumiz. Una narrazione che apre finestre su molti temi: le frontiere da attraversare, i confini che cambiano, la guerra dei Balcani, gli animali selvatici che si incontrano, l\u2019orientamento con le stelle, le mappe. Ma soprattutto una riflessione sull\u2019importanza di camminare: esercizio che abbiamo dimenticato, sostituendo sempre pi\u00f9 spesso i viaggi virtuali a quelli reali.<\/p>\n<p><strong><em>\u00a0<\/em><\/strong><\/p>\n<p><strong>\u00a0<\/strong><strong>\u00a0<\/strong><strong>Fascia +14 anni<\/strong><\/p>\n<p><strong>\u00a0<\/strong><\/p>\n<p><strong>\u00a0<\/strong><strong><a href=\"https:\/\/libriamoci.cepell.it\/II\/wp-content\/uploads\/2018\/09\/26.png\"><img decoding=\"async\" loading=\"lazy\" class=\"alignnone  wp-image-23562\" src=\"https:\/\/libriamoci.cepell.it\/II\/wp-content\/uploads\/2018\/09\/26.png\" alt=\"\" width=\"124\" height=\"175\" \/><\/a>\u00a0<\/strong><\/p>\n<ul>\n<li style=\"text-align: justify;\"><strong><em>Donna, vita, libert\u00e0. Avere vent&#8217;anni in Iran e morire per i diritti delle donne<\/em><\/strong> di Marjane Satrapi, Perrin Jean-Pierre Perrin, Farid Vahid, traduzione di Lara Pollero, Rizzoli Lizard, 2023, 272 pp.<\/li>\n<\/ul>\n<p style=\"text-align: justify;\">Il 16 settembre 2022, Mahsa Amini muore in seguito al pestaggio subito dalla polizia morale perch\u00e9 non indossava \u201ccorrettamente\u201d il velo. La sua morte scatena in tutto l\u2019Iran un\u2019ondata di protesta che d\u00e0 vita a un movimento femminista senza precedenti. Marjane Satrapi ha riunito tre esperti, il politologo Farid Vahid, il reporter Jean-Pierre Perrin, lo storico Abbas Milani, e alcuni tra i pi\u00f9 grandi talenti del mondo del fumetto per raccontare un evento che ha segnato la storia dell\u2019Iran e quella di noi tutte e tutti.<\/p>\n<p>&nbsp;<\/p>\n<p><em><a href=\"https:\/\/libriamoci.cepell.it\/II\/wp-content\/uploads\/2018\/09\/27.jpg\"><img decoding=\"async\" loading=\"lazy\" class=\"alignnone  wp-image-23563\" src=\"https:\/\/libriamoci.cepell.it\/II\/wp-content\/uploads\/2018\/09\/27.jpg\" alt=\"\" width=\"186\" height=\"286\" srcset=\"https:\/\/libriamoci.cepell.it\/II\/wp-content\/uploads\/2018\/09\/27.jpg 287w, https:\/\/libriamoci.cepell.it\/II\/wp-content\/uploads\/2018\/09\/27-195x300.jpg 195w\" sizes=\"(max-width: 186px) 100vw, 186px\" \/><\/a>\u00a0<\/em><em>\u00a0<\/em><em>\u00a0<\/em><\/p>\n<ul>\n<li style=\"text-align: justify;\"><em>\u00a0<\/em><strong><em>In cerca di giorni felici. Diario di un&#8217;adolescente ad Auschwitz<\/em><\/strong> di Ana Novac, traduzione di Francesco Saba Sardi, Mondadori, 2023, 247 pp.<\/li>\n<\/ul>\n<p style=\"text-align: justify;\"><em>\u00a0<\/em>Ana Novac ha quattordici anni quando viene arrestata e deportata ad Auschwitz, nel 1944. La sua colpa \u00e8 una sola: essere ebrea. Nonostante le condizioni di vita disumane all&#8217;interno del campo, non perde le speranze e trova la forza di continuare a scrivere il suo diario ovunque le capiti, che sia un pezzo di carta o una foglia avvizzita di cavolo. In queste pagine Ana ci racconta come viveva con le sue compagne, giorno per giorno, tra piccole gelosie, amicizie profonde e il sogno di libert\u00e0 che le teneva sveglie durante le lunghe notti di prigionia. Animato da un&#8217;incredibile \u201crabbia di vivere\u201d e dallo sguardo ironico e impietoso tipico di un\u2019adolescente, il diario diventa per lei una ragione di vita e per noi, oggi, una preziosa testimonianza.<\/p>\n<p>&nbsp;<\/p>\n<p><a href=\"https:\/\/libriamoci.cepell.it\/II\/wp-content\/uploads\/2018\/09\/28.jpg\"><img decoding=\"async\" loading=\"lazy\" class=\"alignnone  wp-image-23564\" src=\"https:\/\/libriamoci.cepell.it\/II\/wp-content\/uploads\/2018\/09\/28.jpg\" alt=\"\" width=\"141\" height=\"212\" srcset=\"https:\/\/libriamoci.cepell.it\/II\/wp-content\/uploads\/2018\/09\/28.jpg 259w, https:\/\/libriamoci.cepell.it\/II\/wp-content\/uploads\/2018\/09\/28-200x300.jpg 200w\" sizes=\"(max-width: 141px) 100vw, 141px\" \/><\/a><\/p>\n<ul>\n<li style=\"text-align: justify;\"><strong><em>Lo sguardo oltre il confine.\u00a0Dall&#8217;Ucraina all&#8217;Afghanistan, i conflitti di oggi raccontati ai ragazzi<\/em><\/strong> di Francesca Mannocchi, DeAgostini, 2022, 192 pp.<\/li>\n<\/ul>\n<p style=\"text-align: justify;\">Il profumo dei cedri libanesi, il colore ocra del tardo pomeriggio afghano, il sorriso di un uomo siriano che in silenzio studia un\u2019ospite straniera per capire se raccontarle la propria storia. Sono solo alcune delle nitide immagini che vedremo attraverso lo sguardo oltre il confine di Francesca Mannocchi, giornalista di guerra sul campo che da molti anni porta nelle nostre case la cronaca di ci\u00f2 che succede attorno a noi, nelle regioni di Iraq, Libano, Afghanistan, Libia, Siria, fino alle citt\u00e0 dell&#8217;Ucraina. Paesi distanti e diversi dal nostro solo in apparenza, le cui vicende ci interessano da vicino perch\u00e9 fanno parte dell\u2019oggi che conosciamo, con gli attacchi terroristici, le rivoluzioni, la povert\u00e0, le ondate migratorie. Francesca ci conduce nei territori di guerra in un viaggio fatto di luoghi, culture e tradizioni antiche, ma soprattutto di persone, adulti e ragazzi, vite vere di superstiti e combattenti chiamati a difendere la propria casa, i propri diritti, il proprio futuro.<\/p>\n<p>&nbsp;<\/p>\n<p><a href=\"https:\/\/libriamoci.cepell.it\/II\/wp-content\/uploads\/2018\/09\/29.jpg\"><img decoding=\"async\" loading=\"lazy\" class=\"alignnone  wp-image-23565\" src=\"https:\/\/libriamoci.cepell.it\/II\/wp-content\/uploads\/2018\/09\/29.jpg\" alt=\"\" width=\"144\" height=\"204\" srcset=\"https:\/\/libriamoci.cepell.it\/II\/wp-content\/uploads\/2018\/09\/29.jpg 253w, https:\/\/libriamoci.cepell.it\/II\/wp-content\/uploads\/2018\/09\/29-211x300.jpg 211w\" sizes=\"(max-width: 144px) 100vw, 144px\" \/><\/a><\/p>\n<ul>\n<li style=\"text-align: justify;\"><strong><em>C\u2019\u00e8 bisogno di te. Per costruire un mondo pi\u00f9 bello e pi\u00f9 giusto<\/em><\/strong> di Luigi Ciotti con Stefano Garzaro, Piemme, 2023, 160 pp.<\/li>\n<\/ul>\n<p style=\"text-align: justify;\">Dieci incontri con gli emarginati del nostro mondo: gli immigrati, i carcerati, le prostitute, i tossicodipendenti, le vittime della mafia. Attraverso le storie raccolte da una vita a servizio degli ultimi della nostra societ\u00e0, Don Luigi Ciotti si rivolge alle giovani generazioni per parlare alla loro coscienza umana, civile e politica prima ancora che religiosa, in un libro che racconta le storie di una vita dedicata all\u2019accoglienza.<\/p>\n<p>&nbsp;<\/p>\n<p><a href=\"https:\/\/libriamoci.cepell.it\/II\/wp-content\/uploads\/2018\/09\/30.jpg\"><img decoding=\"async\" loading=\"lazy\" class=\"alignnone  wp-image-23566\" src=\"https:\/\/libriamoci.cepell.it\/II\/wp-content\/uploads\/2018\/09\/30.jpg\" alt=\"\" width=\"217\" height=\"287\" srcset=\"https:\/\/libriamoci.cepell.it\/II\/wp-content\/uploads\/2018\/09\/30.jpg 265w, https:\/\/libriamoci.cepell.it\/II\/wp-content\/uploads\/2018\/09\/30-226x300.jpg 226w\" sizes=\"(max-width: 217px) 100vw, 217px\" \/><\/a><\/p>\n<ul>\n<li style=\"text-align: justify;\"><strong><em>Diritti umani<\/em><\/strong> di Yayo Herrero, illustrazioni di Luis Demano, traduzione di Maura Romeo, Quinto Quarto, 2023, 72 pp.<\/li>\n<\/ul>\n<p style=\"text-align: justify;\">Tutte le persone meritano di essere rispettate e valorizzate, indipendentemente da dove sono nate, da ci\u00f2 che possiedono, da quello in cui credono o che pensano; da come camminano, che sia sulle proprie gambe o su una sedia a ruote; qualunque sia il loro genere, chiunque amino, qualunque sia il colore della loro pelle o la loro et\u00e0. Tutte le vite sono importanti e meritano di essere vissute pienamente e dignitosamente. Un libro a tutto colore di grande formato. Come il tema che affronta. Un viaggio attraverso ci\u00f2 che sono stati, sono e saranno i diritti umani.<\/p>\n<p>&nbsp;<\/p>\n<p><a href=\"https:\/\/libriamoci.cepell.it\/II\/wp-content\/uploads\/2018\/09\/31.jpg\"><img decoding=\"async\" loading=\"lazy\" class=\"alignnone  wp-image-23567\" src=\"https:\/\/libriamoci.cepell.it\/II\/wp-content\/uploads\/2018\/09\/31.jpg\" alt=\"\" width=\"170\" height=\"236\" srcset=\"https:\/\/libriamoci.cepell.it\/II\/wp-content\/uploads\/2018\/09\/31.jpg 259w, https:\/\/libriamoci.cepell.it\/II\/wp-content\/uploads\/2018\/09\/31-216x300.jpg 216w\" sizes=\"(max-width: 170px) 100vw, 170px\" \/><\/a><\/p>\n<ul>\n<li style=\"text-align: justify;\"><strong><em>#AnneFrank. Vite parallele<\/em><\/strong> di Sabina Fedeli e Anna Migotto, illustrazioni di Isabella Mazzanti, Feltrinelli, 2023, 160 pp.<\/li>\n<\/ul>\n<p style=\"text-align: justify;\">Come sarebbe stata la vita di Anne Frank se fosse potuta vivere dopo Bergen-Belsen? E come la vita dei tanti che non sono tornati a casa? Ce lo raccontano cinque donne che hanno vissuto la deportazione. La loro storia di bambine e adolescenti, diventate donne, madri e nonne si intreccia a quella della bambina Anne Frank attraverso la lettura del suo diario. Ogni capitolo del libro \u00e8 dedicato a una testimonianza ed \u00e8 introdotto da una tappa del viaggio di una ragazza italiana che oggi, a quasi ottant&#8217;anni di distanza, ripercorre a ritroso il tragitto di Anne Frank dal campo di Bergen-Belsen alla sua casa di Amsterdam, visitando alcuni dei luoghi che rappresentano la memoria della Shoah in Europa.<\/p>\n<p>&nbsp;<\/p>\n<p style=\"text-align: justify;\"><a href=\"https:\/\/libriamoci.cepell.it\/II\/wp-content\/uploads\/2018\/09\/32.jpg\"><img decoding=\"async\" loading=\"lazy\" class=\"alignnone  wp-image-23568\" src=\"https:\/\/libriamoci.cepell.it\/II\/wp-content\/uploads\/2018\/09\/32.jpg\" alt=\"\" width=\"134\" height=\"206\" srcset=\"https:\/\/libriamoci.cepell.it\/II\/wp-content\/uploads\/2018\/09\/32.jpg 252w, https:\/\/libriamoci.cepell.it\/II\/wp-content\/uploads\/2018\/09\/32-195x300.jpg 195w\" sizes=\"(max-width: 134px) 100vw, 134px\" \/><\/a><\/p>\n<ul style=\"text-align: justify;\">\n<li><strong><em>Con gli occhi del nemico<\/em><\/strong> di David Grossman, traduzione di Elena Loewenthal e Alessandra Shomroni, Mondadori, 2022, 96 pp.<\/li>\n<\/ul>\n<p style=\"text-align: justify;\">Nei quattro brevi saggi che formano questo libro David Grossman offre una testimonianza sul valore della letteratura e, insieme, una amara riflessione sulla situazione israeliana: la tragedia concreta e attuale di due popoli in guerra diventa lo specchio delle difficolt\u00e0 \u2013 che sono di ogni uomo e di ogni epoca \u2013 di trovare la via del dialogo, della comprensione, della pace.<\/p>\n<p>&nbsp;<\/p>\n<p><a href=\"https:\/\/libriamoci.cepell.it\/II\/wp-content\/uploads\/2018\/09\/33.jpg\"><img decoding=\"async\" loading=\"lazy\" class=\"alignnone  wp-image-23569\" src=\"https:\/\/libriamoci.cepell.it\/II\/wp-content\/uploads\/2018\/09\/33.jpg\" alt=\"\" width=\"142\" height=\"219\" srcset=\"https:\/\/libriamoci.cepell.it\/II\/wp-content\/uploads\/2018\/09\/33.jpg 266w, https:\/\/libriamoci.cepell.it\/II\/wp-content\/uploads\/2018\/09\/33-194x300.jpg 194w\" sizes=\"(max-width: 142px) 100vw, 142px\" \/><\/a><\/p>\n<ul>\n<li style=\"text-align: justify;\"><strong><em>Notiziario<\/em><\/strong> di Armin Greder, Orecchio Acerbo, 2023, 36 pp.<\/li>\n<\/ul>\n<p style=\"text-align: justify;\">Informazioni che sono prese da fonti ufficiali o agenzie di stampa, pubblicit\u00e0 alla portata di tutti nel web o video su Facebook e Youtube. L\u2019acqua pura ottenuta dallo scioglimento del ghiaccio delle Svalbard, venduta a 100 euro la bottiglietta, le 160.000 visualizzazioni di Autumn Fry, bambina di otto anni in Pennsylvania, filmata dal padre mentre impugna un lanciafiamme. Accanto a notizie del genere Armin Greder si limita \u2013 senza aggiungere neanche una parola di commento \u2013 a giustapporre queste altre informazioni: bambini che fanno ore di cammino sotto il sole per due taniche d\u2019acqua, ragazze reclutate e poi violentate dai gruppi armati nel nord-est della Nigeria. Ogni doppia pagina di questo albo illustrato \u00e8 un atto di denuncia per scuotere le coscienze.<\/p>\n","protected":false},"excerpt":{"rendered":"<p>FILONE TEMATICO 1: Lib(e)ri di conoscere \u00a0\u00abLeggo per legittima difesa\u00bb, recita una citazione tanto vera quanto celebre. Perch\u00e9 \u00e8 solo [&hellip;]<\/p>\n","protected":false},"author":1,"featured_media":23536,"comment_status":"closed","ping_status":"closed","sticky":false,"template":"","format":"standard","meta":{"_links_to":"","_links_to_target":""},"categories":[153,155],"tags":[14],"acf":[],"_links":{"self":[{"href":"https:\/\/libriamoci.cepell.it\/II\/index.php?rest_route=\/wp\/v2\/posts\/23537"}],"collection":[{"href":"https:\/\/libriamoci.cepell.it\/II\/index.php?rest_route=\/wp\/v2\/posts"}],"about":[{"href":"https:\/\/libriamoci.cepell.it\/II\/index.php?rest_route=\/wp\/v2\/types\/post"}],"author":[{"embeddable":true,"href":"https:\/\/libriamoci.cepell.it\/II\/index.php?rest_route=\/wp\/v2\/users\/1"}],"replies":[{"embeddable":true,"href":"https:\/\/libriamoci.cepell.it\/II\/index.php?rest_route=%2Fwp%2Fv2%2Fcomments&post=23537"}],"version-history":[{"count":3,"href":"https:\/\/libriamoci.cepell.it\/II\/index.php?rest_route=\/wp\/v2\/posts\/23537\/revisions"}],"predecessor-version":[{"id":23573,"href":"https:\/\/libriamoci.cepell.it\/II\/index.php?rest_route=\/wp\/v2\/posts\/23537\/revisions\/23573"}],"wp:featuredmedia":[{"embeddable":true,"href":"https:\/\/libriamoci.cepell.it\/II\/index.php?rest_route=\/wp\/v2\/media\/23536"}],"wp:attachment":[{"href":"https:\/\/libriamoci.cepell.it\/II\/index.php?rest_route=%2Fwp%2Fv2%2Fmedia&parent=23537"}],"wp:term":[{"taxonomy":"category","embeddable":true,"href":"https:\/\/libriamoci.cepell.it\/II\/index.php?rest_route=%2Fwp%2Fv2%2Fcategories&post=23537"},{"taxonomy":"post_tag","embeddable":true,"href":"https:\/\/libriamoci.cepell.it\/II\/index.php?rest_route=%2Fwp%2Fv2%2Ftags&post=23537"}],"curies":[{"name":"wp","href":"https:\/\/api.w.org\/{rel}","templated":true}]}}