{"id":23521,"date":"2023-10-17T11:22:06","date_gmt":"2023-10-17T11:22:06","guid":{"rendered":"https:\/\/libriamoci.cepell.it\/II\/?p=23521"},"modified":"2023-10-18T10:05:25","modified_gmt":"2023-10-18T10:05:25","slug":"dal-13-al-18-novembre-2023-torna-la-10-edizione-di-libriamoci-giornate-di-lettura-nelle-scuole","status":"publish","type":"post","link":"https:\/\/libriamoci.cepell.it\/II\/?p=23521","title":{"rendered":"Dal 13 al 18 novembre 2023 torna la 10\u00b0 edizione di \u201cLibriamoci. Giornate di lettura nelle scuole\u201d"},"content":{"rendered":"<p>Torna la settimana di letture ad alta voce, torna <strong><em>Libriamoci. Giornate di lettura nelle scuole<\/em><\/strong>! In programma <strong>dal 13 al 18 novembre 2023<\/strong>, nelle scuole di ogni ordine e grado, in Italia e all\u2019estero, la campagna nazionale promossa dal\u00a0<strong>Ministero della Cultura<\/strong>, attraverso il\u00a0<strong>Centro per il libro e la lettura<\/strong>,<strong>\u00a0<\/strong>e dal<strong>\u00a0Ministero dell\u2019Istruzione e del Merito <\/strong>(MIM) <strong>\u2013 Direzione generale per lo studente, l&#8217;inclusione e l\u2019orientamento scolastico<\/strong>, porta per il <strong>decimo anno <\/strong>consecutivo negli istituti scolastici di tutto il territorio lettori volontari d\u2019eccezione, rinnovando loro la possibilit\u00e0 di trasmettere a studentesse e studenti di tutte le et\u00e0 la passione per la lettura, accompagnandoli in un viaggio alla scoperta di nuovi orizzonti immaginativi e creativi.<\/p>\n<p>Costantemente impegnato nella promozione della lettura come strumento di crescita individuale e collettiva, il <strong>Centro per il libro e la lettura<\/strong> ha scelto <strong><em>Se leggi ti lib(e)ri<\/em><\/strong><em> come<\/em> <strong>tema istituzionale<\/strong> dell\u2019edizione 2023 invitando a riflettere sul valore della <strong>lettura come espressione di libert\u00e0<\/strong><strong> e su quello del libro come chiave per ottenerla<\/strong>. Anche quest&#8217;anno non mancano i <strong><a href=\"https:\/\/libriamoci.cepell.it\/II\/?page_id=23397\">tre filoni<\/a><\/strong> da cui insegnanti e lettori possono eventualmente prendere spunto per scegliere le letture: <strong><em>Lib(e)ri di conoscere<\/em><\/strong>, particolarmente adatto agli studenti della scuola secondaria in cui il piacere della lettura incontra il mondo dell\u2019informazione;<strong><em> Lib(e)ri di sognare<\/em><\/strong>, che comprende la <strong>grande narrativa<\/strong>, le <strong>biografie<\/strong>, ma anche i classici del <strong>fantasy<\/strong> e il <strong>graphic novel<\/strong>. Il filone perfetto per gli studenti di ogni ordine e grado desiderosi di perdersi tra storie e mondi fantastici, reali o immaginari; <strong><em>Lib(e)ri di creare<\/em><\/strong>, dedicato invece alla <strong>poesia<\/strong>, dove lettura e creativit\u00e0 si mescolano, facendo appello alla capacit\u00e0 di ciascuno di generare meraviglia grazie allo sconfinato potere delle parole.<\/p>\n<p>Le iniziative e i momenti dedicati alla lettura proseguono dall\u2019autunno alla primavera, accompagnando studenti e studentesse per tutto l\u2019anno scolastico. Infatti, in <strong>continuit\u00e0 progettuale<\/strong> con <em>Libriamoci<\/em>, anche <strong><em>Il Maggio dei Libri<\/em><\/strong>, altra storica campagna del Centro per il libro e la lettura, adotta lo <strong>stesso tema<\/strong> e gli <strong>stessi filoni tematici<\/strong> della settimana di lettura ad alta voce, offrendo agli organizzatori l\u2019opportunit\u00e0 di realizzare <strong>progetti di lettura<\/strong> \u2013 composti <strong>preferibilmente<\/strong> da <strong>pi\u00f9 attivit\u00e0 <\/strong>durante l\u2019anno \u2013 grazie al format <strong><em>da Libriamoci al Maggio<\/em><\/strong>. Con questa nuova modalit\u00e0 di adesione alla campagna sar\u00e0 possibile realizzare iniziative dal 13 novembre 2023 al 31 maggio 2024 che dovranno essere <strong>inserite <\/strong>sia nella <strong>banca dati<\/strong> di <strong><em>Libriamoci<\/em><\/strong> sia in quella de <strong><em>Il Maggio dei Libri 2024<\/em><\/strong>, quando sar\u00e0 attiva: infatti, solo cos\u00ec sar\u00e0 possibile partecipare al <a href=\"https:\/\/cepell.it\/premio-nazionale-per-il-libro-e-la-lettura\/\"><strong>Premio nazionale per il libro e la lettura<\/strong><\/a> per la <strong>categoria istituti scolastici<\/strong>.<\/p>\n<p>Ma le novit\u00e0 non finiscono qui: a riprova di quanto la lettura sia fondamentale nel percorso di crescita e formativo di ciascuno, da quest\u2019anno potranno aderire a <em>Libriamoci<\/em> anche i <strong>servizi educativi per l\u2019infanzia<\/strong>, pubblici e privati, statali e comunali, creando iniziative di lettura ad alta voce per i pi\u00f9 piccoli lettori della <strong>fascia 0-6 anni<\/strong>.<\/p>\n<p>Infine, collaborando sinergicamente per il raggiungimento di una valorizzazione e promozione culturale di qualit\u00e0, anche quest\u2019anno il Centro per il libro e la lettura rinnova l\u2019alleanza con l\u2019iniziativa promossa dall\u2019<strong>Associazione Italiana Editori <\/strong>(AIE): <strong><em>#ioleggoperch\u00e8<\/em><\/strong>, volta ad accrescere il patrimonio librario delle biblioteche scolastiche. Avendo luogo dal <strong>4 al 12 novembre 2023<\/strong>, <em>#ioleggoperch\u00e8<\/em> segner\u00e0 l\u2019inizio di<em> Libriamoci<\/em>, simboleggiando l\u2019ormai consueto passaggio di testimone che vede nella fine di una campagna l\u2019inizio dell\u2019altra.<\/p>\n<p>Gli insegnanti interessati a partecipare a <em>Libriamoci <\/em>dovranno iscriversi alla <strong>banca dati<\/strong> sul sito <strong><a href=\"https:\/\/libriamoci.cepell.it\/II\/\">libriamoci.cepell.it<\/a><\/strong>, a partire <strong>dal <\/strong><strong>17 ottobre<\/strong>, e registrare le proprie attivit\u00e0 di lettura. I docenti che volessero ospitare in classe un <strong>lettore volontario<\/strong>, <strong>in presenza o a distanza<\/strong>, dovranno farne richiesta alla segreteria organizzativa compilando l\u2019<strong>apposito <a href=\"https:\/\/libriamoci.cepell.it\/II\/?page_id=9395\">modulo<\/a><\/strong>.<\/p>\n","protected":false},"excerpt":{"rendered":"<p>Torna la settimana di letture ad alta voce, torna Libriamoci. Giornate di lettura nelle scuole! In programma dal 13 al [&hellip;]<\/p>\n","protected":false},"author":3,"featured_media":23522,"comment_status":"closed","ping_status":"closed","sticky":true,"template":"","format":"standard","meta":{"_links_to":"","_links_to_target":""},"categories":[2,193,19],"tags":[26,195,182,176],"acf":[],"_links":{"self":[{"href":"https:\/\/libriamoci.cepell.it\/II\/index.php?rest_route=\/wp\/v2\/posts\/23521"}],"collection":[{"href":"https:\/\/libriamoci.cepell.it\/II\/index.php?rest_route=\/wp\/v2\/posts"}],"about":[{"href":"https:\/\/libriamoci.cepell.it\/II\/index.php?rest_route=\/wp\/v2\/types\/post"}],"author":[{"embeddable":true,"href":"https:\/\/libriamoci.cepell.it\/II\/index.php?rest_route=\/wp\/v2\/users\/3"}],"replies":[{"embeddable":true,"href":"https:\/\/libriamoci.cepell.it\/II\/index.php?rest_route=%2Fwp%2Fv2%2Fcomments&post=23521"}],"version-history":[{"count":2,"href":"https:\/\/libriamoci.cepell.it\/II\/index.php?rest_route=\/wp\/v2\/posts\/23521\/revisions"}],"predecessor-version":[{"id":23530,"href":"https:\/\/libriamoci.cepell.it\/II\/index.php?rest_route=\/wp\/v2\/posts\/23521\/revisions\/23530"}],"wp:featuredmedia":[{"embeddable":true,"href":"https:\/\/libriamoci.cepell.it\/II\/index.php?rest_route=\/wp\/v2\/media\/23522"}],"wp:attachment":[{"href":"https:\/\/libriamoci.cepell.it\/II\/index.php?rest_route=%2Fwp%2Fv2%2Fmedia&parent=23521"}],"wp:term":[{"taxonomy":"category","embeddable":true,"href":"https:\/\/libriamoci.cepell.it\/II\/index.php?rest_route=%2Fwp%2Fv2%2Fcategories&post=23521"},{"taxonomy":"post_tag","embeddable":true,"href":"https:\/\/libriamoci.cepell.it\/II\/index.php?rest_route=%2Fwp%2Fv2%2Ftags&post=23521"}],"curies":[{"name":"wp","href":"https:\/\/api.w.org\/{rel}","templated":true}]}}