{"id":22085,"date":"2022-11-11T11:23:51","date_gmt":"2022-11-11T11:23:51","guid":{"rendered":"https:\/\/libriamoci.cepell.it\/II\/?p=22085"},"modified":"2022-11-11T11:27:52","modified_gmt":"2022-11-11T11:27:52","slug":"libriamoci-off-letture-fino-alla-primavera-da-iscrivere-in-autunno","status":"publish","type":"post","link":"https:\/\/libriamoci.cepell.it\/II\/?p=22085","title":{"rendered":"Libriamoci OFF: letture fino alla primavera, da iscrivere in autunno!"},"content":{"rendered":"<p>Libriamoci si rinnova di anno in anno, portando con s\u00e9 novit\u00e0 e proponendo sempre nuovi modi per coltivare la passione per la lettura. Uno di questi \u00e8 <em>Libriamoci OFF<\/em>, novit\u00e0 della nona edizione, che permette di ideare progetti di lettura anche dopo la settimana di durata della campagna, fino al 22 aprile 2023.<\/p>\n<p>Partecipare \u00e8 molto semplice: basta iscrivere la propria iniziativa in <strong>banca dati<\/strong> selezionando il pulsante \u201cLibriamoci OFF\u201d: per farlo c\u2019\u00e8 tempo <strong>fino a venerd\u00ec 25 novembre<\/strong>.<\/p>\n<p>Tutte le informazioni sono disponibili <a href=\"https:\/\/libriamoci.cepell.it\/II\/?page_id=20180\">qui<\/a>, sulla pagina del sito dedicata alle FAQ.<\/p>\n","protected":false},"excerpt":{"rendered":"<p>Libriamoci si rinnova di anno in anno, portando con s\u00e9 novit\u00e0 e proponendo sempre nuovi modi per coltivare la passione [&hellip;]<\/p>\n","protected":false},"author":1,"featured_media":22090,"comment_status":"closed","ping_status":"closed","sticky":false,"template":"","format":"standard","meta":{"_links_to":"","_links_to_target":""},"categories":[2,19],"tags":[26,191,39,182,176],"acf":[],"_links":{"self":[{"href":"https:\/\/libriamoci.cepell.it\/II\/index.php?rest_route=\/wp\/v2\/posts\/22085"}],"collection":[{"href":"https:\/\/libriamoci.cepell.it\/II\/index.php?rest_route=\/wp\/v2\/posts"}],"about":[{"href":"https:\/\/libriamoci.cepell.it\/II\/index.php?rest_route=\/wp\/v2\/types\/post"}],"author":[{"embeddable":true,"href":"https:\/\/libriamoci.cepell.it\/II\/index.php?rest_route=\/wp\/v2\/users\/1"}],"replies":[{"embeddable":true,"href":"https:\/\/libriamoci.cepell.it\/II\/index.php?rest_route=%2Fwp%2Fv2%2Fcomments&post=22085"}],"version-history":[{"count":2,"href":"https:\/\/libriamoci.cepell.it\/II\/index.php?rest_route=\/wp\/v2\/posts\/22085\/revisions"}],"predecessor-version":[{"id":22089,"href":"https:\/\/libriamoci.cepell.it\/II\/index.php?rest_route=\/wp\/v2\/posts\/22085\/revisions\/22089"}],"wp:featuredmedia":[{"embeddable":true,"href":"https:\/\/libriamoci.cepell.it\/II\/index.php?rest_route=\/wp\/v2\/media\/22090"}],"wp:attachment":[{"href":"https:\/\/libriamoci.cepell.it\/II\/index.php?rest_route=%2Fwp%2Fv2%2Fmedia&parent=22085"}],"wp:term":[{"taxonomy":"category","embeddable":true,"href":"https:\/\/libriamoci.cepell.it\/II\/index.php?rest_route=%2Fwp%2Fv2%2Fcategories&post=22085"},{"taxonomy":"post_tag","embeddable":true,"href":"https:\/\/libriamoci.cepell.it\/II\/index.php?rest_route=%2Fwp%2Fv2%2Ftags&post=22085"}],"curies":[{"name":"wp","href":"https:\/\/api.w.org\/{rel}","templated":true}]}}