{"id":18134,"date":"2021-11-03T15:46:53","date_gmt":"2021-11-03T15:46:53","guid":{"rendered":"https:\/\/libriamoci.cepell.it\/II\/?p=18134"},"modified":"2021-11-03T16:31:50","modified_gmt":"2021-11-03T16:31:50","slug":"promozione-della-lettura-chi-la-fa-intervista-a-chiara-cavallaro","status":"publish","type":"post","link":"https:\/\/libriamoci.cepell.it\/II\/?p=18134","title":{"rendered":"Promozione della lettura, chi la fa? &#8211; Intervista a Chiara Cavallaro"},"content":{"rendered":"<p style=\"text-align: justify;\">L&#8217;intervista a <strong>Chiara Cavallaro<\/strong> si inserisce all&#8217;interno delle nostre interviste (leggi\u00a0<a href=\"https:\/\/libriamoci.cepell.it\/II\/?tag=intervista\" target=\"_blank\"><strong>QUI<\/strong><\/a>\u00a0le altre) a chi si occupa di promozione alla lettura, indagando in questo caso il ruolo di una figura un po&#8217; diversa dal comune rispetto al solito. Cavallaro \u00e8 un&#8217;avvocata specializzata in diritti dell&#8217;infanzia, con un master in management del patrimonio culturale. Scrittrice e ideatrice di progetti di lettura per l&#8217;infanzia, <strong>ha elaborato<\/strong>\u00a0con l\u2019Associazione La Prediletta APS di Lioni (AV) i<strong>l progetto <em>Classe di lettori<\/em> destinato alle scuole secondarie di primo grado<\/strong> italiane.<\/p>\n<p style=\"text-align: justify;\"><strong>Entro il 14 Novembre 2021 le e gli insegnanti possono iscrivere le proprie classi<\/strong> per diventare \u201cClasse di lettori\u201d 2021\/2022. Maggiori informazioni si trovano sul sito\u00a0<span style=\"text-decoration: underline;\"><strong><a href=\"http:\/\/www.classedilettori.it\">www.classedilettori.it<\/a><\/strong><\/span>.<\/p>\n<p style=\"text-align: justify;\">\u00a0<\/p>\n<p style=\"text-align: justify;\"><strong>1) Fai una\u00a0breve presentazione di te, del percorso che ti ha portato alla scoperta dei libri per bambini e all\u2019educazione alla lettura, alla promozione del tuo progetto e\/o delle tue attivit\u00e0 legate alla lettura.<br \/><\/strong>La professione forense mi ha portato a conoscere situazioni estreme di bambini e ragazzi profondamente segnati dalle violenze degli adulti, per cui il mio impegno sociale si \u00e8 indirizzato sempre pi\u00f9 verso attivit\u00e0 di prevenzione e di protezione dei pi\u00f9 piccoli, nonch\u00e9 di promozione del loro benessere psico-fisico ed emotivo.<br \/>In Italia ho sempre vissuto la lettura come un dovere, solitamente per studio raramente come svago. <strong>L\u2019approccio alla lettura per piacere<\/strong> \u00e8 avvenuto in Inghilterra. Prima<strong> come volontaria in una biblioteca comunale, poi come neomamma<\/strong> che usufruiva dei servizi della biblioteca e di altre strutture, ho appreso, fatto mio e trasmesso ad altri, l\u2019entusiasmo per la lettura.<br \/>Una volta tornata in Italia ho scritto un libro per bambini, ho aperto un \u201cPlaygroup\u201d, un luogo per bambini ed adulti dove giocare, leggere, suonare. Poi ho fondato un \u201cBookclub\u201d per bambini in biblioteca e tenuto diversi laboratori di lettura per i pi\u00f9 piccoli, nelle scuole e nelle biblioteche. Infine, nel 2019 ho pensato che qualcosa andasse fatto per i ragazzi della scuola media, spesso dimenticati nei progetti ed in generale poco motivati, e cos\u00ec \u00e8 nato Classe di lettori in collaborazione con La Prediletta APS.\u00a0<\/p>\n<p style=\"text-align: justify;\">\u00a0<\/p>\n<p style=\"text-align: justify;\"><strong><a href=\"https:\/\/libriamoci.cepell.it\/II\/wp-content\/uploads\/2021\/11\/logo-cdl1.jpg\"><img decoding=\"async\" loading=\"lazy\" class=\"alignnone size-full wp-image-18145\" src=\"https:\/\/libriamoci.cepell.it\/II\/wp-content\/uploads\/2021\/11\/logo-cdl1.jpg\" alt=\"logo cdl1\" width=\"1636\" height=\"1628\" srcset=\"https:\/\/libriamoci.cepell.it\/II\/wp-content\/uploads\/2021\/11\/logo-cdl1.jpg 1636w, https:\/\/libriamoci.cepell.it\/II\/wp-content\/uploads\/2021\/11\/logo-cdl1-150x150.jpg 150w, https:\/\/libriamoci.cepell.it\/II\/wp-content\/uploads\/2021\/11\/logo-cdl1-300x300.jpg 300w, https:\/\/libriamoci.cepell.it\/II\/wp-content\/uploads\/2021\/11\/logo-cdl1-768x764.jpg 768w, https:\/\/libriamoci.cepell.it\/II\/wp-content\/uploads\/2021\/11\/logo-cdl1-1024x1019.jpg 1024w\" sizes=\"(max-width: 1636px) 100vw, 1636px\" \/><\/a><\/strong><\/p>\n<p style=\"text-align: justify;\"><strong>2) Quali sono gli ostacoli che hai incontrato? Come li hai superati? Chi o cosa ti ha aiutato a continuare fino alla realizzazione del tuo progetto? (In generale e al tempo del Covid).<br \/><\/strong>Alcuni ostacoli sono venuti proprio dalle scuole, ed in particolare dai dirigenti scolastici, che hanno rifiutato di far partecipare i ragazzi ad incontri con autori perch\u00e9 l\u2019attivit\u00e0 non rientrava nel programma scolastico. Ho incontrato docenti che reputano inutile aggiornarsi sulla letteratura per ragazzi. Infine ho incontrato istituzioni pubbliche che non conoscono quale siano le necessit\u00e0 dei pi\u00f9 giovani, che non hanno politiche destinate a bambini e ragazzi.<br \/>Chi mi ha aiutato a continuare? I bibliotecari ed i librai appassionati che sanno costruire relazioni grazie ai libri, gli scrittori che sono stati la pi\u00f9 grande certezza durante tutto il percorso, i dirigenti scolastici che senza esitazione hanno messo a disposizione i loro mezzi ed il personale, ed i docenti che hanno seguito con entusiasmo il corso, lo hanno messo in pratica e si sono scoperti dei grandi appassionati di letteratura giovanile.<\/p>\n<p style=\"text-align: justify;\">\u00a0<\/p>\n<p style=\"text-align: justify;\"><strong>3) Cosa consiglieresti a chi vuole realizzare un\u2019iniziativa come la tua?<br \/><\/strong>Per realizzare un\u2019iniziativa come <em>Classe di lettori<\/em> occorre<strong> fare rete<\/strong>. Per questo progetto \u00e8 stato importante conoscere, coinvolgere e collaborare con le realt\u00e0 locali che si occupano di libri e di lettura. Abbiamo creato una rete <strong>tra le scuole, le biblioteche, le librerie, gli editori, gli scrittori, gli illustratori<\/strong>. Essere in una rete permette di non sentirsi soli quando si realizza un\u2019attivit\u00e0, consente di reperire le giuste informazioni e consigli, in essa si trovano supporto e condivisione di obiettivi e di idee.<\/p>\n<p style=\"text-align: justify;\">\u00a0<\/p>\n<p style=\"text-align: justify;\"><strong>4) Cosa significa per te leggere? Perch\u00e9 lo ritieni importante?<br \/><\/strong>Per me leggere significa svago. Leggo per concedermi <strong>una pausa dalla realt\u00e0<\/strong>, inseguendo una storia che non si sa dove mi potr\u00e0 portare, ma che sicuramente ha qualcosa da dire su di me. Leggo inoltre per lasciarmi sorprendere da affascinanti meccanismi della scrittura, da eccellenti descrizioni, da trame inattese. Inoltre leggere \u00e8 una passione che ho in comune con mio marito ed i miei figli e dunque \u00e8 qualcosa che ci lega ancora di pi\u00f9, molti momenti insieme sono collegati a un libro, per leggerlo, commentarlo o scambiarci impressioni. Credo che leggere sia importante per approfondire la conoscenza di se stessi, per regalarsi delle emozioni, per rilassarsi, per fare spazio all\u2019immaginazione.<\/p>\n<p style=\"text-align: justify;\">\u00a0<\/p>\n<p style=\"text-align: justify;\"><strong>5) Perch\u00e9 <\/strong><strong>per te <\/strong><strong>\u00e8 importante fare educazione alla lettura e leggere ad alta voce?<br \/><\/strong>Mi dedico all\u2019educazione alla lettura perch\u00e9 i benefici della lettura nella vita delle persone sono molteplici. I risultati scolastici migliorano senza sforzo quando si introduce la lettura nella vita di un bambino\/ragazzo. <strong>Stimola la curiosit\u00e0, mantiene attivo il cervello, allena le emozioni, riduce lo stress e procura benessere<\/strong>. Inoltre la lettura \u00e8 un<strong> attivatore di relazioni<\/strong>, perch\u00e9 chi legge ama condividere idee e opinioni sui libri, cerca lo scambio con altri lettori, frequenta i luoghi della cultura. La fortuna dei bambini e dei ragazzi di oggi \u00e8 che hanno un\u2019infinit\u00e0 di libri meravigliosi tra cui scegliere prima di approdare ai bellissimi classici.\u00a0<br \/>La lettura ad alta voce, per me, \u00e8 un gesto d\u2019amore. <strong>Leggere per altri \u00e8 come fare un dono<\/strong>, infatti nel quotidiano si legge per i propri cari o per chi non pu\u00f2 farlo. Si legge ad alta voce per trasmettere un\u2019emozione, per fare un viaggio immaginario insieme, narratore ed uditore.<\/p>\n<p style=\"text-align: justify;\">\u00a0<\/p>\n<p style=\"text-align: justify;\"><strong>6) Come costruisci il tuo lavoro con i libri?<br \/><\/strong>Sono<strong> in continua formazione e mi aggiorno tantissimo<\/strong>, non solo sul mondo dei libri ma della cultura in generale. L\u2019aspetto che caratterizza il mio lavoro con i libri \u00e8 sicuramente l\u2019idea che essi vanno attivati. Cerco di trasformare il testo in qualcosa di concreto come se un contenuto uscisse dalle pagine per farsi realt\u00e0. Questa attivit\u00e0 consente di far esperienza del libro e di avvicinarsi ad esso con curiosit\u00e0. Anche in <em>Classe di lettori<\/em>, ci\u00f2 che si chiede ai ragazzi \u00e8 di <strong>sperimentare il libro in diversi modi<\/strong>, e con grande creativit\u00e0.<\/p>\n<p style=\"text-align: justify;\">\u00a0<\/p>\n<p style=\"text-align: justify;\"><strong>7) Che caratteristica deve avere un progetto di promozione della lettura per essere veramente incisivo ed efficace nel tempo? Non esiste una formula magica ma, in base alla tua esperienza, come si fa far nascere nei bambini\/giovani l\u2019abitudine (e poi il piacere) della lettura?<br \/><\/strong>Un progetto per essere incisivo ed efficace deve rispondere ad esigenze concrete ed essere capace di adeguarsi alle diverse realt\u00e0 a cui si rivolge e al modificarsi delle stesse nel tempo. Per avvicinare i bambini\/ragazzi alla lettura, bisogna <strong>far nascere la curiosit\u00e0 verso i libri, occorrono approcci diversi da quello scolastico<\/strong>, occorre circondarli di libri di vario genere e appassionanti, e frequentare eventi e persone che sanno comunicare entusiasmo verso la lettura.<\/p>\n<p style=\"text-align: justify;\">\u00a0<\/p>\n<p style=\"text-align: justify;\"><strong>8) Quali sono secondo te i fattori che contribuiscono ad ottenere nei giovani un rapporto sano con l\u2019oggetto libro\/con la lettura?<br \/><\/strong>Su questo argomento ho ragionato molto proprio quando ho elaborato <em>Classe di lettori<\/em>. Il risultato delle mie riflessioni sono le tre attivit\u00e0 che compongono il percorso sulla lettura. Ogni attivit\u00e0 infatti ha un obiettivo che contribuisce a creare un rapporto sano e piacevole con l\u2019oggetto libro e la lettura. La prima attivit\u00e0, <strong><em>I libri ed io<\/em><\/strong>, punta molto sull\u2019impegno del singolo e sulla creazione di un rapporto personale tra il ragazzo e la lettura. In quest\u2019ottica conta molto la<strong> scelta del libro<\/strong>, intesa come variet\u00e0 di libri a disposizione e come possibilit\u00e0 di decisione autonoma, l\u2019acquisizione di una abitudine di lettura, e l\u2019esperienza personale di lettura e la connessione con la propria vita. La seconda attivit\u00e0, <strong><em>I libri e la classe<\/em><\/strong>, ha come obiettivo<strong> la condivisione<\/strong>, cercando di creare occasioni in cui il ragazzo possa condividere con i propri coetanei l\u2019esperienza del libro e della lettura, sotto diverse forme. La terza attivit\u00e0, <strong><em>La classe e il mondo dei libri<\/em><\/strong>, punta su un\u2019<strong>esperienza di contatto con il mondo dei libri<\/strong> che, al contrario di quello che molti ragazzi immaginano, \u00e8 fatto di persone attive, di idee sorprendenti, di luoghi speciali.<\/p>\n<p style=\"text-align: justify;\">\u00a0<\/p>\n<p style=\"text-align: justify;\"><strong>9) Hai in mente nuovi progetti legati all\u2019educazione e alla promozione della lettura?<br \/><\/strong>Il mio obiettivo primario \u00e8 sviluppare tutte le potenzialit\u00e0 di <em>Classe di lettori<\/em>, continuare con la formazione annuale dei docenti e renderlo un\u2019occasione di confronto per i giovani lettori. Ho inoltre due nuovi progetti, il primo volto ad attivare le biblioteche scolastiche ed il secondo, ancora in fase di elaborazione, destinato ad un pubblico adulto.<\/p>\n<p style=\"text-align: justify;\">\u00a0<\/p>\n<p style=\"text-align: justify;\"><strong>10) Quali sono le caratteristiche che un libro per bambini deve avere per essere un buon libro?<br \/><\/strong>Un buon libro in generale, a mio parere deve sorprendere. E\u2019 quello che ti fa pensare a qualcosa di impensato, o ti mostra una cosa da un\u2019angolazione diversa.<\/p>\n<p style=\"text-align: justify;\">\u00a0<\/p>\n<p style=\"text-align: justify;\"><strong>11) Quali sono per te i tre libri pi\u00f9 belli per bambini dai 3\/6 anni?<br \/><em>La cosa pi\u00f9 importante<\/em>\u00a0<\/strong>di Antonella Abbatiello,\u00a0<strong><em>I contrari<\/em><\/strong> di Francesco Pittau e <strong><em>Pieno Vuoto<\/em><\/strong>\u00a0di Bellemo e Virardi. Poi\u00a0tutti i libri di Herv\u00e8 Tullet, il <em>Gruffal\u00f2<\/em> ecc.<\/p>\n<p style=\"text-align: justify;\">\u00a0<\/p>\n<p style=\"text-align: justify;\"><strong>12) Quali sono per te i tre libri pi\u00f9 belli per bambini dai 6\/11 anni?<br \/><em>Il mistero di Desilucente<\/em> <\/strong>di Paola Merolli,\u00a0<strong><em>Tutti gi\u00f9 per aria<\/em><\/strong> di Rosella Postorino e <strong><em>Il segreto del pettirosso<\/em><\/strong> di Elisa Puricelli Guerra, ma anche <em>Occhio ladro<\/em> e le poesie di Tognolini.<\/p>\n<p style=\"text-align: justify;\">\u00a0<\/p>\n<p style=\"text-align: justify;\"><strong>13) Quali sono per te i tre libri pi\u00f9 belli per Giovani Adulti?<br \/><\/strong><em>Qualcuno con cui correre, La scimmia dell\u2019assassino, Dieci piccoli indiani<\/em> e\u00a0poi sicuramente Harry Potter.<\/p>\n<p style=\"text-align: justify;\">\u00a0<\/p>\n<p style=\"text-align: justify;\"><strong>14)Parlando di educazione e promozione alla lettura quanto pensi sia importante creare una rete tra la scuola, la famiglia, biblioteche e librerie?<br \/><\/strong>Importantissimo. Quando le scuole, le famiglie, le biblioteche e tutti i diversi operatori del settore del libro sono collegati \u00e8 possibile operare meglio, raggiungere molti pi\u00f9 destinatari e supportarsi a vicenda.<\/p>\n<p style=\"text-align: justify;\">\u00a0<\/p>\n<p style=\"text-align: justify;\"><strong>15) Che cosa si pu\u00f2 fare di pi\u00f9 per portare la lettura in contesti di povert\u00e0 educativa?<br \/><\/strong>Di fondamentale importanza e urgenza \u00e8 portare i libri nelle famiglie ed invogliare la frequentazione delle biblioteche. A mio parere, inoltre, occorrono idee progettuali innovative per intervenire efficacemente nei contesti di povert\u00e0 educativa.<\/p>\n<p style=\"text-align: justify;\">\u00a0<\/p>\n<p style=\"text-align: justify;\"><strong>16) Qual <\/strong><strong>\u00e8 il tuo libro preferito di sempre?<br \/><\/strong>Ho molti libri preferiti ognuno per un motivo diverso, ma posso dire di aver amato tantissimo <strong><em>Il buio oltre la siepe<\/em><\/strong>.<\/p>\n<p style=\"text-align: justify;\">\u00a0<\/p>\n<p style=\"text-align: justify;\"><strong>17) Qual \u00e8 la tua citazione letteraria preferita?<br \/><\/strong>\u201cQuando penso a tutti i libri che mi restano ancora da leggere, ho la certezza di essere ancora felice\u201d, Jules Renard.<\/p>\n","protected":false},"excerpt":{"rendered":"<p>L&#8217;intervista a Chiara Cavallaro si inserisce all&#8217;interno delle nostre interviste (leggi\u00a0QUI\u00a0le altre) a chi si occupa di promozione alla lettura, [&hellip;]<\/p>\n","protected":false},"author":1,"featured_media":18144,"comment_status":"closed","ping_status":"closed","sticky":false,"template":"","format":"standard","meta":{"_links_to":"","_links_to_target":""},"categories":[174],"tags":[102,59],"acf":[],"_links":{"self":[{"href":"https:\/\/libriamoci.cepell.it\/II\/index.php?rest_route=\/wp\/v2\/posts\/18134"}],"collection":[{"href":"https:\/\/libriamoci.cepell.it\/II\/index.php?rest_route=\/wp\/v2\/posts"}],"about":[{"href":"https:\/\/libriamoci.cepell.it\/II\/index.php?rest_route=\/wp\/v2\/types\/post"}],"author":[{"embeddable":true,"href":"https:\/\/libriamoci.cepell.it\/II\/index.php?rest_route=\/wp\/v2\/users\/1"}],"replies":[{"embeddable":true,"href":"https:\/\/libriamoci.cepell.it\/II\/index.php?rest_route=%2Fwp%2Fv2%2Fcomments&post=18134"}],"version-history":[{"count":6,"href":"https:\/\/libriamoci.cepell.it\/II\/index.php?rest_route=\/wp\/v2\/posts\/18134\/revisions"}],"predecessor-version":[{"id":18148,"href":"https:\/\/libriamoci.cepell.it\/II\/index.php?rest_route=\/wp\/v2\/posts\/18134\/revisions\/18148"}],"wp:featuredmedia":[{"embeddable":true,"href":"https:\/\/libriamoci.cepell.it\/II\/index.php?rest_route=\/wp\/v2\/media\/18144"}],"wp:attachment":[{"href":"https:\/\/libriamoci.cepell.it\/II\/index.php?rest_route=%2Fwp%2Fv2%2Fmedia&parent=18134"}],"wp:term":[{"taxonomy":"category","embeddable":true,"href":"https:\/\/libriamoci.cepell.it\/II\/index.php?rest_route=%2Fwp%2Fv2%2Fcategories&post=18134"},{"taxonomy":"post_tag","embeddable":true,"href":"https:\/\/libriamoci.cepell.it\/II\/index.php?rest_route=%2Fwp%2Fv2%2Ftags&post=18134"}],"curies":[{"name":"wp","href":"https:\/\/api.w.org\/{rel}","templated":true}]}}