{"id":17426,"date":"2021-10-22T13:13:29","date_gmt":"2021-10-22T13:13:29","guid":{"rendered":"https:\/\/libriamoci.cepell.it\/II\/?p=17426"},"modified":"2021-10-22T13:13:29","modified_gmt":"2021-10-22T13:13:29","slug":"il-gioco-del-mondo-le-bibliografie-di-libriamoci-2021","status":"publish","type":"post","link":"https:\/\/libriamoci.cepell.it\/II\/?p=17426","title":{"rendered":"Il gioco del mondo &#8211; Le bibliografie di Libriamoci 2021"},"content":{"rendered":"<h3>Il gioco del mondo: storie di comunit\u00e0 e piccoli gruppi<\/h3>\n<div class=\"gmail_default\">Nella maggior parte dei casi, le narrazioni si occupano di singoli personaggi, o di avventure e vicende di gruppi minuscoli. Ma ci sono storie che puntano invece ad abbracciare una intera comunit\u00e0, allargando lo sguardo al\u00a0<b>vivere collettivo<\/b>, alle dinamiche, agli equilibri sociali, agli scompensi, agli attriti e ai pregi che ne conseguono. La declinazione scelta per questo filone, per tutte le fasce d&#8217;et\u00e0, vuole indagare quei meccanismi, per recuperare il senso dello stare collettivo, e mettere al centro il proprio ruolo all&#8217;interno di un sistema pi\u00f9 grande.<\/div>\n<div>\u00a0<\/div>\n<p><a href=\"#infanzia\"><span style=\"text-decoration: underline;\">Scuole dell&#8217;infanzia<\/span><\/a><br \/><a href=\"#primaria\"><span style=\"text-decoration: underline;\">Scuole primarie<\/span><\/a><br \/><a href=\"#primo\"><span style=\"text-decoration: underline;\">Scuole secondarie di I grado<\/span><\/a><br \/><a href=\"#secondo\"><span style=\"text-decoration: underline;\">Scuole secondarie di II grado<\/span>\u00a0<\/a><\/p>\n<p>&nbsp;<\/p>\n<p id=\"infanzia\"><strong>SCUOLE DELL&#8217;INFANZIA<\/strong><\/p>\n<p><strong>Emma AdB\u00e5ge, <em>La buca<\/em>, Camelozampa, 2020<\/strong><span style=\"font-weight: 400;\"><br \/><\/span><span style=\"font-weight: 400;\">\u201cNel cortile della nostra scuola c\u2019\u00e8 una buca. Noi la chiamiamo la Buca. (&#8230;) Tutti amano la Buca, tranne i grandi\u201d. Un luogo che diventa teatro di fantasie e giochi, il cui protagonista \u00e8 il gruppo di bambine e bambini, i pi\u00f9 diversi tra loro, che attraversa il cortile della scuola. Fino a quando un giorno qualcosa cambia&#8230;<\/span><\/p>\n<p><strong><a href=\"https:\/\/libriamoci.cepell.it\/II\/wp-content\/uploads\/2021\/10\/buca-removebg-preview.png\"><img decoding=\"async\" loading=\"lazy\" class=\"alignnone size-full wp-image-17474\" src=\"https:\/\/libriamoci.cepell.it\/II\/wp-content\/uploads\/2021\/10\/buca-removebg-preview.png\" alt=\"buca-removebg-preview\" width=\"999\" height=\"249\" srcset=\"https:\/\/libriamoci.cepell.it\/II\/wp-content\/uploads\/2021\/10\/buca-removebg-preview.png 999w, https:\/\/libriamoci.cepell.it\/II\/wp-content\/uploads\/2021\/10\/buca-removebg-preview-300x75.png 300w, https:\/\/libriamoci.cepell.it\/II\/wp-content\/uploads\/2021\/10\/buca-removebg-preview-768x191.png 768w\" sizes=\"(max-width: 999px) 100vw, 999px\" \/><\/a><\/p>\n<p>Andrea Antinori, <i>Sulla vita dei lemuri<\/i>, Corraini, 2020<\/strong><span style=\"font-weight: 400;\"><br \/><\/span><span style=\"font-weight: 400;\">Che i lemuri vivano in Madagascar forse l\u2019abbiamo appreso dall\u2019omonimo film di animazione, ma come ci sono finiti? Antinori racconta la storia e la struttura sociale di questo animale in modo divertente e imprevisto. Un breve trattato di storia naturale fantasiosa, perch\u00e9 come ci avverte l\u2019autore \u201cnon \u00e8 che sia proprio tutto falso, ci tengo a dirlo, ma non \u00e8 neanche tutto vero\u201d.<\/span><\/p>\n<p><strong><a href=\"https:\/\/libriamoci.cepell.it\/II\/wp-content\/uploads\/2021\/10\/lemuri-removebg-preview.png\"><img decoding=\"async\" loading=\"lazy\" class=\"alignnone size-full wp-image-17475\" src=\"https:\/\/libriamoci.cepell.it\/II\/wp-content\/uploads\/2021\/10\/lemuri-removebg-preview.png\" alt=\"lemuri-removebg-preview\" width=\"999\" height=\"249\" srcset=\"https:\/\/libriamoci.cepell.it\/II\/wp-content\/uploads\/2021\/10\/lemuri-removebg-preview.png 999w, https:\/\/libriamoci.cepell.it\/II\/wp-content\/uploads\/2021\/10\/lemuri-removebg-preview-300x75.png 300w, https:\/\/libriamoci.cepell.it\/II\/wp-content\/uploads\/2021\/10\/lemuri-removebg-preview-768x191.png 768w\" sizes=\"(max-width: 999px) 100vw, 999px\" \/><\/a><\/p>\n<p>Anthony Browne, <i>Voci nel parco<\/i>, Camelozampa, 2017<\/strong><span style=\"font-weight: 400;\"><br \/><\/span><span style=\"font-weight: 400;\">Una passeggiata raccontata attraverso quattro voci, quattro punti di vista differenti, una storia che nasce dall\u2019intreccio di quattro persone. Agli adulti che tendono a rimanere nelle loro preoccupazioni e nella loro individualit\u00e0, si contrappone il mondo dei bambini che invece interagiscono tra loro e con l\u2019ambiente che li circonda. Browne ci ricorda la complessit\u00e0 della realt\u00e0, che esiste solo nell\u2019unione di diverse prospettive ed esperienze.\u00a0<\/span><\/p>\n<p><strong><a href=\"https:\/\/libriamoci.cepell.it\/II\/wp-content\/uploads\/2021\/10\/voci_nel_parco-removebg-preview.png\"><img decoding=\"async\" loading=\"lazy\" class=\"alignnone size-full wp-image-17476\" src=\"https:\/\/libriamoci.cepell.it\/II\/wp-content\/uploads\/2021\/10\/voci_nel_parco-removebg-preview.png\" alt=\"voci_nel_parco-removebg-preview\" width=\"999\" height=\"249\" srcset=\"https:\/\/libriamoci.cepell.it\/II\/wp-content\/uploads\/2021\/10\/voci_nel_parco-removebg-preview.png 999w, https:\/\/libriamoci.cepell.it\/II\/wp-content\/uploads\/2021\/10\/voci_nel_parco-removebg-preview-300x75.png 300w, https:\/\/libriamoci.cepell.it\/II\/wp-content\/uploads\/2021\/10\/voci_nel_parco-removebg-preview-768x191.png 768w\" sizes=\"(max-width: 999px) 100vw, 999px\" \/><\/a><\/p>\n<p>Giuseppe Caliceti, Noemi Vola, <i>Ciao sasso,<\/i> Corraini, 2021<\/strong><span style=\"font-weight: 400;\"><br \/><\/span><span style=\"font-weight: 400;\">Non \u00e8 sufficiente incontrarsi per essere amici, serve prendersi cura l\u2019uno dell\u2019altro, entrare in ascolto e avvicinarsi poco alla volta. La storia dell\u2019incontro e della conoscenza di un sasso e di una bambina o un bambino, di un\u2019amicizia che si costruisce tra domande e risposte.\u00a0<\/span><\/p>\n<p><strong><a href=\"https:\/\/libriamoci.cepell.it\/II\/wp-content\/uploads\/2021\/10\/sasso-removebg-preview.png\"><img decoding=\"async\" loading=\"lazy\" class=\"alignnone size-full wp-image-17477\" src=\"https:\/\/libriamoci.cepell.it\/II\/wp-content\/uploads\/2021\/10\/sasso-removebg-preview.png\" alt=\"sasso-removebg-preview\" width=\"999\" height=\"249\" srcset=\"https:\/\/libriamoci.cepell.it\/II\/wp-content\/uploads\/2021\/10\/sasso-removebg-preview.png 999w, https:\/\/libriamoci.cepell.it\/II\/wp-content\/uploads\/2021\/10\/sasso-removebg-preview-300x75.png 300w, https:\/\/libriamoci.cepell.it\/II\/wp-content\/uploads\/2021\/10\/sasso-removebg-preview-768x191.png 768w\" sizes=\"(max-width: 999px) 100vw, 999px\" \/><\/a><\/p>\n<p>Geoffroy De Pennart, <i>Un pranzo da lupi<\/i>, Babalibri, 2021<\/strong><span style=\"font-weight: 400;\"><br \/><\/span><span style=\"font-weight: 400;\">Un pranzo in famiglia e un cambio di men\u00f9. Quando il lupo Luca invita tutta la famiglia per mangiare insieme la sua nuova preda, non sa ancora che il maialino Michele \u00e8 cos\u00ec speciale e che diventeranno grandi amici. Per passare da nemici ad amici a volte basta solo conoscersi meglio, ora per\u00f2 serve pensare a una nuova portata principale!<\/span><\/p>\n<p><strong><a href=\"https:\/\/libriamoci.cepell.it\/II\/wp-content\/uploads\/2021\/10\/pranzo_da_lupi-removebg-preview.png\"><img decoding=\"async\" loading=\"lazy\" class=\"alignnone size-full wp-image-17478\" src=\"https:\/\/libriamoci.cepell.it\/II\/wp-content\/uploads\/2021\/10\/pranzo_da_lupi-removebg-preview.png\" alt=\"pranzo_da_lupi-removebg-preview\" width=\"999\" height=\"249\" srcset=\"https:\/\/libriamoci.cepell.it\/II\/wp-content\/uploads\/2021\/10\/pranzo_da_lupi-removebg-preview.png 999w, https:\/\/libriamoci.cepell.it\/II\/wp-content\/uploads\/2021\/10\/pranzo_da_lupi-removebg-preview-300x75.png 300w, https:\/\/libriamoci.cepell.it\/II\/wp-content\/uploads\/2021\/10\/pranzo_da_lupi-removebg-preview-768x191.png 768w\" sizes=\"(max-width: 999px) 100vw, 999px\" \/><\/a><\/p>\n<p>Arthur Geisert, <i>Porcheria<\/i>, orecchio acerbo, 2020<\/strong><span style=\"font-weight: 400;\"><br \/><\/span><span style=\"font-weight: 400;\">Chi ci ha fatto credere che i maiali sono animali sporchi? Sicuramente non Geisert che mette in scena, senza parole, uno straordinario marchingegno all\u2019avanguardia che tutta la comunit\u00e0 allestisce per assicurare la pulizia di tutte e tutti. Per far funzionare il complesso processo, tra prelievo, lavaggio, risciacquo e asciugatura, \u00e8 necessaria la collaborazione di ognuno di loro.\u00a0<\/span><\/p>\n<p><b><a href=\"https:\/\/libriamoci.cepell.it\/II\/wp-content\/uploads\/2021\/10\/porcheria-removebg-preview.png\"><img decoding=\"async\" loading=\"lazy\" class=\"alignnone size-full wp-image-17479\" src=\"https:\/\/libriamoci.cepell.it\/II\/wp-content\/uploads\/2021\/10\/porcheria-removebg-preview.png\" alt=\"porcheria-removebg-preview\" width=\"999\" height=\"249\" srcset=\"https:\/\/libriamoci.cepell.it\/II\/wp-content\/uploads\/2021\/10\/porcheria-removebg-preview.png 999w, https:\/\/libriamoci.cepell.it\/II\/wp-content\/uploads\/2021\/10\/porcheria-removebg-preview-300x75.png 300w, https:\/\/libriamoci.cepell.it\/II\/wp-content\/uploads\/2021\/10\/porcheria-removebg-preview-768x191.png 768w\" sizes=\"(max-width: 999px) 100vw, 999px\" \/><\/a><\/p>\n<p>H\u00e9l\u00e8ne Lassere, Gilles Bonotaux, <\/b><b><i>Pi\u00f9 vicini che mai<\/i><\/b><b>, orecchio acerbo, 2021<\/b><b><br \/><\/b><span style=\"font-weight: 400;\">Torna il condominio protagonista di <\/span><i><span style=\"font-weight: 400;\">Meravigliosi vicini<\/span><\/i><span style=\"font-weight: 400;\">. Il vicinato \u00e8 in continuo mutamento, tra traslochi e lavori di ristrutturazione che vengono accolti come attivit\u00e0 collettive e per il bene di tutte le persone che abitano il quartiere. Un libro che ricorda i libri brulicanti di Rotraut Susanne Berner, in cui perdersi tra i dettagli e le scene pi\u00f9 nascoste, attraverso le quali prende vita una comunit\u00e0 che immagina e costruisce una nuova realt\u00e0, un nuovo modo di abitare e di vivere il vicinato.\u00a0<\/span><\/p>\n<p><strong><a href=\"https:\/\/libriamoci.cepell.it\/II\/wp-content\/uploads\/2021\/10\/vicini-removebg-preview.png\"><img decoding=\"async\" loading=\"lazy\" class=\"alignnone size-full wp-image-17480\" src=\"https:\/\/libriamoci.cepell.it\/II\/wp-content\/uploads\/2021\/10\/vicini-removebg-preview.png\" alt=\"vicini-removebg-preview\" width=\"999\" height=\"249\" srcset=\"https:\/\/libriamoci.cepell.it\/II\/wp-content\/uploads\/2021\/10\/vicini-removebg-preview.png 999w, https:\/\/libriamoci.cepell.it\/II\/wp-content\/uploads\/2021\/10\/vicini-removebg-preview-300x75.png 300w, https:\/\/libriamoci.cepell.it\/II\/wp-content\/uploads\/2021\/10\/vicini-removebg-preview-768x191.png 768w\" sizes=\"(max-width: 999px) 100vw, 999px\" \/><\/a><\/p>\n<p>Astrid Lindgren, Marit T\u00f6rnqvist, <em>Tutto dormir\u00e0<\/em>, Camelozampa, 2021<\/strong><span style=\"font-weight: 400;\"><br \/><\/span><span style=\"font-weight: 400;\">Una ninna nanna che accompagna il momento di andare a letto attraverso una passeggiata in una sera estiva dove tutto si addormenta. Un testo poetico tradotto da Chiara Carminati che mette insieme bambine e bambini, famiglie, animali che si preparano a dormire al calar della sera. Una ninna nanna popolare svedese trasposta in un albo illustrato, senza perdere la sua musicalit\u00e0.\u00a0<\/span><\/p>\n<p><strong><a href=\"https:\/\/libriamoci.cepell.it\/II\/wp-content\/uploads\/2021\/10\/tutto_dormir\u00e0-removebg-preview.png\"><img decoding=\"async\" loading=\"lazy\" class=\"alignnone size-full wp-image-17481\" src=\"https:\/\/libriamoci.cepell.it\/II\/wp-content\/uploads\/2021\/10\/tutto_dormir\u00e0-removebg-preview.png\" alt=\"tutto_dormir\u00e0-removebg-preview\" width=\"999\" height=\"249\" srcset=\"https:\/\/libriamoci.cepell.it\/II\/wp-content\/uploads\/2021\/10\/tutto_dormir\u00e0-removebg-preview.png 999w, https:\/\/libriamoci.cepell.it\/II\/wp-content\/uploads\/2021\/10\/tutto_dormir\u00e0-removebg-preview-300x75.png 300w, https:\/\/libriamoci.cepell.it\/II\/wp-content\/uploads\/2021\/10\/tutto_dormir\u00e0-removebg-preview-768x191.png 768w\" sizes=\"(max-width: 999px) 100vw, 999px\" \/><\/a><\/p>\n<p>Chiara Vignocchi, Silvia borando, <i>Ho visto una talpa<\/i>, Minibombo, 2020<\/strong><span style=\"font-weight: 400;\"><br \/><\/span><span style=\"font-weight: 400;\">Non un unico avvistamento, ma a esclamare \u201cho visto una talpa\u201d sono animali diversi, ognuno con una propria versione personale di ci\u00f2 che ha visto. Ma come \u00e8 fatta poi una talpa? L\u2019elefante ne ha incontrata una piccolissima, la lumaca invece una molto veloce. Al gruppo di amici viene quasi da pensare che abbiano avvistato talpe diverse&#8230;\u00a0<\/span><\/p>\n<p><a href=\"https:\/\/libriamoci.cepell.it\/II\/wp-content\/uploads\/2021\/10\/talpa-removebg-preview.png\"><img decoding=\"async\" loading=\"lazy\" class=\"alignnone size-full wp-image-17482\" src=\"https:\/\/libriamoci.cepell.it\/II\/wp-content\/uploads\/2021\/10\/talpa-removebg-preview.png\" alt=\"talpa-removebg-preview\" width=\"999\" height=\"249\" srcset=\"https:\/\/libriamoci.cepell.it\/II\/wp-content\/uploads\/2021\/10\/talpa-removebg-preview.png 999w, https:\/\/libriamoci.cepell.it\/II\/wp-content\/uploads\/2021\/10\/talpa-removebg-preview-300x75.png 300w, https:\/\/libriamoci.cepell.it\/II\/wp-content\/uploads\/2021\/10\/talpa-removebg-preview-768x191.png 768w\" sizes=\"(max-width: 999px) 100vw, 999px\" \/><\/a><\/p>\n<p>&nbsp;<\/p>\n<p id=\"primaria\"><strong><br \/>SCUOLE PRIMARIE<\/strong><\/p>\n<p><strong>Cristina Bellemo, Andrea Antinori, <em>Il paese degli elenchi<\/em>, Topipittori, 2021<br \/><\/strong>Un racconto leggero ma molto attuale dove il fantomatico signor Fermo Sicurini, abitante del Paese degli Elenchi, deve rilasciare certificati ai suoi cittadini. Tutto fila abbastanza liscio fino a quando un gruppo di bambini irrompe nell\u2019ufficio e la loro registrazione risulta alquanto complicata. Un modo per riflettere sulla vitalit\u00e0 e l\u2019immaginazione incongrua dell\u2019infanzia capace di stravolgere, da molti punti di vista, il mondo adulto.<\/p>\n<p><strong><a href=\"https:\/\/libriamoci.cepell.it\/II\/wp-content\/uploads\/2021\/10\/elenchi-removebg-preview.png\"><img decoding=\"async\" loading=\"lazy\" class=\"alignnone size-full wp-image-17493\" src=\"https:\/\/libriamoci.cepell.it\/II\/wp-content\/uploads\/2021\/10\/elenchi-removebg-preview.png\" alt=\"elenchi-removebg-preview\" width=\"999\" height=\"249\" srcset=\"https:\/\/libriamoci.cepell.it\/II\/wp-content\/uploads\/2021\/10\/elenchi-removebg-preview.png 999w, https:\/\/libriamoci.cepell.it\/II\/wp-content\/uploads\/2021\/10\/elenchi-removebg-preview-300x75.png 300w, https:\/\/libriamoci.cepell.it\/II\/wp-content\/uploads\/2021\/10\/elenchi-removebg-preview-768x191.png 768w\" sizes=\"(max-width: 999px) 100vw, 999px\" \/><\/p>\n<p><\/a>Daniil Charms, Jean Mallard, <em>La corsa degli animali<\/em>, Camelozampa, 2021<br \/><\/strong>Un racconto nonsense con ricche illustrazioni che narra di come un gruppo di animali abbia deciso di scoprire chi sia tra loro il pi\u00f9 veloce. La corsa ha inizio ma succede qualcosa di inaspettato e allora lo struzzo non si accorge di correre al contrario, il leone si ferma per schiacciare un sonnellino e l&#8217;alce e la giraffa pensano di bere tutta l&#8217;acqua del lago per far prima ad attraversarlo. Una gara sconclusionata, vivace e inaspettata.<\/p>\n<p><strong><a href=\"https:\/\/libriamoci.cepell.it\/II\/wp-content\/uploads\/2021\/10\/corsa-removebg-preview.png\"><img decoding=\"async\" loading=\"lazy\" class=\"alignnone size-full wp-image-17489\" src=\"https:\/\/libriamoci.cepell.it\/II\/wp-content\/uploads\/2021\/10\/corsa-removebg-preview.png\" alt=\"corsa-removebg-preview\" width=\"999\" height=\"249\" srcset=\"https:\/\/libriamoci.cepell.it\/II\/wp-content\/uploads\/2021\/10\/corsa-removebg-preview.png 999w, https:\/\/libriamoci.cepell.it\/II\/wp-content\/uploads\/2021\/10\/corsa-removebg-preview-300x75.png 300w, https:\/\/libriamoci.cepell.it\/II\/wp-content\/uploads\/2021\/10\/corsa-removebg-preview-768x191.png 768w\" sizes=\"(max-width: 999px) 100vw, 999px\" \/><\/a><\/p>\n<p>Thiago De Moraes, <em>Atlante dei miti<\/em>, Mondadori, 2018<br \/><\/strong>Un atlante illustrato per scoprire i miti che di solito a scuola non si incontrano. Attraverso un viaggio che, dalle divinit\u00e0 celtiche fino a quelle egizie per approdare agli dei maya e aztechi fino alle leggende dei nativi del Nord America, porta i lettori a indagare popoli lontanissimi che hanno fantasticato sull&#8217;origine del mondo e dell\u2019umanit\u00e0.<\/p>\n<p><strong><a href=\"https:\/\/libriamoci.cepell.it\/II\/wp-content\/uploads\/2021\/10\/atlante__3_-removebg-preview.png\"><img decoding=\"async\" loading=\"lazy\" class=\"alignnone size-full wp-image-17501\" src=\"https:\/\/libriamoci.cepell.it\/II\/wp-content\/uploads\/2021\/10\/atlante__3_-removebg-preview.png\" alt=\"atlante__3_-removebg-preview\" width=\"999\" height=\"249\" srcset=\"https:\/\/libriamoci.cepell.it\/II\/wp-content\/uploads\/2021\/10\/atlante__3_-removebg-preview.png 999w, https:\/\/libriamoci.cepell.it\/II\/wp-content\/uploads\/2021\/10\/atlante__3_-removebg-preview-300x75.png 300w, https:\/\/libriamoci.cepell.it\/II\/wp-content\/uploads\/2021\/10\/atlante__3_-removebg-preview-768x191.png 768w\" sizes=\"(max-width: 999px) 100vw, 999px\" \/><\/a><\/p>\n<p>Anne Fleming, <em>Una capra sul tetto<\/em>, Mondadori, 2021<br \/><\/strong>Un romanzo breve e ironico dove si narra di una ricerca strampalata. Kid, una ragazzina appena arrivata a New York, si ritrova a vivere in un palazzo estremamente interessante grazie ai suoi abitanti, persone che, attraverso le loro storie, rivelano al lettore le loro imperfezioni e sfaccettature. Kid conosce Will, un ragazzo che vive nel palazzo con la nonna, dopo aver perso i genitori. I due fanno subito amicizia e insieme andranno alla ricerca di un\u2019avventura che possa riempire le loro giornate. E che cosa c\u2019\u00e8 di meglio della ricerca di una capra? Gi\u00e0, perch\u00e9 si vocifera che sul tetto del loro palazzo viva una capra, che nessuno per\u00f2 sembra aver mai visto.<\/p>\n<p><strong><a href=\"https:\/\/libriamoci.cepell.it\/II\/wp-content\/uploads\/2021\/10\/fleming-removebg-preview.png\"><img decoding=\"async\" loading=\"lazy\" class=\"alignnone size-full wp-image-17491\" src=\"https:\/\/libriamoci.cepell.it\/II\/wp-content\/uploads\/2021\/10\/fleming-removebg-preview.png\" alt=\"fleming-removebg-preview\" width=\"999\" height=\"249\" srcset=\"https:\/\/libriamoci.cepell.it\/II\/wp-content\/uploads\/2021\/10\/fleming-removebg-preview.png 999w, https:\/\/libriamoci.cepell.it\/II\/wp-content\/uploads\/2021\/10\/fleming-removebg-preview-300x75.png 300w, https:\/\/libriamoci.cepell.it\/II\/wp-content\/uploads\/2021\/10\/fleming-removebg-preview-768x191.png 768w\" sizes=\"(max-width: 999px) 100vw, 999px\" \/><\/a><\/p>\n<p>Astrid Lindgren, Grazia Nidasio, <em>Vacanze all\u2019isola dei gabbiani<\/em>, Salani, 2020<br \/><\/strong>Questa \u00e8 la storia di un amore, di una famiglia, di bambine e bambini, di sabbia e mare, di un cane coraggioso. Un classico svedese degli anni Sessanta che non ha mai smesso di essere letto. La famiglia Melkerson da Stoccolma si trasferisce su un\u2019isoletta dell\u2019arcipelago svedese, chiamata Isola dei gabbiani. All\u2019inizio riluttanti, i giovani componenti della famiglia cambiano subito idea appena sbarcati. Si innamorano seduta stante di quel luogo selvaggio immerso in una natura accogliente e dei suoi abitanti.<\/p>\n<p><strong><a href=\"https:\/\/libriamoci.cepell.it\/II\/wp-content\/uploads\/2021\/10\/vacanze__1_-removebg-preview.png\"><img decoding=\"async\" loading=\"lazy\" class=\"alignnone size-full wp-image-17494\" src=\"https:\/\/libriamoci.cepell.it\/II\/wp-content\/uploads\/2021\/10\/vacanze__1_-removebg-preview.png\" alt=\"vacanze__1_-removebg-preview\" width=\"999\" height=\"249\" srcset=\"https:\/\/libriamoci.cepell.it\/II\/wp-content\/uploads\/2021\/10\/vacanze__1_-removebg-preview.png 999w, https:\/\/libriamoci.cepell.it\/II\/wp-content\/uploads\/2021\/10\/vacanze__1_-removebg-preview-300x75.png 300w, https:\/\/libriamoci.cepell.it\/II\/wp-content\/uploads\/2021\/10\/vacanze__1_-removebg-preview-768x191.png 768w\" sizes=\"(max-width: 999px) 100vw, 999px\" \/><\/a><\/p>\n<p>Gianni Rodari, Raul Verdini, <em>Le avventure di Cipollino<\/em>, Einaudi Ragazzi, 2021<br \/><\/strong>Tradotto in 23 lingue, ritorna questo classico della letteratura per l\u2019infanzia con le illustrazioni originali di Raul Verdini. Cipollino \u00e8 figlio di una famiglia di cipolle, \u201cGente per bene, bisogna dirlo subito, per\u00f2 piuttosto sfortunata. \/ Cosa volete, quando si nasce cipolle, le lacrime sono di casa\u201d e si ritrova a capeggiare la rivolta della popolazione, ovviamente tutta vegetale, che si ribella contro le ingiustizie del Principe Limone. Un modo ironico per raccontare ai pi\u00f9 piccoli la solidariet\u00e0 e la lotta contro le ingiustizie.<\/p>\n<p><strong><a href=\"https:\/\/libriamoci.cepell.it\/II\/wp-content\/uploads\/2021\/10\/rodari-removebg-preview.png\"><img decoding=\"async\" loading=\"lazy\" class=\"alignnone size-full wp-image-17490\" src=\"https:\/\/libriamoci.cepell.it\/II\/wp-content\/uploads\/2021\/10\/rodari-removebg-preview.png\" alt=\"rodari-removebg-preview\" width=\"999\" height=\"249\" srcset=\"https:\/\/libriamoci.cepell.it\/II\/wp-content\/uploads\/2021\/10\/rodari-removebg-preview.png 999w, https:\/\/libriamoci.cepell.it\/II\/wp-content\/uploads\/2021\/10\/rodari-removebg-preview-300x75.png 300w, https:\/\/libriamoci.cepell.it\/II\/wp-content\/uploads\/2021\/10\/rodari-removebg-preview-768x191.png 768w\" sizes=\"(max-width: 999px) 100vw, 999px\" \/><\/a><\/p>\n<p>Joanna Schaible, <em>C&#8217;era una volta e ancora ci sar\u00e0<\/em>, orecchio acerbo, 2021<br \/><\/strong>Il lontano passato e il vicino futuro. Tutto racchiuso in poche pagine, uno sfogliare lento o veloce, una fiaba che riguarda il mondo e il suo divenire, un libro di raffinata cartotecnica dove le pagine si rimpiccioliscono e poi si riallargano. Miliardi di anni fa tutto \u00e8 iniziato tra fuoco e lapilli, poi i dinosauri, poi l\u2019umanit\u00e0 e le loro incredibili costruzioni, poi le macchine. Tanti salti temporali per giungere alla camera di un bambino che fa ricominciare il viaggio di nuovo.<\/p>\n<p><strong><a href=\"https:\/\/libriamoci.cepell.it\/II\/wp-content\/uploads\/2021\/10\/c_era_una_volta-removebg-preview.png\"><img decoding=\"async\" loading=\"lazy\" class=\"alignnone size-full wp-image-17487\" src=\"https:\/\/libriamoci.cepell.it\/II\/wp-content\/uploads\/2021\/10\/c_era_una_volta-removebg-preview.png\" alt=\"c_era_una_volta-removebg-preview\" width=\"999\" height=\"249\" srcset=\"https:\/\/libriamoci.cepell.it\/II\/wp-content\/uploads\/2021\/10\/c_era_una_volta-removebg-preview.png 999w, https:\/\/libriamoci.cepell.it\/II\/wp-content\/uploads\/2021\/10\/c_era_una_volta-removebg-preview-300x75.png 300w, https:\/\/libriamoci.cepell.it\/II\/wp-content\/uploads\/2021\/10\/c_era_una_volta-removebg-preview-768x191.png 768w\" sizes=\"(max-width: 999px) 100vw, 999px\" \/><\/a><\/p>\n<p>Ulf Stark, Kitty Crowther, <em>La grande fuga<\/em>, Iperborea, 2020<br \/><\/strong>Con la sapiente ironia, tratto stilistico che contraddistingue questo autore, e con le brillanti immagini di Crowther, si assiste al dipanarsi di una rocambolesca fuga. Il piccolo Ulf \u00e8 intenzionato a far scappare il nonno dall\u2019ospedale, quel nonno scorbutico e sboccato che tanto fa arrabbiare le infermiere e i dottori ma anche i suoi genitori, ma che lui ama molto. Con l\u2019aiuto di un amico panettiere i due fuggiaschi si allontanano dalla citt\u00e0 per arrivare in un luogo del passato dove il nonno pu\u00f2 ricordare senza essere disturbato. Racconto postumo, questo romanzo \u00e8 considerato tra i pi\u00f9 belli di Stark dove con grazia e umorismo scava nei misteri della vita, della morte e dell\u2019amore.<\/p>\n<p><strong><a href=\"https:\/\/libriamoci.cepell.it\/II\/wp-content\/uploads\/2021\/10\/stark-removebg-preview-1.png\"><img decoding=\"async\" loading=\"lazy\" class=\"alignnone size-full wp-image-17492\" src=\"https:\/\/libriamoci.cepell.it\/II\/wp-content\/uploads\/2021\/10\/stark-removebg-preview-1.png\" alt=\"stark-removebg-preview\" width=\"999\" height=\"249\" srcset=\"https:\/\/libriamoci.cepell.it\/II\/wp-content\/uploads\/2021\/10\/stark-removebg-preview-1.png 999w, https:\/\/libriamoci.cepell.it\/II\/wp-content\/uploads\/2021\/10\/stark-removebg-preview-1-300x75.png 300w, https:\/\/libriamoci.cepell.it\/II\/wp-content\/uploads\/2021\/10\/stark-removebg-preview-1-768x191.png 768w\" sizes=\"(max-width: 999px) 100vw, 999px\" \/><\/a><\/p>\n<p>C<\/strong><strong>atharina Valckx, Nicolas Hubesh, <em>Luigi. Il giorno che ho regalato una pianta a uno sconosciuto<\/em>, Babalibri, 2017<br \/><\/strong>&#8220;A un certo punto, sotto un lampione ho trovato una pianta. Qualcuno l&#8217;aveva buttata. Qualcuno non l&#8217;amava pi\u00f9, penso.&#8221; Il gatto Luigi ha una missione, dare una casa alla pianta abbandonata. Tra un susseguirsi di strani personaggi e doni inaspettati, Luigi si mette nelle condizioni di vivere avventure \u201cbotaniche\u201d, a tratti folli e surreali, per scoprire gli abitanti della sua citt\u00e0.<\/p>\n<p><strong><a href=\"https:\/\/libriamoci.cepell.it\/II\/wp-content\/uploads\/2021\/10\/luigi-removebg-preview.png\"><img decoding=\"async\" loading=\"lazy\" class=\"alignnone size-full wp-image-17486\" src=\"https:\/\/libriamoci.cepell.it\/II\/wp-content\/uploads\/2021\/10\/luigi-removebg-preview.png\" alt=\"luigi-removebg-preview\" width=\"999\" height=\"249\" srcset=\"https:\/\/libriamoci.cepell.it\/II\/wp-content\/uploads\/2021\/10\/luigi-removebg-preview.png 999w, https:\/\/libriamoci.cepell.it\/II\/wp-content\/uploads\/2021\/10\/luigi-removebg-preview-300x75.png 300w, https:\/\/libriamoci.cepell.it\/II\/wp-content\/uploads\/2021\/10\/luigi-removebg-preview-768x191.png 768w\" sizes=\"(max-width: 999px) 100vw, 999px\" \/><\/a><br \/><\/strong><\/p>\n<p>&nbsp;<\/p>\n<p id=\"primo\"><strong><br \/>SCUOLE SECONDARIE DI I GRADO<\/strong><\/p>\n<p><b>Baru, <em>Gli anni dello Sputnik<\/em>, Oblomov, 2017<br \/><\/b><span style=\"font-weight: 400;\">C&#8217;\u00e8 una eterna lotta tra bande di ragazzetti in paese, un giocare alla guerra allegro e selvaggio come nei grandi classici di inizio Novecento <\/span><i><span style=\"font-weight: 400;\">I ragazzi di via Pal<\/span><\/i><span style=\"font-weight: 400;\"> e <\/span><i><span style=\"font-weight: 400;\">La guerra dei bottoni, <\/span><\/i><span style=\"font-weight: 400;\">che \u00e8 anche un modo per regolare le relazioni e gli equilibri tra pari. Ma sullo sfondo anche i grandi stanno facendo lo stesso, su altre misure che sfiorano le battaglie dei piccoli: siamo alla fine degli anni Cinquanta in Francia, e sono continui gli echi della guerra d&#8217;Algeria e gli scioperi degli operai. Un graphic novel di un gigante del fumetto francese.<\/span><\/p>\n<p><b><a href=\"https:\/\/libriamoci.cepell.it\/II\/wp-content\/uploads\/2021\/10\/sputnik-removebg-preview.png\"><img decoding=\"async\" loading=\"lazy\" class=\"alignnone size-full wp-image-17439\" src=\"https:\/\/libriamoci.cepell.it\/II\/wp-content\/uploads\/2021\/10\/sputnik-removebg-preview.png\" alt=\"sputnik-removebg-preview\" width=\"999\" height=\"249\" srcset=\"https:\/\/libriamoci.cepell.it\/II\/wp-content\/uploads\/2021\/10\/sputnik-removebg-preview.png 999w, https:\/\/libriamoci.cepell.it\/II\/wp-content\/uploads\/2021\/10\/sputnik-removebg-preview-300x75.png 300w, https:\/\/libriamoci.cepell.it\/II\/wp-content\/uploads\/2021\/10\/sputnik-removebg-preview-768x191.png 768w\" sizes=\"(max-width: 999px) 100vw, 999px\" \/><\/p>\n<p><\/a><\/b><b>Anne-Laure Bondoux, <\/b><b><i>Linus Hoppe contro il destino<\/i><\/b><b>, Giunti, 2013<br \/><\/b><span style=\"font-weight: 400;\">In un futuro prossimo, Parigi \u00e8 ancor pi\u00f9 bella, e la vita degli abitanti senza problemi: niente inquinamento n\u00e9 traffico, criminalit\u00e0 e povert\u00e0 azzerate, Esistono per\u00f2,\u00a0 compartimenti tra loro quasi stagni, altre \u201csfere\u201d della citt\u00e0, ognuna caratterizzata da classi sociali, mestieri, abitudini quotidiane, prospettive diverse. Linus Hoppe ha 14 anni e vive con la sua famiglia nella prima &#8220;sfera&#8221;, e si interroga continuamente su questo strano equilibrio cui le altre persone non sembrano fare caso. E allora, per capire se questo ordine superiore si pu\u00f2 scardinare, prova a confondere il grande computer che durante l\u2019esame finale dovr\u00e0 assegnarlo, per la vita, ad una delle sfere.<\/span><span style=\"font-weight: 400;\">\u00a0<\/span><\/p>\n<p><b><a href=\"https:\/\/libriamoci.cepell.it\/II\/wp-content\/uploads\/2021\/10\/destino-removebg-preview.png\"><img decoding=\"async\" loading=\"lazy\" class=\"alignnone size-full wp-image-17438\" src=\"https:\/\/libriamoci.cepell.it\/II\/wp-content\/uploads\/2021\/10\/destino-removebg-preview.png\" alt=\"destino-removebg-preview\" width=\"999\" height=\"249\" srcset=\"https:\/\/libriamoci.cepell.it\/II\/wp-content\/uploads\/2021\/10\/destino-removebg-preview.png 999w, https:\/\/libriamoci.cepell.it\/II\/wp-content\/uploads\/2021\/10\/destino-removebg-preview-300x75.png 300w, https:\/\/libriamoci.cepell.it\/II\/wp-content\/uploads\/2021\/10\/destino-removebg-preview-768x191.png 768w\" sizes=\"(max-width: 999px) 100vw, 999px\" \/><\/p>\n<p><\/a><\/b><b>Tim Bruno, <em>Factory<\/em>, Rizzoli, 2020<br \/><\/b><span style=\"font-weight: 400;\">C\u2019\u00e8 un\u2019enorme fabbrica, che per i topi del posto, attratti dall\u2019odore, \u00e8 una vera miniera d\u2019oro, generosa com\u2019\u00e8 di scarti commestibili. Scorza, un ratto particolarmente intelligente e coraggioso, ha trovato un modo per entrarci, e ha scoperto un vero universo parallelo. Per ogni piano centinaia di bestie tutte belle in fila nei loro scomparti, ingozzate tutto il giorno: vacche, maiali, pecore, ben felici della loro grande fortuna, con un sistema di relazioni che non ha intoppi e la totale inconsapevolezza che fuori dalla Factory esiste qualcos\u2019altro.<br \/><\/span><span style=\"font-weight: 400;\">Tim Bruno \u00e8 responsabile delle attivit\u00e0 didattiche dell&#8217;Acquario di Genova.<\/span><\/p>\n<p><b><a href=\"https:\/\/libriamoci.cepell.it\/II\/wp-content\/uploads\/2021\/10\/factory-removebg-preview.png\"><img decoding=\"async\" loading=\"lazy\" class=\"alignnone size-full wp-image-17436\" src=\"https:\/\/libriamoci.cepell.it\/II\/wp-content\/uploads\/2021\/10\/factory-removebg-preview.png\" alt=\"factory-removebg-preview\" width=\"999\" height=\"249\" srcset=\"https:\/\/libriamoci.cepell.it\/II\/wp-content\/uploads\/2021\/10\/factory-removebg-preview.png 999w, https:\/\/libriamoci.cepell.it\/II\/wp-content\/uploads\/2021\/10\/factory-removebg-preview-300x75.png 300w, https:\/\/libriamoci.cepell.it\/II\/wp-content\/uploads\/2021\/10\/factory-removebg-preview-768x191.png 768w\" sizes=\"(max-width: 999px) 100vw, 999px\" \/><\/a><\/p>\n<p>Timoth\u00e9e De Fombelle, <\/b><b><i>Alma del vento, <\/i><\/b><b>Mondadori, 2021<br \/><\/b><span style=\"font-weight: 400;\">La nuova, premiatissima trilogia di questo grande autore francese, ambientata negli ultimi anni del diciottesimo secolo, gioca su pi\u00f9 piani, ognuno dei quali \u00e8 un modo diverso di regolare i rapporti tra persone: c&#8217;\u00e8 la vallata africana con le dinamiche prima di una famiglia isolata, poi tra diverse trib\u00f9, poi tra queste e i commercianti bianchi; c&#8217;\u00e8 il microcosmo di una nave che trasporta schiavi, con una gerarchia rigidissima; ci sono i giochi di potere in una grande citt\u00e0, dove il rispetto e i rapporti sono guidati dalla forza del denaro. E c&#8217;\u00e8 un lento intrecciarsi di queste storie in un unico grande affresco.\u00a0<\/span><\/p>\n<p><b><a href=\"https:\/\/libriamoci.cepell.it\/II\/wp-content\/uploads\/2021\/10\/almadelvento-removebg-preview.png\"><img decoding=\"async\" loading=\"lazy\" class=\"alignnone size-full wp-image-17437\" src=\"https:\/\/libriamoci.cepell.it\/II\/wp-content\/uploads\/2021\/10\/almadelvento-removebg-preview.png\" alt=\"almadelvento-removebg-preview\" width=\"999\" height=\"249\" srcset=\"https:\/\/libriamoci.cepell.it\/II\/wp-content\/uploads\/2021\/10\/almadelvento-removebg-preview.png 999w, https:\/\/libriamoci.cepell.it\/II\/wp-content\/uploads\/2021\/10\/almadelvento-removebg-preview-300x75.png 300w, https:\/\/libriamoci.cepell.it\/II\/wp-content\/uploads\/2021\/10\/almadelvento-removebg-preview-768x191.png 768w\" sizes=\"(max-width: 999px) 100vw, 999px\" \/><br \/><\/a><br \/>Andrea Franzoso, <\/b><b><i>Viva la Costituzione<\/i><\/b><b>, De Agostini, 2020<\/b><b><br \/><\/b><span style=\"font-weight: 400;\">Franzoso rilegge la Costituzione, e decide di raccontarla a partire da venti parole chiave che secondo lui ne distillano il senso. Per ogni parola poi va alla ricerca di una storia reale, avvenuta in Italia, che sappia incarnarla: cos\u00ec a<\/span> <span style=\"font-weight: 400;\">rappresentare il concetto di \u201cpace\u201d c\u2019\u00e8 la storia di Vito, che \u00e8 diventato ricco producendo mine antiuomo, e che poi decide all\u2019improvviso di cambiare vita e andare a disinnescarle; o a raccontare il tricolore c\u2019\u00e8 la storia di quattro atlete azzurre di carnagione scura che sorridono in pista sotto la bandiera; e \u201cscuola\u201d passa attraverso un\u2019esperienza virtuosa dei Maestri di Strada al rione Lotto Zero di Napoli\u2026<\/span><\/p>\n<p><b><a href=\"https:\/\/libriamoci.cepell.it\/II\/wp-content\/uploads\/2021\/10\/franzoso-removebg-preview.png\"><img decoding=\"async\" loading=\"lazy\" class=\"alignnone size-full wp-image-17434\" src=\"https:\/\/libriamoci.cepell.it\/II\/wp-content\/uploads\/2021\/10\/franzoso-removebg-preview.png\" alt=\"franzoso-removebg-preview\" width=\"999\" height=\"249\" srcset=\"https:\/\/libriamoci.cepell.it\/II\/wp-content\/uploads\/2021\/10\/franzoso-removebg-preview.png 999w, https:\/\/libriamoci.cepell.it\/II\/wp-content\/uploads\/2021\/10\/franzoso-removebg-preview-300x75.png 300w, https:\/\/libriamoci.cepell.it\/II\/wp-content\/uploads\/2021\/10\/franzoso-removebg-preview-768x191.png 768w\" sizes=\"(max-width: 999px) 100vw, 999px\" \/><\/a><\/p>\n<p>Lois Lowry, <em>The Giver<\/em>, Mondadori, 2021<br \/><\/b><span style=\"font-weight: 400;\">Diventato anche grazie al film di Noyce un classico contemporaneo, \u00e8 un precursore delle tante distopie degli ultimi anni. Racconta di una comunit\u00e0 perfetta, in cui tutto \u00e8 ordinato, pulito ed equilibrato. Non ci sono dissidi n\u00e9 crimini, tutti sembrano felici e soddisfatti, e regna una totale armonia. La chiave del successo \u00e8 un rito: a dodici anni si riceve il proprio ruolo per gli anni a venire, e nessuno ha dubbi. Fino a quando a Jonas viene assegnato il compito di \u201craccoglitore di memorie\u201d, che gli consentir\u00e0 di comprendere pian piano qual \u00e8 il prezzo da pagare per quella societ\u00e0 cos\u00ec perfetta.<\/span><\/p>\n<p><b><a href=\"https:\/\/libriamoci.cepell.it\/II\/wp-content\/uploads\/2021\/10\/giver-removebg-preview.png\"><img decoding=\"async\" loading=\"lazy\" class=\"alignnone size-full wp-image-17435\" src=\"https:\/\/libriamoci.cepell.it\/II\/wp-content\/uploads\/2021\/10\/giver-removebg-preview.png\" alt=\"giver-removebg-preview\" width=\"999\" height=\"249\" srcset=\"https:\/\/libriamoci.cepell.it\/II\/wp-content\/uploads\/2021\/10\/giver-removebg-preview.png 999w, https:\/\/libriamoci.cepell.it\/II\/wp-content\/uploads\/2021\/10\/giver-removebg-preview-300x75.png 300w, https:\/\/libriamoci.cepell.it\/II\/wp-content\/uploads\/2021\/10\/giver-removebg-preview-768x191.png 768w\" sizes=\"(max-width: 999px) 100vw, 999px\" \/><\/a><\/p>\n<p>Joann Sfar, Lewis Trondheim, <\/b><b><i>La Fortezza<\/i><\/b><b>, Bao, 2021<br \/><\/b>C\u2019\u00e8 un\u2019immensa fortezza, con un numero infinito di piani, che \u00e8 un vero cosmo a se stante, con le sue logiche e regole. All\u2019interno si muovono personaggi che hanno pi\u00f9 o meno gli stessi obiettivi, legati a leggendari tesori da scoprire. Per uno scambio di persona, viene messo a capo di una missione non l\u2019avventuriero pi\u00f9 forte e scaltro di tutti, ma Herbert, un papero ridicolo che ribalta ogni automatismo sociale. Un\u2019opera a fumetti di dimensioni epiche, iniziata da due maestri della letteratura disegnata francese oltre vent\u2019anni fa che nei loro sogni avrebbe dovuto svilupparsi per 300 volumi.\u00a0\u00a0<\/p>\n<p><b><a href=\"https:\/\/libriamoci.cepell.it\/II\/wp-content\/uploads\/2021\/10\/sfaar-removebg-preview.png\"><img decoding=\"async\" loading=\"lazy\" class=\"alignnone size-full wp-image-17430\" src=\"https:\/\/libriamoci.cepell.it\/II\/wp-content\/uploads\/2021\/10\/sfaar-removebg-preview.png\" alt=\"sfaar-removebg-preview\" width=\"999\" height=\"249\" srcset=\"https:\/\/libriamoci.cepell.it\/II\/wp-content\/uploads\/2021\/10\/sfaar-removebg-preview.png 999w, https:\/\/libriamoci.cepell.it\/II\/wp-content\/uploads\/2021\/10\/sfaar-removebg-preview-300x75.png 300w, https:\/\/libriamoci.cepell.it\/II\/wp-content\/uploads\/2021\/10\/sfaar-removebg-preview-768x191.png 768w\" sizes=\"(max-width: 999px) 100vw, 999px\" \/><\/a><\/p>\n<p>Jerry Spinelli, <\/b><b><i>Tiro al piccione<\/i><\/b><b>, Mondadori, 2011<br \/><\/b><span style=\"font-weight: 400;\">In una cittadina americana la grande festa che unifica la popolazione, come un rito di purificazione collettiva, \u00e8 dedicata ad uno sport crudele: il tiro al piccione. Gli uccelli vengono storditi a migliaia, e compito dei ragazzini dell\u2019et\u00e0 di Palmer \u00e8 tirar loro il collo. Ma Palmer non ne vuole sapere, sia perch\u00e9 da tempo ha fatto amicizia con un piccione, sia perch\u00e9 \u00e8 immune dal conformismo che sembra render tutti privi di cervello.<\/span><\/p>\n<p><b><a href=\"https:\/\/libriamoci.cepell.it\/II\/wp-content\/uploads\/2021\/10\/spinelli-removebg-preview-1.png\"><img decoding=\"async\" loading=\"lazy\" class=\"alignnone size-full wp-image-17432\" src=\"https:\/\/libriamoci.cepell.it\/II\/wp-content\/uploads\/2021\/10\/spinelli-removebg-preview-1.png\" alt=\"spinelli-removebg-preview\" width=\"999\" height=\"249\" srcset=\"https:\/\/libriamoci.cepell.it\/II\/wp-content\/uploads\/2021\/10\/spinelli-removebg-preview-1.png 999w, https:\/\/libriamoci.cepell.it\/II\/wp-content\/uploads\/2021\/10\/spinelli-removebg-preview-1-300x75.png 300w, https:\/\/libriamoci.cepell.it\/II\/wp-content\/uploads\/2021\/10\/spinelli-removebg-preview-1-768x191.png 768w\" sizes=\"(max-width: 999px) 100vw, 999px\" \/><\/a><\/p>\n<p>Osamu Tezuka, <\/b><b><i>Kimba. Il leone bianco,<\/i><\/b><b> edizioni BD, 2019 (Voll. 2)<br \/><\/b><span style=\"font-weight: 400;\">Dal \u201cdio del manga\u201d, artista leggendario artefice di infiniti capolavori del fumetto giapponese, la storia di Kimba, noto in tutto il mondo anche per la serie classica di cartoni animati che ne \u00e8 stata tratta negli anni Settanta. Alla morte del padre, il giovane leone bianco <\/span><span style=\"font-weight: 400;\">lotta per costruire un regno sicuro e pacifico, in equilibrio perfetto per tutti gli animali incapaci di difendersi con le proprie forze dai soprusi dell&#8217;animale pi\u00f9 aggressivo di tutti: l&#8217;uomo.\u00a0<\/span><\/p>\n<p><b><a href=\"https:\/\/libriamoci.cepell.it\/II\/wp-content\/uploads\/2021\/10\/kimba-removebg-preview.png\"><img decoding=\"async\" loading=\"lazy\" class=\"alignnone size-full wp-image-17433\" src=\"https:\/\/libriamoci.cepell.it\/II\/wp-content\/uploads\/2021\/10\/kimba-removebg-preview.png\" alt=\"kimba-removebg-preview\" width=\"999\" height=\"249\" srcset=\"https:\/\/libriamoci.cepell.it\/II\/wp-content\/uploads\/2021\/10\/kimba-removebg-preview.png 999w, https:\/\/libriamoci.cepell.it\/II\/wp-content\/uploads\/2021\/10\/kimba-removebg-preview-300x75.png 300w, https:\/\/libriamoci.cepell.it\/II\/wp-content\/uploads\/2021\/10\/kimba-removebg-preview-768x191.png 768w\" sizes=\"(max-width: 999px) 100vw, 999px\" \/><\/a><\/p>\n<p>Bruno Tognolini, <\/b><b><i>Lunamoonda<\/i><\/b><b>, TEA, 2017<br \/><\/b><span style=\"font-weight: 400;\">In una Sardegna futura ogni dettaglio della vita, compresi i rapporti sociali, \u00e8 regolato da una specie di computer intelligente diffuso ovunque come una infinita rete sotterranea. Solo in un punto, su un promontorio rimasto selvaggio, la Nassa non \u00e8 riuscita a penetrare, e l\u00ec vivono alcuni ragazzini che non vogliono entrare a patti con quella realt\u00e0. Anzi, dopo aver creato una comunit\u00e0 alternativa, le si oppongono, e cercano periodicamente di mandare in tilt il sistema per tornare a esistenze pi\u00f9 sostenibili.<\/span><\/p>\n<p><a href=\"https:\/\/libriamoci.cepell.it\/II\/wp-content\/uploads\/2021\/10\/lunamoonda-removebg-preview.png\"><img decoding=\"async\" loading=\"lazy\" class=\"alignnone size-full wp-image-17431\" src=\"https:\/\/libriamoci.cepell.it\/II\/wp-content\/uploads\/2021\/10\/lunamoonda-removebg-preview.png\" alt=\"lunamoonda-removebg-preview\" width=\"999\" height=\"249\" srcset=\"https:\/\/libriamoci.cepell.it\/II\/wp-content\/uploads\/2021\/10\/lunamoonda-removebg-preview.png 999w, https:\/\/libriamoci.cepell.it\/II\/wp-content\/uploads\/2021\/10\/lunamoonda-removebg-preview-300x75.png 300w, https:\/\/libriamoci.cepell.it\/II\/wp-content\/uploads\/2021\/10\/lunamoonda-removebg-preview-768x191.png 768w\" sizes=\"(max-width: 999px) 100vw, 999px\" \/><\/a><\/p>\n<p>&nbsp;<\/p>\n<p id=\"secondo\"><strong><br \/>SCUOLE SECONDARIE DI II GRADO<\/strong><\/p>\n<p><b>Chinua Achebe, <\/b><b><i>Le cose crollano<\/i><\/b><b>, La Nave di Teseo, 2016<br \/><\/b><span style=\"font-weight: 400;\">Nel villaggio Ibo, in Nigeria, in cui Okonkwo \u00e8 nato e cresciuto, le regole sociali sono chiare e immutabili, in ogni settore della vita personale e comunitaria. Il suo impegno, quasi un\u2019ossessione, \u00e8 staccarsi radicalmente dalla mollezza del padre, uomo bizzarro e pigro che ha rifiutato qualsiasi reale inserimento nella trib\u00f9, per guadagnare per s\u00e9 e per la famiglia un ruolo di primo piano. Rude, violento, senza mai un dubbio, punta a farsi leader riconosciuto, e ci riesce. ma un errore tragico durante una cerimonia lo costringe ad un lungo esilio. Deve ripartire da capo, farsi accettare e benvolere da un altro gruppo. Anni dopo, quando rientra al suo paese con l\u2019intento di riposizionarsi, trova le dinamiche sociali totalmente mutate: sono arrivati i missionari europei.<\/span><b><a href=\"https:\/\/libriamoci.cepell.it\/II\/wp-content\/uploads\/2021\/10\/achebe-removebg-preview.png\"><img decoding=\"async\" loading=\"lazy\" class=\"alignnone size-full wp-image-17449\" src=\"https:\/\/libriamoci.cepell.it\/II\/wp-content\/uploads\/2021\/10\/achebe-removebg-preview.png\" alt=\"achebe-removebg-preview\" width=\"999\" height=\"249\" srcset=\"https:\/\/libriamoci.cepell.it\/II\/wp-content\/uploads\/2021\/10\/achebe-removebg-preview.png 999w, https:\/\/libriamoci.cepell.it\/II\/wp-content\/uploads\/2021\/10\/achebe-removebg-preview-300x75.png 300w, https:\/\/libriamoci.cepell.it\/II\/wp-content\/uploads\/2021\/10\/achebe-removebg-preview-768x191.png 768w\" sizes=\"(max-width: 999px) 100vw, 999px\" \/><\/a><\/b><\/p>\n<p><b><br \/>Octavia E. Butler, <\/b><b><i>Legami di sangue<\/i><\/b><b>, SUR, 2020<br \/><\/b><span style=\"font-weight: 400;\">Cosa succederebbe se una giovane donna nera di oggi (siamo in realt\u00e0 nel 1976, bicentenario dell\u2019indipendenza americana), emancipata e borghese, nel bel mezzo di una giornata qualsiasi si ritrovasse improvvisamente trasportata nel passato, nella piantagione in cui erano schiavi i suoi antenati? Le convinzioni, le logiche, le conquiste della contemporaneit\u00e0 come verrebbero recepite? Riuscirebbe a creare fratture nelle consuetudini dell\u2019epoca, a convincere qualcuno delle certezze che il nostro presente si \u00e8 guadagnato con tane battaglie?<br \/><\/span><span style=\"font-weight: 400;\">Un espediente narrativo che si inserisce a met\u00e0 tra il filone classico di racconti sugli schiavi e la fiction speculativa, in grado di interrogare gli ingranaggi pi\u00f9 nascosti del vivere comune.<\/span><\/p>\n<p><b><a href=\"https:\/\/libriamoci.cepell.it\/II\/wp-content\/uploads\/2021\/10\/butler-removebg-preview.png\"><img decoding=\"async\" loading=\"lazy\" class=\"alignnone size-full wp-image-17451\" src=\"https:\/\/libriamoci.cepell.it\/II\/wp-content\/uploads\/2021\/10\/butler-removebg-preview.png\" alt=\"butler-removebg-preview\" width=\"999\" height=\"249\" srcset=\"https:\/\/libriamoci.cepell.it\/II\/wp-content\/uploads\/2021\/10\/butler-removebg-preview.png 999w, https:\/\/libriamoci.cepell.it\/II\/wp-content\/uploads\/2021\/10\/butler-removebg-preview-300x75.png 300w, https:\/\/libriamoci.cepell.it\/II\/wp-content\/uploads\/2021\/10\/butler-removebg-preview-768x191.png 768w\" sizes=\"(max-width: 999px) 100vw, 999px\" \/><\/p>\n<p><\/a>Sharon G. Flake, <\/b><b><i>The skin I\u2019m in<\/i><\/b><b>, Giunti, 2021<br \/><\/b><span style=\"font-weight: 400;\">Secondo l\u2019occhio di Maleeka, tredici anni, le dinamiche nel mondo scolastico, e forse nel mondo tutto, sono direttamente discendenti dal modo in cui si appare: se si ha il corpo giusto e i vestiti giusti si ha qualche chance, altrimenti si \u00e8 fuori. Ma l\u2019esclusione pu\u00f2 capitare a chiunque, e\u00a0 in qualunque momento. Cos\u00ec si lega alla Insopportabile Char, la bulletta peggiore dell\u2019istituto, unica via per sopravvivere. Fino a quando arriva una nuova insegnante, che si comporta come se non avesse quella gigantesca voglia che le deturpa il viso, che non si vergogna di nulla e che ti fissa negli occhi, costringendoti a tirare fuori te stessa, e a provare a cambiare gli altri.<\/span><\/p>\n<p><b><a href=\"https:\/\/libriamoci.cepell.it\/II\/wp-content\/uploads\/2021\/10\/flake-removebg-preview.png\"><img decoding=\"async\" loading=\"lazy\" class=\"alignnone size-full wp-image-17450\" src=\"https:\/\/libriamoci.cepell.it\/II\/wp-content\/uploads\/2021\/10\/flake-removebg-preview.png\" alt=\"flake-removebg-preview\" width=\"999\" height=\"249\" srcset=\"https:\/\/libriamoci.cepell.it\/II\/wp-content\/uploads\/2021\/10\/flake-removebg-preview.png 999w, https:\/\/libriamoci.cepell.it\/II\/wp-content\/uploads\/2021\/10\/flake-removebg-preview-300x75.png 300w, https:\/\/libriamoci.cepell.it\/II\/wp-content\/uploads\/2021\/10\/flake-removebg-preview-768x191.png 768w\" sizes=\"(max-width: 999px) 100vw, 999px\" \/><br \/><\/a><br \/>Patrick Ness, <\/b><b><i>Molto pi\u00f9 di questo<\/i><\/b><b>, Mondadori, 2021<br \/><\/b>Cosa succederebbe se l&#8217;umanit\u00e0 si chiudesse nell&#8217;individualismo e smettesse di prendersi cura dell&#8217;ambiente che la ospita e che la circonda? Come ci si deve sentire a svegliarsi in un mondo semidistrutto e in cui si \u00e8 apparentemente l&#8217;unico abitante rimasto? Patrick Ness gioca con le diverse dimensioni, in un libro che ricorda le atmosfere del videogioco, della distopia e del celebre <em>Io sono leggenda<\/em> di Matheson.\u00a0<\/p>\n<p><b><a href=\"https:\/\/libriamoci.cepell.it\/II\/wp-content\/uploads\/2021\/10\/ness-removebg-preview.png\"><img decoding=\"async\" loading=\"lazy\" class=\"alignnone size-full wp-image-17452\" src=\"https:\/\/libriamoci.cepell.it\/II\/wp-content\/uploads\/2021\/10\/ness-removebg-preview.png\" alt=\"ness-removebg-preview\" width=\"999\" height=\"249\" srcset=\"https:\/\/libriamoci.cepell.it\/II\/wp-content\/uploads\/2021\/10\/ness-removebg-preview.png 999w, https:\/\/libriamoci.cepell.it\/II\/wp-content\/uploads\/2021\/10\/ness-removebg-preview-300x75.png 300w, https:\/\/libriamoci.cepell.it\/II\/wp-content\/uploads\/2021\/10\/ness-removebg-preview-768x191.png 768w\" sizes=\"(max-width: 999px) 100vw, 999px\" \/><\/a><\/p>\n<p>Manu Larcenet,<\/b><b><i> Il rapporto di Brodeck<\/i><\/b><b>, Coconino Press &#8211; Fandango, 2020\u00a0<br \/><\/b><span style=\"font-weight: 400;\">E&#8217; appena finita una grande guerra, e la comunit\u00e0 di un piccolo e isolato paese ha bisogno di ricompattarsi. L\u2019arrivo di uno straniero mette in crisi gli equilibri, e infatti lo straniero sparisce improvvisamente. Gli abitanti affidano a Brodeck, un ex deportato coscienzioso e determinato, la stesura di un rapporto che fotografi la situazione. Brodeck ascolta e annota i fatti, diventa la cattiva coscienza della piccola comunit\u00e0, ne scopre i segreti pi\u00f9 indicibili. Un magistrale graphic novel tratto dal bestseller omonimo dello scrittore e regista Philippe Claudel.\u00a0<\/span><\/p>\n<p><b><a href=\"https:\/\/libriamoci.cepell.it\/II\/wp-content\/uploads\/2021\/10\/larcenet-removebg-preview.png\"><img decoding=\"async\" loading=\"lazy\" class=\"alignnone size-full wp-image-17453\" src=\"https:\/\/libriamoci.cepell.it\/II\/wp-content\/uploads\/2021\/10\/larcenet-removebg-preview.png\" alt=\"larcenet-removebg-preview\" width=\"999\" height=\"249\" srcset=\"https:\/\/libriamoci.cepell.it\/II\/wp-content\/uploads\/2021\/10\/larcenet-removebg-preview.png 999w, https:\/\/libriamoci.cepell.it\/II\/wp-content\/uploads\/2021\/10\/larcenet-removebg-preview-300x75.png 300w, https:\/\/libriamoci.cepell.it\/II\/wp-content\/uploads\/2021\/10\/larcenet-removebg-preview-768x191.png 768w\" sizes=\"(max-width: 999px) 100vw, 999px\" \/><\/a><\/p>\n<p>Yoko Ogawa, <em>L\u2019isola dei senza memoria<\/em>, Il Saggiatore, 2018<br \/><\/b><span style=\"font-weight: 400;\">In una strana isola, da qualche anno spariscono periodicamente cose e concetti, o meglio la capacit\u00e0 delle persone di ricordarseli, e dargli significato. Ci si sveglia un mattino, si vedono uccelli in cielo, e li si guarda con indifferenza, come fossero delle macchie senza senso. Il ricordo da quel momento inizia a svanire, fino a sparire del tutto. E ad aiutare la popolazione nella rimozione c&#8217;\u00e8 la polizia segreta, che cerca ovunque tracce di quel qualcosa e le distrugge. Una giovane scrittrice prova a resistere, contro l\u2019intera comunit\u00e0, e rischia tutto per custodire di nascosto i ricordi.<\/span><\/p>\n<p><b><a href=\"https:\/\/libriamoci.cepell.it\/II\/wp-content\/uploads\/2021\/10\/ogawa-removebg-preview.png\"><img decoding=\"async\" loading=\"lazy\" class=\"alignnone size-full wp-image-17455\" src=\"https:\/\/libriamoci.cepell.it\/II\/wp-content\/uploads\/2021\/10\/ogawa-removebg-preview.png\" alt=\"ogawa-removebg-preview\" width=\"999\" height=\"249\" srcset=\"https:\/\/libriamoci.cepell.it\/II\/wp-content\/uploads\/2021\/10\/ogawa-removebg-preview.png 999w, https:\/\/libriamoci.cepell.it\/II\/wp-content\/uploads\/2021\/10\/ogawa-removebg-preview-300x75.png 300w, https:\/\/libriamoci.cepell.it\/II\/wp-content\/uploads\/2021\/10\/ogawa-removebg-preview-768x191.png 768w\" sizes=\"(max-width: 999px) 100vw, 999px\" \/><\/a><\/p>\n<p>Nicky Singer, <em>Il confine<\/em>, DeA Planeta, 2019<br \/><\/b><span style=\"font-weight: 400;\">In un futuro non troppo lontano, non solo la fascia equatoriale e quella tropicale sono diventate invivibili, ma anche quella temperata si sta desertificando. milioni di persone migrano verso l\u2019estremo nord, unica zona che consente di sopravvivere. Anche Mhairi, una ragazzina di quattordici anni, \u00e8 in fuga da un anno, ma deve vedersela con continui controlli, frontiere impenetrabili, documenti pi\u00f9 preziosi della stessa vita, esseri che hanno perso l\u2019umanit\u00e0. Come se non bastasse, per regolare le risorse gli Stati hanno deciso che le persone hanno una data di scadenza perch\u00e9 da anziani si \u00e8 solo un peso per il mondo. E che gli anni residui si possono barattare in cambio di servizi.<\/span><\/p>\n<p><b><a href=\"https:\/\/libriamoci.cepell.it\/II\/wp-content\/uploads\/2021\/10\/singer-removebg-preview.png\"><img decoding=\"async\" loading=\"lazy\" class=\"alignnone size-full wp-image-17454\" src=\"https:\/\/libriamoci.cepell.it\/II\/wp-content\/uploads\/2021\/10\/singer-removebg-preview.png\" alt=\"singer-removebg-preview\" width=\"999\" height=\"249\" srcset=\"https:\/\/libriamoci.cepell.it\/II\/wp-content\/uploads\/2021\/10\/singer-removebg-preview.png 999w, https:\/\/libriamoci.cepell.it\/II\/wp-content\/uploads\/2021\/10\/singer-removebg-preview-300x75.png 300w, https:\/\/libriamoci.cepell.it\/II\/wp-content\/uploads\/2021\/10\/singer-removebg-preview-768x191.png 768w\" sizes=\"(max-width: 999px) 100vw, 999px\" \/><\/a><\/p>\n<p>Miriam Toews, <em>Un complicato atto d\u2019amore<\/em>, Marcos Y Marcos, 2019<\/b><span style=\"font-weight: 400;\"><br \/><\/span><span style=\"font-weight: 400;\">Nomi ha sedici anni, e ha sempre vissuto all&#8217;interno di una comunit\u00e0 mennonita. Si tratta di una comunit\u00e0 chiusa, che rifiuta qualunque contatto con la modernit\u00e0: niente automobili, niente energia elettrica (con tutto quello che segue), niente comodit\u00e0, lussi, piaceri mondani, nessun contatto con il mondo esterno. Tutti indossano gli stessi vestiti, che ricordano quelli delle campagne dell&#8217;Ottocento, e vivono giorni tranquilli, senza ansie da prestazione. E mentre tante persone da fuori osservano la vita dei membri della comunit\u00e0 come in uno zoo, Nomi si sente sempre pi\u00f9 un animale in gabbia, con i sogni che iniziano a spingere in altre direzioni.<\/span><\/p>\n<p><b><a href=\"https:\/\/libriamoci.cepell.it\/II\/wp-content\/uploads\/2021\/10\/toews-removebg-preview.png\"><img decoding=\"async\" loading=\"lazy\" class=\"alignnone size-full wp-image-17457\" src=\"https:\/\/libriamoci.cepell.it\/II\/wp-content\/uploads\/2021\/10\/toews-removebg-preview.png\" alt=\"toews-removebg-preview\" width=\"999\" height=\"249\" srcset=\"https:\/\/libriamoci.cepell.it\/II\/wp-content\/uploads\/2021\/10\/toews-removebg-preview.png 999w, https:\/\/libriamoci.cepell.it\/II\/wp-content\/uploads\/2021\/10\/toews-removebg-preview-300x75.png 300w, https:\/\/libriamoci.cepell.it\/II\/wp-content\/uploads\/2021\/10\/toews-removebg-preview-768x191.png 768w\" sizes=\"(max-width: 999px) 100vw, 999px\" \/><\/a><\/p>\n<p>John Whyndham, <\/b><b><i>I trasfigurati<\/i><\/b><b>, Beat, 2015<br \/><\/b><span style=\"font-weight: 400;\">In un mondo futuro e post apocalittico, la comunit\u00e0 di Waknuk \u00e8 la pi\u00f9 attenta a rispettare la <\/span><i><span style=\"font-weight: 400;\">Definizione<\/span><\/i><span style=\"font-weight: 400;\">, un insieme di leggi che tutti sin da bambini devono imparare a memoria per non ripetere gli errori del passato. David \u00e8 il figlio del capo carismatico del villaggio, un uomo per cui non esistono eccezioni alle regole, disposto a qualsiasi sacrificio pur di farle rispettare. Il ragazzo inizia ad avere dubbi su alcuni dettagli, ma non osa sollevarli in pubblico. Per\u00f2 crescendo sviluppa capacit\u00e0 non contemplate dalla legge, che per il solo fatto di esistere sono per quella un abominio\u00a0 da estirpare.<\/span><\/p>\n<p><a href=\"https:\/\/libriamoci.cepell.it\/II\/wp-content\/uploads\/2021\/10\/trasfigurati-removebg-preview.png\"><img decoding=\"async\" loading=\"lazy\" class=\"alignnone size-full wp-image-17456\" src=\"https:\/\/libriamoci.cepell.it\/II\/wp-content\/uploads\/2021\/10\/trasfigurati-removebg-preview.png\" alt=\"trasfigurati-removebg-preview\" width=\"999\" height=\"249\" srcset=\"https:\/\/libriamoci.cepell.it\/II\/wp-content\/uploads\/2021\/10\/trasfigurati-removebg-preview.png 999w, https:\/\/libriamoci.cepell.it\/II\/wp-content\/uploads\/2021\/10\/trasfigurati-removebg-preview-300x75.png 300w, https:\/\/libriamoci.cepell.it\/II\/wp-content\/uploads\/2021\/10\/trasfigurati-removebg-preview-768x191.png 768w\" sizes=\"(max-width: 999px) 100vw, 999px\" \/><\/a><\/p>\n","protected":false},"excerpt":{"rendered":"<p>Il gioco del mondo: storie di comunit\u00e0 e piccoli gruppi Nella maggior parte dei casi, le narrazioni si occupano di [&hellip;]<\/p>\n","protected":false},"author":1,"featured_media":17496,"comment_status":"closed","ping_status":"closed","sticky":false,"template":"","format":"standard","meta":{"_links_to":"","_links_to_target":""},"categories":[153,178],"tags":[14,47,177],"acf":[],"_links":{"self":[{"href":"https:\/\/libriamoci.cepell.it\/II\/index.php?rest_route=\/wp\/v2\/posts\/17426"}],"collection":[{"href":"https:\/\/libriamoci.cepell.it\/II\/index.php?rest_route=\/wp\/v2\/posts"}],"about":[{"href":"https:\/\/libriamoci.cepell.it\/II\/index.php?rest_route=\/wp\/v2\/types\/post"}],"author":[{"embeddable":true,"href":"https:\/\/libriamoci.cepell.it\/II\/index.php?rest_route=\/wp\/v2\/users\/1"}],"replies":[{"embeddable":true,"href":"https:\/\/libriamoci.cepell.it\/II\/index.php?rest_route=%2Fwp%2Fv2%2Fcomments&post=17426"}],"version-history":[{"count":12,"href":"https:\/\/libriamoci.cepell.it\/II\/index.php?rest_route=\/wp\/v2\/posts\/17426\/revisions"}],"predecessor-version":[{"id":17723,"href":"https:\/\/libriamoci.cepell.it\/II\/index.php?rest_route=\/wp\/v2\/posts\/17426\/revisions\/17723"}],"wp:featuredmedia":[{"embeddable":true,"href":"https:\/\/libriamoci.cepell.it\/II\/index.php?rest_route=\/wp\/v2\/media\/17496"}],"wp:attachment":[{"href":"https:\/\/libriamoci.cepell.it\/II\/index.php?rest_route=%2Fwp%2Fv2%2Fmedia&parent=17426"}],"wp:term":[{"taxonomy":"category","embeddable":true,"href":"https:\/\/libriamoci.cepell.it\/II\/index.php?rest_route=%2Fwp%2Fv2%2Fcategories&post=17426"},{"taxonomy":"post_tag","embeddable":true,"href":"https:\/\/libriamoci.cepell.it\/II\/index.php?rest_route=%2Fwp%2Fv2%2Ftags&post=17426"}],"curies":[{"name":"wp","href":"https:\/\/api.w.org\/{rel}","templated":true}]}}