{"id":1229,"date":"2015-07-21T11:11:50","date_gmt":"2015-07-21T11:11:50","guid":{"rendered":"https:\/\/libriamoci.cepell.it\/II\/?p=1229"},"modified":"2015-07-21T11:14:15","modified_gmt":"2015-07-21T11:14:15","slug":"i-seminari-di-lia","status":"publish","type":"post","link":"https:\/\/libriamoci.cepell.it\/II\/?p=1229","title":{"rendered":"I SEMInari di LIA"},"content":{"rendered":"<p><span style=\"text-decoration: underline;\">di Alessandra Starace &#8211; Leggere insieme&#8230; ancora!<br \/><\/span><\/p>\n<p><a href=\"https:\/\/www.facebook.com\/groups\/824966230877879\/\" target=\"_blank\">I SEMInari di LIA<\/a>, nati in seno al Gruppo di Lettura <a href=\"https:\/\/www.facebook.com\/groups\/leggereinsiemeancora\/\" target=\"_blank\">Leggere insieme\u2026 ancora!<\/a> ( il cui acronimo \u00e8 appunto <strong>LIA<\/strong>) rappresentano un posto virtuale privilegiato per approfondire tematiche e aspetti legati al mondo della Letteratura per l\u2019infanzia. Nati in risposta all\u2019esigenza manifestata da semplici lettori, appassionati a questo mondo, sono delle vere e proprie tavole rotonde, che attraverso la lettura e l\u2019approfondimento di testi classici e contemporanei tendono a ricostruire una Storia della Letteratura dell\u2019infanzia, sottolineandone la sua evoluzione in tempi e luoghi differenti, nonch\u00e9 la sua possibile fruizione e diffusione a pi\u00f9 livelli.<\/p>\n<p>Quest\u2019anno il programma dei SEMInari ha preso le mosse dal percorso intrapreso dall\u2019evento<a href=\"http:\/\/www.settimanadellibroperragazzi.bolognachildrensbookfair.com\/news\/non-ditelo-ai-grandi-il-padiglione-33-apre-ai-giovani\/2429.html\" target=\"_blank\"> \u201cNON DITELO AI GRANDI \u2013 Settimana del Libro e della Cultura per i Ragazzi\u201c<\/a>, svoltosi a Bologna, nel 2014, nell\u2019ambito della Fiera del libro per ragazzi. Una manifestazione che voleva far largo ai giovani ma anche agli appassionati\u00a0che per la prima volta si avvicinano al mondo,\u00a0per molti aspetti sovversivo e rivoluzionario,\u00a0della letteratura infantile.<\/p>\n<p><strong>I SEMInari di LIA<\/strong> hanno voluto porsi come un prolungamento ideale di questo progetto, condividendo letture tese ad aprire nuovi orizzonti e a guardare le cose con pi\u00f9 profondit\u00e0 e sensibilit\u00e0, con l\u2019intento di promuovere e diffondere la lettura e il valore che questa riveste all&#8217;interno della societ\u00e0.\u00a0<\/p>\n<p>Il primo corso di approfondimento, terminato a maggio, ideato e progettato in collaborazione con la <strong><em>Dott.ssa Angela Articoni,<\/em><\/strong> pedagogista esperta di letteratura per l\u2019infanzia si \u00e8 proposto di analizzare, attraverso la lettura o ri-lettura dei classici della letteratura per l\u2019infanzia, temi quali: la ribellione, l\u2019indipendenza e la libert\u00e0 con il fine di ricostruire il passaggio da una funzione meramente educativa del libro per l\u2019infanzia a una nuova prospettiva, controcorrente e trasgressiva.<\/p>\n<p>Coordinati e condotti dalla <strong><em>Dott.ssa Alessandra<\/em><\/strong><strong><em> Starace<\/em><\/strong>, libraia, promotrice della lettura e Biblioterapeuta in ambito evolutivo, i partecipanti hanno potuto leggere e analizzare insieme le seguenti opere:<\/p>\n<ul>\n<li>\u00a0<strong>&#8220;Il giardino segreto&#8221;<\/strong> di F. H. Burnett<\/li>\n<li><strong>&#8220;<\/strong><strong>Alice nel Paese delle Meraviglie&#8221; <\/strong>di Lewis Carroll<\/li>\n<li><strong>&#8220;<\/strong><strong>Boy<\/strong><strong>&#8220;<\/strong> di Roald Dahl<\/li>\n<li><strong>&#8220;<\/strong><strong>James e la pesca gigante<\/strong><strong>&#8220;<\/strong> di Roald Dahl<\/li>\n<li><strong>&#8220;<\/strong><strong>Furbo, il Signor Volpe<\/strong><strong>&#8220;<\/strong> di Roald Dahl<\/li>\n<li><strong>&#8220;<\/strong><strong>Versi Perversi<\/strong><strong>&#8220;<\/strong> di Roald Dahl<\/li>\n<li><strong>&#8220;<\/strong><strong>Il dito magico<\/strong><strong>&#8220;<\/strong> di Roald Dahl<\/li>\n<li><strong>&#8220;<\/strong><strong>Peter Pan nei Giardini di Kensington<\/strong><strong>&#8220;<\/strong> e <strong>&#8220;<\/strong><strong>Peter Pan e Wendy<\/strong><strong>&#8220;<\/strong> di J. M. Barrie.<\/li>\n<\/ul>\n<p>Visto il successo manifestato dai partecipanti e la volont\u00e0 di implementare la suddetta tematica si \u00e8 pensato di proporre un nuovo corso di approfondimento per il 2015\/2016 dal titolo: <strong>\u201c<\/strong><strong>Libri ribelli: protagonisti e scrittori controcorrente nella letteratura per l<\/strong><strong>\u2019<\/strong><strong>infanzia&#8221;<\/strong>.<\/p>\n<p>Teso ad analizzare pi\u00f9 specificatamente la figura del monello e i trasgressivi del Nord. E\u2019 possibile leggere il programma completo del corso <strong><a href=\"http:\/\/leggereinsiemeancora.blogspot.it\/2015\/06\/i-seminari-di-lia-corso-di.html?spref=fb\">qui<\/a><\/strong>.<\/p>\n<p>I SEMInari sono gratuiti ed aperti a tutti, salvo che ad animare i membri sia sempre uno spirito e un atteggiamento teso allo scambio, alla condivisione e ai valori che animano<strong> LIA<\/strong>, che dal 15 aprile scorso, si \u00e8 costituita in <a href=\"http:\/\/leggereinsiemeancora.blogspot.it\/2015\/04\/un-nuovo-inizio.html\" target=\"_blank\">Associazione di Promozione Sociale. <\/a><\/p>\n<p>Per le modalit\u00e0 di partecipazione, le istruzioni per gli incontri on line, e qualsiasi altra informazione potete scrivere direttamente ad Alessandra alla seguente e-mail: <a href=\"mailto:alessandra.starace@leggereinsiemeancora.it\" target=\"_blank\">alessandra.starace@leggereinsiemeancora.it<\/a> o iscrivervi direttamente al gruppo Facebook <a href=\"https:\/\/www.facebook.com\/groups\/824966230877879\/\" target=\"_blank\">I SEMInari di LIA<\/a>.<\/p>\n<p><strong>Riferimenti utili<\/strong><\/p>\n<p>Il gruppo Facebook &#8220;Leggere insieme \u2026 ancora&#8221;: <a href=\"https:\/\/www.facebook.com\/groups\/1449218422046335\/\" target=\"_blank\">https:\/\/www.facebook.com\/groups\/1449218422046335\/<\/a><\/p>\n<p>La pagina del gruppo Facebook &#8220;Leggere insieme&#8230; ancora&#8221;: <a href=\"https:\/\/www.facebook.com\/leggereinsiemeancora\" target=\"_blank\">https:\/\/www.facebook.com\/leggereinsiemeancora<\/a><\/p>\n<p>Il Blog: <a href=\"http:\/\/leggereinsiemeancora.blogspot.it\" target=\"_blank\">http:\/\/leggereinsiemeancora.blogspot.it<\/a><\/p>\n<p><em>[Particolare di un&#8217;illustrazione di <strong>Edward W. Kemble<\/strong> su &#8220;Huckleberry Finn&#8221;, 1884]<\/em><\/p>\n","protected":false},"excerpt":{"rendered":"<p>Tavole rotonde, gratuite, che attraverso la lettura e l\u2019approfondimento di testi classici e contemporanei tendono a ricostruire una Storia della Letteratura dell\u2019infanzia, sottolineandone la sua evoluzione in tempi e luoghi differenti, nonch\u00e9 la sua possibile fruizione e diffusione a pi\u00f9 livelli.<\/p>\n","protected":false},"author":1,"featured_media":1234,"comment_status":"open","ping_status":"open","sticky":false,"template":"","format":"standard","meta":{"_links_to":"","_links_to_target":""},"categories":[2],"tags":[14,25,78,59,27,94],"acf":[],"_links":{"self":[{"href":"https:\/\/libriamoci.cepell.it\/II\/index.php?rest_route=\/wp\/v2\/posts\/1229"}],"collection":[{"href":"https:\/\/libriamoci.cepell.it\/II\/index.php?rest_route=\/wp\/v2\/posts"}],"about":[{"href":"https:\/\/libriamoci.cepell.it\/II\/index.php?rest_route=\/wp\/v2\/types\/post"}],"author":[{"embeddable":true,"href":"https:\/\/libriamoci.cepell.it\/II\/index.php?rest_route=\/wp\/v2\/users\/1"}],"replies":[{"embeddable":true,"href":"https:\/\/libriamoci.cepell.it\/II\/index.php?rest_route=%2Fwp%2Fv2%2Fcomments&post=1229"}],"version-history":[{"count":0,"href":"https:\/\/libriamoci.cepell.it\/II\/index.php?rest_route=\/wp\/v2\/posts\/1229\/revisions"}],"wp:featuredmedia":[{"embeddable":true,"href":"https:\/\/libriamoci.cepell.it\/II\/index.php?rest_route=\/wp\/v2\/media\/1234"}],"wp:attachment":[{"href":"https:\/\/libriamoci.cepell.it\/II\/index.php?rest_route=%2Fwp%2Fv2%2Fmedia&parent=1229"}],"wp:term":[{"taxonomy":"category","embeddable":true,"href":"https:\/\/libriamoci.cepell.it\/II\/index.php?rest_route=%2Fwp%2Fv2%2Fcategories&post=1229"},{"taxonomy":"post_tag","embeddable":true,"href":"https:\/\/libriamoci.cepell.it\/II\/index.php?rest_route=%2Fwp%2Fv2%2Ftags&post=1229"}],"curies":[{"name":"wp","href":"https:\/\/api.w.org\/{rel}","templated":true}]}}