{"id":1194,"date":"2015-07-17T14:02:43","date_gmt":"2015-07-17T14:02:43","guid":{"rendered":"https:\/\/libriamoci.cepell.it\/II\/?p=1194"},"modified":"2015-07-17T14:07:58","modified_gmt":"2015-07-17T14:07:58","slug":"area-onlus-la-mostra-vietato-non-sfogliare-e-librabile","status":"publish","type":"post","link":"https:\/\/libriamoci.cepell.it\/II\/?p=1194","title":{"rendered":"Area onlus, la mostra &#8220;Vietato non sfogliare&#8221; e Librabile"},"content":{"rendered":"<p><span style=\"text-decoration: underline;\">di Anna Pisapia<\/span><\/p>\n<p><strong>*<\/strong>Su permesso dell&#8217;autrice, ripubblichiamo questo intervento originariamente apparso <a href=\"http:\/\/annapisapia.blogspot.it\/2015\/07\/area-onlus-la-mostra-vietato-non.html\" target=\"_blank\"><strong>QUI<\/strong><\/a> (in data 1 luglio 2015).<\/p>\n<p>Se siete in cerca di una raccolta di <strong>libri accessibili per bambini con necessit\u00e0 speciali,<\/strong> allora non potete non visitare \u201c<strong>Vietato non sfogliare<\/strong> &#8211; <em>Libri speciali in mostra<\/em>\u201d, un&#8217;esposizione itinerante ideata da <a href=\"http:\/\/www.areato.org\/\"><strong>Area Onlus<\/strong><\/a>, associazione torinese che \u201c<em>dal 1982 si prende cura di bambini, adolescenti e giovani adulti a cui \u00e8 stata diagnosticata una disabilit\u00e0 complessa derivante da sindromi genetiche, neurologiche o da esiti di sofferenze perinatali<\/em>\u201d, come recita la presentazione. <a href=\"http:\/\/www.areato.org\/news\/sfoglia-sim-dossier-e-leggi-vietato-non-sfogliare\/\">Qui<\/a> potete scaricare un dossier che presenta la mostra, a cura di Scuola Italiana Moderna.<\/p>\n<p><a href=\"https:\/\/libriamoci.cepell.it\/II\/wp-content\/uploads\/2015\/07\/1.jpg\"><img decoding=\"async\" loading=\"lazy\" class=\"alignnone wp-image-1198\" src=\"https:\/\/libriamoci.cepell.it\/II\/wp-content\/uploads\/2015\/07\/1.jpg\" alt=\"1\" width=\"500\" height=\"334\" \/><\/a><\/p>\n<p>Ho avuto modo di visitare la mostra in occasione del <strong>#SalTo2015<\/strong> (<em>del Salone internazionale del Libro di Torino ho avuto modo di parlare <a href=\"http:\/\/annapisapia.blogspot.it\/2015\/05\/saltto15-gli-imperdibili-al-salone-del.html\">qui,<\/a> <a href=\"http:\/\/annapisapia.blogspot.it\/2015\/05\/salto15-incontro-scuola-maestra-educare.html\">qui<\/a> <a href=\"http:\/\/annapisapia.blogspot.it\/2015\/06\/salto15-le-magie-della-scienza-di.html\">qui <\/a>e <a href=\"http:\/\/annapisapia.blogspot.it\/2015\/06\/salto15-contro-i-cattivi-funziona-al.html\">qui<\/a><\/em>) e farmi raccontare la storia dell&#8217;esposizione dalla psicologa e psicoterapeuta <a href=\"https:\/\/www.linkedin.com\/pub\/rossella-bo\/2b\/b1a\/735\"><strong>Rossella Bo<\/strong><\/a>, consigliere delegato di Area Onlus, che insieme a <a href=\"http:\/\/dito.areato.org\/chi-siamo\/elena-corniglia\/\"><strong>Elena Corniglia<\/strong><\/a>, <em>dottoressa in Letteratura, filologia e linguistica italiana, specializzata in Letteratura per l\u2019infanzia<\/em>, si occupa di seguire il progetto della mostra che include la migliore produzione editoriale di libri per disabili.<\/p>\n<p><a href=\"https:\/\/libriamoci.cepell.it\/II\/wp-content\/uploads\/2015\/07\/2.jpg\"><img decoding=\"async\" loading=\"lazy\" class=\"alignnone wp-image-1199\" src=\"https:\/\/libriamoci.cepell.it\/II\/wp-content\/uploads\/2015\/07\/2.jpg\" alt=\"2\" width=\"500\" height=\"334\" \/><\/a><\/p>\n<p>Rossella spiega che \u201ccome esseri umani siamo fatti di storie, quindi cercare la storia giusta per ciascuno \u00e8 importante per diventare lettori.\u201d E prosegue aggiungendo che &#8220;<strong>avere accesso ai libri \u00e8 un diritto di tutti<\/strong>&#8220;: <strong>non vedenti<\/strong>, <strong>persone con disturbi specifici dell&#8217;apprendimento<\/strong>, <strong>autistici<\/strong> e <strong>sordi<\/strong>. <strong>I libri inclusivi impiegano spesso dei percorsi multicodice che aiutano la lettura.\u00a0<\/strong><\/p>\n<p>La mostra, ideata da <strong>Franco Giulitti<\/strong>, prevede una forma pi\u00f9 ampia, <em>che Rossella spera diventi prima o poi permanenente a Torino<\/em>, e <strong>una itinerante<\/strong>, costituita da diverse \u201ccasette\u201d in legno cui tetti sono ricoperti dai libri: unit\u00e0 diverse, dedicate a tipologie di libri diversi:<\/p>\n<p><strong>libri tattili con traduzione in braille e lingua italiana dei segni (LIS)<\/strong><\/p>\n<p>\u00a0<a href=\"https:\/\/libriamoci.cepell.it\/II\/wp-content\/uploads\/2015\/07\/3.jpg\"><img decoding=\"async\" loading=\"lazy\" class=\"alignnone wp-image-1201\" src=\"https:\/\/libriamoci.cepell.it\/II\/wp-content\/uploads\/2015\/07\/3.jpg\" alt=\"3\" width=\"500\" height=\"334\" \/><\/a><\/p>\n<p><a href=\"https:\/\/libriamoci.cepell.it\/II\/wp-content\/uploads\/2015\/07\/4.jpg\"><img decoding=\"async\" loading=\"lazy\" class=\"alignnone wp-image-1202\" src=\"https:\/\/libriamoci.cepell.it\/II\/wp-content\/uploads\/2015\/07\/4.jpg\" alt=\"4\" width=\"500\" height=\"334\" \/><\/a><\/p>\n<p><a href=\"https:\/\/libriamoci.cepell.it\/II\/wp-content\/uploads\/2015\/07\/5.jpg\"><img decoding=\"async\" loading=\"lazy\" class=\"alignnone wp-image-1203\" src=\"https:\/\/libriamoci.cepell.it\/II\/wp-content\/uploads\/2015\/07\/5.jpg\" alt=\"5\" width=\"500\" height=\"334\" \/><\/a><\/p>\n<p><a href=\"https:\/\/libriamoci.cepell.it\/II\/wp-content\/uploads\/2015\/07\/6.jpg\"><img decoding=\"async\" loading=\"lazy\" class=\"alignnone wp-image-1204\" src=\"https:\/\/libriamoci.cepell.it\/II\/wp-content\/uploads\/2015\/07\/6.jpg\" alt=\"6\" width=\"500\" height=\"334\" \/><\/a><\/p>\n<p><strong>audiolibri<\/strong><\/p>\n<p>\u00a0<a href=\"https:\/\/libriamoci.cepell.it\/II\/wp-content\/uploads\/2015\/07\/7.jpg\"><img decoding=\"async\" loading=\"lazy\" class=\"alignnone wp-image-1205\" src=\"https:\/\/libriamoci.cepell.it\/II\/wp-content\/uploads\/2015\/07\/7.jpg\" alt=\"7\" width=\"500\" height=\"334\" \/><\/a><\/p>\n<p><a href=\"https:\/\/libriamoci.cepell.it\/II\/wp-content\/uploads\/2015\/07\/8.jpg\"><img decoding=\"async\" loading=\"lazy\" class=\"alignnone wp-image-1206\" src=\"https:\/\/libriamoci.cepell.it\/II\/wp-content\/uploads\/2015\/07\/8.jpg\" alt=\"8\" width=\"500\" height=\"334\" \/><\/a><\/p>\n<p><strong>libri ad alta leggibilit\u00e0 (con simboli pcs, <em>picture communication symbol<\/em>)\u00a0<\/strong><\/p>\n<p>\u00a0<a href=\"https:\/\/libriamoci.cepell.it\/II\/wp-content\/uploads\/2015\/07\/9.jpg\"><img decoding=\"async\" loading=\"lazy\" class=\"alignnone wp-image-1207\" src=\"https:\/\/libriamoci.cepell.it\/II\/wp-content\/uploads\/2015\/07\/9.jpg\" alt=\"9\" width=\"500\" height=\"334\" \/><\/a><\/p>\n<p><a href=\"https:\/\/libriamoci.cepell.it\/II\/wp-content\/uploads\/2015\/07\/10.jpg\"><img decoding=\"async\" loading=\"lazy\" class=\"alignnone wp-image-1208\" src=\"https:\/\/libriamoci.cepell.it\/II\/wp-content\/uploads\/2015\/07\/10.jpg\" alt=\"10\" width=\"500\" height=\"334\" \/><\/a><\/p>\n<p>La comunicazione aumentativa \u00e8 curata in particolare da case editrici come <strong>Uovonero<\/strong>. <a href=\"http:\/\/www.uovonero.com\/s\/index.php?option=com_content&amp;view=article&amp;id=75uovonero-leggere-con-la-comunicazione-aumentativa-alternativa&amp;Itemid=28\">Qui <\/a>trovate una ricca spiegazione.<\/p>\n<p><strong>libri senza parole<\/strong><\/p>\n<p>\u00a0<a href=\"https:\/\/libriamoci.cepell.it\/II\/wp-content\/uploads\/2015\/07\/11.jpg\"><img decoding=\"async\" loading=\"lazy\" class=\"alignnone size-full wp-image-1209\" src=\"https:\/\/libriamoci.cepell.it\/II\/wp-content\/uploads\/2015\/07\/11.jpg\" alt=\"11\" width=\"427\" height=\"640\" \/><\/a><\/p>\n<p>Sui libri senza parole ho parlato molto, se vi siete persi alcuni post vi rimando <a href=\"http:\/\/annapisapia.blogspot.it\/2014\/11\/libri-senza-parole-destinazione.html\">qui<\/a>, <a href=\"http:\/\/annapisapia.blogspot.it\/2015\/02\/mostre-sui-silent-book-milano.html\">qui<\/a> <a href=\"http:\/\/annapisapia.blogspot.it\/2015\/02\/mostra-sui-silent-book-alla-biblioteca.html\">qui<\/a> e <a href=\"http:\/\/annapisapia.blogspot.it\/2015\/02\/i-ragazzi-incontrano-i-silent-book-in.html\">qui<\/a>.<\/p>\n<p>I libri sono stati accuratamente scelti e per ogni libro \u00e8 stata fatta una scheda reperibile anche sul sito\u00a0 <strong><a href=\"http:\/\/dito.areato.org\/chi-siamo\/\">Di.To<\/a><\/strong> (Disabilit\u00e0 a Torino).<\/p>\n<p><a href=\"https:\/\/libriamoci.cepell.it\/II\/wp-content\/uploads\/2015\/07\/12.jpg\"><img decoding=\"async\" loading=\"lazy\" class=\"alignnone wp-image-1210\" src=\"https:\/\/libriamoci.cepell.it\/II\/wp-content\/uploads\/2015\/07\/12.jpg\" alt=\"12\" width=\"500\" height=\"334\" \/><\/a><\/p>\n<p><strong>Vietato Non Sfogliare<\/strong> &#8220;\u00e8 una mostra di libri per l\u2019infanzia accessibili in caso di necessit\u00e0 educative speciali dedicati al tema della disabilit\u00e0: un centinaio di testi di recente pubblicazione che costituiscono uno strumento semplice ed efficace di condivisione e di crescita.&#8221; La mostra \u00e8 allestibile in spazi diversi, ha un costo &#8211; <em>a mio parere<\/em> &#8211; contenuto ed \u00e8 semplice da montare, tutte le informazioni aggiuntive le trovate <a href=\"http:\/\/dito.areato.org\/vietato-non-sfogliare\/\">qui<\/a>. <em>Nelle diverse sezioni potrete trovare dalla fotogallery ai posti che l&#8217;hanno ospitata fino a una bibliografia dei libri selezionati per l&#8217;edizione 2015.<\/em><\/p>\n<p>Spendo ancora due parole su <a href=\"http:\/\/dito.areato.org\/category\/news\/\">Di.To<\/a> ci si pu\u00f2 &#8220;perdere&#8221; perch\u00e9 \u00e8 una miniera di informazioni utili. Per esempio, attraverso questo <a href=\"http:\/\/dito.areato.org\/progetto-librabile\/\">link<\/a> si accede al <strong>Progetto Librabile<\/strong> che come dice l&#8217;introduzione &#8220;<em>promuove la diffusione e la conoscenza dei libri accessibili per lettori con bisogni speciali e il loro utilizzo attraverso le nuove tecnologie. I libri accessibili uniscono codici diversi, testo stampato anche ad alta leggibilit\u00e0, Braille, simboli PCS e LIS, aprendo possibilit\u00e0 di letture senza frontiere per tutti e in particolare per bambini e ragazzi con disabilit\u00e0 o difficolt\u00e0 di apprendimento<\/em>.&#8221;<\/p>\n<p>Si pu\u00f2 anche accedere a un<a href=\"http:\/\/dito.areato.org\/ricerca_libri\/\"> <strong>database<\/strong><\/a> dove \u00e8 possibile cercare<strong> libri accessibili<\/strong> e <strong>libri sulla disabilit\u00e0<\/strong>, per poi selezionare il tipo di libro (es. audiolibro, libro per dislessia&#8230;) o il tipo di disabilit\u00e0 (intellettiva, motoria, uditiva, visiva, disturbi specifici di apprendimento, ), la fascia d&#8217;et\u00e0 (da zero a over 14 anni) o scegliere una ricerca per autore, titolo o parola chiave.<\/p>\n<p><strong>Un patrimonio accessibile a tutti, forse ancora poco conosciuto. <\/strong>Ma da far girare. Come sapete sono amante delle reti e dei contatti, quindi cerchiamo di crearli insieme, di sfruttare quello che esiste e mettere in relazione le persone che operano mettendo al centro i bambini e i ragazzi, qualunque necessit\u00e0 abbiano (anche solo quella di leggere un bel libro o un libro adatto a loro). Mi viene in mente a questo proposito <strong>Radio Magica<\/strong>, di cui ho parlato <a href=\"http:\/\/annapisapia.blogspot.it\/2014\/10\/dal-convegno-della-rete-di-cooperazione_22.html\">qui<\/a>. Gi\u00e0 due progetti bellissimi che mettono a disposizione gratuitamente molte risorse. Sfruttiamole!<\/p>\n","protected":false},"excerpt":{"rendered":"<p>Un reportage della mostra &#8220;Vietato non sfogliare&#8221;, curata dall&#8217;associazione Area Onlus, e dedicata a libri accessibili per bambini con necessit\u00e0 speciali.<\/p>\n","protected":false},"author":1,"featured_media":1211,"comment_status":"open","ping_status":"open","sticky":false,"template":"","format":"standard","meta":{"_links_to":"","_links_to_target":""},"categories":[2],"tags":[79,14,25,32],"acf":[],"_links":{"self":[{"href":"https:\/\/libriamoci.cepell.it\/II\/index.php?rest_route=\/wp\/v2\/posts\/1194"}],"collection":[{"href":"https:\/\/libriamoci.cepell.it\/II\/index.php?rest_route=\/wp\/v2\/posts"}],"about":[{"href":"https:\/\/libriamoci.cepell.it\/II\/index.php?rest_route=\/wp\/v2\/types\/post"}],"author":[{"embeddable":true,"href":"https:\/\/libriamoci.cepell.it\/II\/index.php?rest_route=\/wp\/v2\/users\/1"}],"replies":[{"embeddable":true,"href":"https:\/\/libriamoci.cepell.it\/II\/index.php?rest_route=%2Fwp%2Fv2%2Fcomments&post=1194"}],"version-history":[{"count":0,"href":"https:\/\/libriamoci.cepell.it\/II\/index.php?rest_route=\/wp\/v2\/posts\/1194\/revisions"}],"wp:featuredmedia":[{"embeddable":true,"href":"https:\/\/libriamoci.cepell.it\/II\/index.php?rest_route=\/wp\/v2\/media\/1211"}],"wp:attachment":[{"href":"https:\/\/libriamoci.cepell.it\/II\/index.php?rest_route=%2Fwp%2Fv2%2Fmedia&parent=1194"}],"wp:term":[{"taxonomy":"category","embeddable":true,"href":"https:\/\/libriamoci.cepell.it\/II\/index.php?rest_route=%2Fwp%2Fv2%2Fcategories&post=1194"},{"taxonomy":"post_tag","embeddable":true,"href":"https:\/\/libriamoci.cepell.it\/II\/index.php?rest_route=%2Fwp%2Fv2%2Ftags&post=1194"}],"curies":[{"name":"wp","href":"https:\/\/api.w.org\/{rel}","templated":true}]}}