{"id":1183,"date":"2015-07-16T08:15:52","date_gmt":"2015-07-16T08:15:52","guid":{"rendered":"https:\/\/libriamoci.cepell.it\/II\/?p=1183"},"modified":"2015-07-16T08:15:52","modified_gmt":"2015-07-16T08:15:52","slug":"alla-scoperta-di-dante-alighieri","status":"publish","type":"post","link":"https:\/\/libriamoci.cepell.it\/II\/?p=1183","title":{"rendered":"Alla scoperta di Dante Alighieri"},"content":{"rendered":"<p><span style=\"text-decoration: underline;\">di Francesca Scarpino, Domenico Fragiacomo &#8211; Istituto Comprensivo &#8220;Sant&#8217;Eufemia&#8221; (Lamezia Terme)<\/span><\/p>\n<p><!--more-->Il progetto prevede una maratona di letture finalizzata all&#8217;incontro con <strong>Dante Alighieri<\/strong> e con la sua opera principale, la <em>Divina Commedia<\/em>.<\/p>\n<p>In questo percorso, che si svolger\u00e0 tra <strong>il 15 ottobre 2015 e il 31 gennaio 2016<\/strong>, saranno coinvolti gli alunni delle tre classi della <strong>Scuola media<\/strong>, anche in modalit\u00e0 di classe aperte.<\/p>\n<p>L&#8217;obiettivo \u00e8 quello di far scoprire agli allievi <strong>la modernit\u00e0 di Dante<\/strong>, &#8220;profeta&#8221; dei nostri tempi e fondatore della lingua. Sar\u00e0 conferita centralit\u00e0 all&#8217;attualizzazione del messaggio dantesco, selezionando situazioni e personaggi particolarmente interessanti e simbolicamente pregnanti dal punto di vista storico e allegorico.<\/p>\n<p>Le attivit\u00e0 consentiranno inoltre di recuperare <strong>l&#8217;aspetto archeologico e sociologico<\/strong> della lingua italiana. Le letture saranno socializzate al territorio prevedendo momenti di condivisione.<\/p>\n<p>Il progetto definitivo verr\u00e0 formulato nel mese di settembre e <strong>inserito nel POF 2015-2016<\/strong>.<\/p>\n<p>Il sito dell&#8217;Istituto Comprensivo &#8220;Sant&#8217;Eufemia&#8221;: <a href=\"http:\/\/www.icseufemia.gov.it\/\" target=\"_blank\"><strong>http:\/\/www.icseufemia.gov.it\/<\/strong><\/a><\/p>\n<p><em>[L&#8217;immagine \u00e8 un dettaglio del dipinto di Domenico Michelino, 1465, Firenze]<\/em><\/p>\n","protected":false},"excerpt":{"rendered":"<p>Un coinvolgente viaggio alla scoperta delle radici della letteratura italiana, con un protagonista d&#8217;eccezione, Dante Alighieri, capace di essere ancora oggi &#8220;profeta&#8221; della modernit\u00e0. Una maratona di letture che condurr\u00e0 gli allievi ad accompagnare Dante e Virgilio in un surreale viaggio, del quale ogni alunno diventer\u00e0 protagonista.<\/p>\n","protected":false},"author":1,"featured_media":1186,"comment_status":"open","ping_status":"open","sticky":false,"template":"","format":"standard","meta":{"_links_to":"","_links_to_target":""},"categories":[21],"tags":[78,86,27,43],"acf":[],"_links":{"self":[{"href":"https:\/\/libriamoci.cepell.it\/II\/index.php?rest_route=\/wp\/v2\/posts\/1183"}],"collection":[{"href":"https:\/\/libriamoci.cepell.it\/II\/index.php?rest_route=\/wp\/v2\/posts"}],"about":[{"href":"https:\/\/libriamoci.cepell.it\/II\/index.php?rest_route=\/wp\/v2\/types\/post"}],"author":[{"embeddable":true,"href":"https:\/\/libriamoci.cepell.it\/II\/index.php?rest_route=\/wp\/v2\/users\/1"}],"replies":[{"embeddable":true,"href":"https:\/\/libriamoci.cepell.it\/II\/index.php?rest_route=%2Fwp%2Fv2%2Fcomments&post=1183"}],"version-history":[{"count":0,"href":"https:\/\/libriamoci.cepell.it\/II\/index.php?rest_route=\/wp\/v2\/posts\/1183\/revisions"}],"wp:featuredmedia":[{"embeddable":true,"href":"https:\/\/libriamoci.cepell.it\/II\/index.php?rest_route=\/wp\/v2\/media\/1186"}],"wp:attachment":[{"href":"https:\/\/libriamoci.cepell.it\/II\/index.php?rest_route=%2Fwp%2Fv2%2Fmedia&parent=1183"}],"wp:term":[{"taxonomy":"category","embeddable":true,"href":"https:\/\/libriamoci.cepell.it\/II\/index.php?rest_route=%2Fwp%2Fv2%2Fcategories&post=1183"},{"taxonomy":"post_tag","embeddable":true,"href":"https:\/\/libriamoci.cepell.it\/II\/index.php?rest_route=%2Fwp%2Fv2%2Ftags&post=1183"}],"curies":[{"name":"wp","href":"https:\/\/api.w.org\/{rel}","templated":true}]}}