{"id":11810,"date":"2019-11-21T17:51:07","date_gmt":"2019-11-21T17:51:07","guid":{"rendered":"https:\/\/libriamoci.cepell.it\/II\/?p=11810"},"modified":"2019-11-21T17:51:23","modified_gmt":"2019-11-21T17:51:23","slug":"parola-ai-giovani-lettori-sostiene-pereira","status":"publish","type":"post","link":"https:\/\/libriamoci.cepell.it\/II\/?p=11810","title":{"rendered":"Parola ai giovani lettori: &#8220;Sostiene Pereira&#8221;"},"content":{"rendered":"<p><span style=\"text-decoration: underline;\">di Marialuisa Schiavottiello &#8211; Liceo Scientifico &#8220;A. M. de&#8217; Liguori&#8221; (Acerra &#8211; NA)<\/span><\/p>\n<p><strong>Il libro<\/strong><\/p>\n<p>Antonio Tabucchi, <i>Sostiene Pereira<\/i>, Feltrinelli, Milano\u00a01994<\/p>\n<p><strong>Un accenno di trama<\/strong><\/p>\n<p>La vicenda \u00e8 ambientata nella Lisbona del 1938, durante la dittatura salazarista, periodo in cui si svolge la guerra civile spagnola e si afferma il Fascismo in Italia. Protagonista della storia \u00e8 Pereira, ex giornalista di cronaca nera che si ritrova a scrivere per la pagina culturale di un quotidiano cattolico del pomeriggio, il Lisboa. Pereira non ha figli, n\u00e8 moglie, ma marito lo \u00e8 stato. Della sua coniuge gli rimane una foto e la vedovanza. Si accontenta di passare le giornate in una noiosa quotidianit\u00e0, trascinandosi stancamente tra redazione, Caf\u00e8 Orquidea e casa, dove \u00e8 solito parlare con il ritratto della moglie. La ripetitivit\u00e0 delle sue giornate verr\u00e0 interrotta quando, leggendo una rivista letteraria, si accorge di un articolo sulla morte tratto dalla tesi di laurea di un certo Monteiro Rossi. \u00c8\u00a0cos\u00ec che Pereira si metter\u00e0 in contatto con lui offrendogli un lavoro come scrittore di necrologi per i grandi autori dell&#8217;epoca. Ben presto, dalle vicende emerger\u00e0 il lato rivoluzionario e ribelle del giovane, che cerca di opporsi in tutti i modi alla dittatura vigente. Egli trasciner\u00e0 il giornalista non solo in una lotta per la libert\u00e0 civile, ma in un cammino di redenzione, nella quale Pereira capir\u00e0 che non pu\u00f2 limitarsi a essere spettatore passivo delle vicende umane, ma protagonista attivo della Storia.<\/p>\n<p><strong>Cosa ne penso<\/strong><\/p>\n<p><em>Sostiene Pereira<\/em> non racconta n\u00e9 il riscatto di una vita, &#8220;pensata&#8221; pi\u00f9 che vissuta, n\u00e9 di una conversione politica. Racconta di un semplice e piccolo gesto di libert\u00e0, che il protagonista attua attraverso il suo amore per la letteratura. Pereira non prende posizione contro il regime dittatoriale in modo diretto, ma lo lascia fare ad Alphonse Daudet, autore francese dell&#8217;Ottocento, pubblicando sul Lisboa il suo racconto <em>L&#8217;ultima lezione<\/em>, che si conclude con l&#8217;emblematica frase &#8220;Viva la Francia&#8221;, nella quale egli non legger\u00e0 solo semplici parole di patriottismo, ma ci vedr\u00e0 racchiusi i valori di libert\u00e0, uguaglianza e fratellanza della Rivoluzione Francese ai quali crede. Nonostante la storia narrata da Tabucchi possa sembrare distante, il problema civile, filtrato attraverso la visione di una persona qualunque come Pereira, sembra pi\u00f9 attuale che mai. Spesso le persone sembrano assopite dalla loro apatia, accettando senza obiezioni ci\u00f2 che succede intorno a loro. Ognuno di noi pu\u00f2 riconoscersi nel Pereira attaccato al passato, che ignora il presente per vivere nella felicit\u00e0 dei suoi ricordi, e ognuno di noi pu\u00f2 tentare il suo stesso cambiamento, riprendendo in mano la propria vita e mettendo da parte quella indifferenza che, come la definisce Gramsci, non \u00e8 altro che materia bruta che si ribella all&#8217;intelligenza e la strozza. <br \/>Non si pu\u00f2 non trarre da questo romanzo un grande insegnamento: la cultura non \u00e8 fine a se stessa, ma deve diventare il massimo strumento di emancipazione e di lotta sociale. La cultura \u00e8 ci\u00f2 che rende l&#8217;uomo libero.<\/p>\n<p><strong><span class=\"im\">Una frase da citare<\/span><\/strong><\/p>\n<p>\u201cLa filosofia sembra che si occupi solo della verit\u00e0, ma forse dice solo fantasie, e la letteratura sembra che si occupi solo di fantasie, ma forse dice la verit\u00e0\u201d.<\/p>\n<p><strong>Affinit\u00e0 elettive<\/strong><\/p>\n<p><em>Il sentiero dei nidi di ragno<\/em>, romanzo di Italo Calvino.<\/p>\n<p>Il sito web del\u00a0Liceo Scientifico\u00a0\u201cA. M. de&#8217; Liguori\u201d:\u00a0<a href=\"https:\/\/www.liceodeliguori.edu.it\" target=\"_blank\"><strong>www.liceodeliguori.edu.it<\/strong><\/a>.<\/p>\n<p>Vuoi inviarci\u00a0la tua recensione? <a href=\"https:\/\/libriamoci.cepell.it\/II\/?page_id=9566\" target=\"_blank\">Compila questo modulo<\/a>.<\/p>\n","protected":false},"excerpt":{"rendered":"<p>La recensione di &#8220;Sostiene Pereira&#8221; di Antonio Tabucchi, a opera di Marialuisa Schiavottiello, del Liceo Scientifico &#8220;A. M. de&#8217; Liguori&#8221; (Acerra &#8211; NA).<\/p>\n","protected":false},"author":1,"featured_media":11811,"comment_status":"closed","ping_status":"closed","sticky":false,"template":"","format":"standard","meta":{"_links_to":"","_links_to_target":""},"categories":[22],"tags":[4,44],"acf":[],"_links":{"self":[{"href":"https:\/\/libriamoci.cepell.it\/II\/index.php?rest_route=\/wp\/v2\/posts\/11810"}],"collection":[{"href":"https:\/\/libriamoci.cepell.it\/II\/index.php?rest_route=\/wp\/v2\/posts"}],"about":[{"href":"https:\/\/libriamoci.cepell.it\/II\/index.php?rest_route=\/wp\/v2\/types\/post"}],"author":[{"embeddable":true,"href":"https:\/\/libriamoci.cepell.it\/II\/index.php?rest_route=\/wp\/v2\/users\/1"}],"replies":[{"embeddable":true,"href":"https:\/\/libriamoci.cepell.it\/II\/index.php?rest_route=%2Fwp%2Fv2%2Fcomments&post=11810"}],"version-history":[{"count":2,"href":"https:\/\/libriamoci.cepell.it\/II\/index.php?rest_route=\/wp\/v2\/posts\/11810\/revisions"}],"predecessor-version":[{"id":11813,"href":"https:\/\/libriamoci.cepell.it\/II\/index.php?rest_route=\/wp\/v2\/posts\/11810\/revisions\/11813"}],"wp:featuredmedia":[{"embeddable":true,"href":"https:\/\/libriamoci.cepell.it\/II\/index.php?rest_route=\/wp\/v2\/media\/11811"}],"wp:attachment":[{"href":"https:\/\/libriamoci.cepell.it\/II\/index.php?rest_route=%2Fwp%2Fv2%2Fmedia&parent=11810"}],"wp:term":[{"taxonomy":"category","embeddable":true,"href":"https:\/\/libriamoci.cepell.it\/II\/index.php?rest_route=%2Fwp%2Fv2%2Fcategories&post=11810"},{"taxonomy":"post_tag","embeddable":true,"href":"https:\/\/libriamoci.cepell.it\/II\/index.php?rest_route=%2Fwp%2Fv2%2Ftags&post=11810"}],"curies":[{"name":"wp","href":"https:\/\/api.w.org\/{rel}","templated":true}]}}