{"id":1167,"date":"2015-07-15T09:09:22","date_gmt":"2015-07-15T09:09:22","guid":{"rendered":"https:\/\/libriamoci.cepell.it\/II\/?p=1167"},"modified":"2015-07-15T09:09:22","modified_gmt":"2015-07-15T09:09:22","slug":"pomeriggi-da-paura-in-biblioteca","status":"publish","type":"post","link":"https:\/\/libriamoci.cepell.it\/II\/?p=1167","title":{"rendered":"Pomeriggi da paura in biblioteca"},"content":{"rendered":"<p><span style=\"text-decoration: underline;\">di Chiara Catinella, Rita Spadaro &#8211; 1\u00b0 Istituto Comprensivo &#8220;E. De Amicis&#8221; (Floridia &#8211; SR)<\/span><\/p>\n<p><!--more-->Durante la settimana di <strong>&#8220;LIBRIAMOCI&#8221;<\/strong> gruppi di alunni di II e III media leggeranno per i loro compagni racconti brevi o brani da essi estrapolati di autori italiani e stranieri rappresentanti del <strong>genere &#8220;nero&#8221;<\/strong>: Edgar Allan Poe, Bram Stocker, Giovanni Verga, Andrea Camilleri, Charles Dickens, Oscar Wilde.<\/p>\n<p>Le letture si svolgeranno per tutta la settimana, <strong>dal 26 al 30 ottobre 2015<\/strong>, nel tardo pomeriggio, al fine di creare un\u2019atmosfera noir. I lettori avranno cura di <strong>rendere accattivante la lettura<\/strong> attraverso costumi e materiali di scena. Alle letture seguiranno semplici laboratori a carattere ludico. A conclusione delle attivit\u00e0, i ragazzi faranno insieme una merenda, rigorosamente a tema.<\/p>\n<p>Il sito del 1\u00b0 Istituto Comprensivo &#8220;E. De Amicis&#8221;:\u00a0<a href=\"http:\/\/www.istitutodeamicisfloridia.it\/\" target=\"_blank\"><strong>http:\/\/www.istitutodeamicisfloridia.it\/<\/strong> <\/a><\/p>\n<p><em>[Foto di <a href=\"https:\/\/www.flickr.com\/photos\/jrmllvr\/9268233051\/in\/photolist-f817Mz-dvRtG3-aQ9t8c-aYUB1K-7WwKNT-dJcD5D-9RuuNg-9Rxodu-9Rxohj-dKsxWL-8mPP9K-tazmvq-oHZoEs-pKSYvZ-9RuuB4-9Rxo2U-8BbjZs-e4jiFt-3eSZhG-8kmrVL-egE2cg-8mmR7G-6pRFek-fQ9rA-7Sg4Aa-qB3MJp-eoMpsu-eoMxN1-72Eo1h-dGLXKL-dGFxkk-dGLZh1-9CEjY7-eoLPVb-eoLbDS-eoLFoh-eoNJaA-eob1ev-8g6oHo-58KVHr-7jrJUE-64qFaE-66HMnM-7e7x7H-naG9ZP-8kAUXK-a181wp-pw919-6Eda5W-r6XVBg\" target=\"_blank\">J\u00e9r\u00e9my Leli\u00e8vre<\/a>]<\/em><\/p>\n","protected":false},"excerpt":{"rendered":"<p>&#8220;Pomeriggi di paura&#8221; nasce all\u2019interno del pi\u00f9 ampio progetto BiblioTIAMO, che ha lo scopo di lanciare l\u2019idea di una biblioteca scolastica frequentata e vissuta attivamente. In occasione della seconda edizione di Libriamoci, che coincide con Halloween e con la tradizione siciliana dei \u201cMorticeddi\u201d (Commemorazione dei defunti), verranno proposte letture animate che hanno come tema comune la paura.<\/p>\n","protected":false},"author":1,"featured_media":1172,"comment_status":"open","ping_status":"open","sticky":false,"template":"","format":"standard","meta":{"_links_to":"","_links_to_target":""},"categories":[21],"tags":[61,86,93,43],"acf":[],"_links":{"self":[{"href":"https:\/\/libriamoci.cepell.it\/II\/index.php?rest_route=\/wp\/v2\/posts\/1167"}],"collection":[{"href":"https:\/\/libriamoci.cepell.it\/II\/index.php?rest_route=\/wp\/v2\/posts"}],"about":[{"href":"https:\/\/libriamoci.cepell.it\/II\/index.php?rest_route=\/wp\/v2\/types\/post"}],"author":[{"embeddable":true,"href":"https:\/\/libriamoci.cepell.it\/II\/index.php?rest_route=\/wp\/v2\/users\/1"}],"replies":[{"embeddable":true,"href":"https:\/\/libriamoci.cepell.it\/II\/index.php?rest_route=%2Fwp%2Fv2%2Fcomments&post=1167"}],"version-history":[{"count":0,"href":"https:\/\/libriamoci.cepell.it\/II\/index.php?rest_route=\/wp\/v2\/posts\/1167\/revisions"}],"wp:featuredmedia":[{"embeddable":true,"href":"https:\/\/libriamoci.cepell.it\/II\/index.php?rest_route=\/wp\/v2\/media\/1172"}],"wp:attachment":[{"href":"https:\/\/libriamoci.cepell.it\/II\/index.php?rest_route=%2Fwp%2Fv2%2Fmedia&parent=1167"}],"wp:term":[{"taxonomy":"category","embeddable":true,"href":"https:\/\/libriamoci.cepell.it\/II\/index.php?rest_route=%2Fwp%2Fv2%2Fcategories&post=1167"},{"taxonomy":"post_tag","embeddable":true,"href":"https:\/\/libriamoci.cepell.it\/II\/index.php?rest_route=%2Fwp%2Fv2%2Ftags&post=1167"}],"curies":[{"name":"wp","href":"https:\/\/api.w.org\/{rel}","templated":true}]}}