{"id":10846,"date":"2019-02-28T10:13:48","date_gmt":"2019-02-28T10:13:48","guid":{"rendered":"https:\/\/libriamoci.cepell.it\/II\/?p=10846"},"modified":"2019-05-07T07:31:32","modified_gmt":"2019-05-07T07:31:32","slug":"guarda-che-luna-a-cinquanta-anni-dallallunaggio-le-bibliografie-de-il-maggio-dei-libri-2019","status":"publish","type":"post","link":"https:\/\/libriamoci.cepell.it\/II\/?p=10846","title":{"rendered":"&#8220;Guarda che luna! A cinquanta anni dall&#8217;allunaggio&#8221; &#8211; Le bibliografie de Il Maggio dei Libri 2019"},"content":{"rendered":"<p><span style=\"text-decoration: underline;\">della redazione<\/span><\/p>\n<p>Ci sono appuntamenti che, anno dopo anno, diventano sempre pi\u00f9 familiari, ai quali pensiamo con naturalezza come ad amici che sappiamo esserci sempre vicini. \u00c8 cos\u00ec anche per <b><i>Il<\/i><\/b> <b><i>Maggio dei Libri<\/i><\/b>, la campagna nazionale di promozione della lettura che vi aspetta per la nona edizione e punta a coinvolgervi nella stessa missione di sempre: ricordare o far scoprire a tutti la bellezza e i superpoteri della lettura! A cominciare da quello del \u201cteletrasporto\u201d: leggere \u00e8 la chiave per evadere da qualsiasi luogo, dalla quotidianit\u00e0, dalla noia o da contesti nei quali non ci si riconosce, e pu\u00f2 condurre ovunque si desideri. Il viaggio, come sapete, inizia <b>il 23 aprile<\/b>, Giornata mondiale UNESCO del libro e del diritto d\u2019autore, e si conclude il<b> 31 maggio<\/b>.<\/p>\n<p>Anche quest\u2019anno il <strong>Centro per il Libro e la Lettura<\/strong> propone <strong>4\u00a0filoni tematici<\/strong> ai quali ispirarsi per i contenuti delle proprie iniziative durante la campagna Il Maggio dei Libri 2019:<\/p>\n<ul>\n<li><a href=\"https:\/\/libriamoci.cepell.it\/II\/?p=10835\" target=\"_blank\">&#8220;Desiderio e genio. A cinquecento anni dalla morte di Leonardo Da Vinci&#8221;<\/a>;<\/li>\n<li><a href=\"https:\/\/libriamoci.cepell.it\/II\/?p=10839\" target=\"_blank\">&#8220;Dove sei giovane Holden?\u00a0A cento anni dalla nascita di J.D. Salinger&#8221;<\/a>;<\/li>\n<li><a href=\"https:\/\/libriamoci.cepell.it\/II\/?p=10844\" target=\"_blank\">&#8220;Se questo \u00e8 un uomo. A cento anni dalla nascita di Primo Levi&#8221;<\/a>;<\/li>\n<li><a href=\"https:\/\/libriamoci.cepell.it\/II\/?p=10846\" target=\"_blank\">&#8220;Guarda che luna! A cinquanta anni dall&#8217;allunaggio&#8221;<\/a>.<\/li>\n<\/ul>\n<p><strong>Guarda che luna! A cinquanta anni dall&#8217;allunaggio<\/strong><\/p>\n<p>Il 20 luglio 1969 avvenne lo sbarco del primo uomo al mondo su un corpo extraterrestre. L\u2019americano Neil Armstrong, capitano della missione Apollo 11, atterr\u00f2 sulla Luna e pronunci\u00f2 la celebre frase: \u201cun piccolo passo per un uomo, un grande balzo per l\u2019umanit\u00e0\u201d.<\/p>\n<p><strong>Per la scuola dell\u2019infanzia, primaria e secondaria di primo grado<\/strong><\/p>\n<p><span style=\"text-decoration: underline;\"><b>Scuola dell\u2019infanzia<\/b><\/span><\/p>\n<ul>\n<li><em>Il giorno della luna,<\/em> Chris Hadfield, Il Castoro, 2019<\/li>\n<li><em>L&#8217;astuccio dell&#8217;astronauta<\/em>, Francesco Gallo, Anna Oppio, L&#8217;orto della cultura, 2019<\/li>\n<li><em>Stella stellina la notte si avvicina&#8230;.,<\/em> Emanuela Bussolati, Giovanna Mantegazza, La Coccinella 2017\u00a0<\/li>\n<li><em>Il mio cofanetto Montessori di astronomia,<\/em> \u00c8ve Herrmann, Roberta Rocchi, L&#8217;Ippocampo, 2017<\/li>\n<li><em>Armstrong. L\u2019avventurosa storia del primo topo sulla Luna,<\/em> Torben Kuhlmann, orecchio acerbo, 2016<\/li>\n<li><em>Lo scoiattolo e la luna,<\/em> Sebastian Meschenmoser, Il Castoro, 2016<\/li>\n<li><em>Sole luna stella,<\/em> Kurt Vonnegut, Ivan Chermayeff, Topipittori, 2016<\/li>\n<li><em>Mentre tutti dormono,<\/em> Astrid Lindgren, Kitty Crowther, Il Gioco di Leggere, 2015\u00a0<\/li>\n<li><em>Space race,<\/em> Tom Clohosy Cole, Nobrow Press, 2012<\/li>\n<li><em>Pimpa, Buona notte luna!,<\/em> Altan, Franco Cosimo Panini, 2011<\/li>\n<li><em>How to catch a star,<\/em> Oliver Jeffers, Harper, 2010<\/li>\n<li><em>Ninnananna per una pecorella,<\/em> Eleonora Bellini, Massimo Caccia, Topipittori, 2009<\/li>\n<li><em>Messaggero delle stelle,<\/em> Peter S\u00ecs, Rizzoli, 2009<\/li>\n<li><em>L\u2019uomo della luna,<\/em> Tomi Ungerer, Nord-Sud, 2007<\/li>\n<li><em>E sulle case il cielo,<\/em> Giusi Quarenghi, Chiara Carrer, Topipittori, 2007<\/li>\n<li><em>Pap\u00e0, mi prendi la luna, per favore?,<\/em> Eric Carle, La Margherita, 2006<\/li>\n<li><em>Luca la luna e il latte,<\/em> Maurice Sendak, Babalibri, 2000<\/li>\n<li><em>Nanne di Luna,<\/em> Giusi Quarenghi, Maria Cristina Lo Cascio, Happy artedizioni, 1997<\/li>\n<\/ul>\n<p><span style=\"text-decoration: underline;\"><b><a href=\"https:\/\/libriamoci.cepell.it\/II\/wp-content\/uploads\/2019\/02\/luna1-1.jpg\"><img decoding=\"async\" loading=\"lazy\" class=\"alignnone wp-image-11191 size-full\" src=\"https:\/\/libriamoci.cepell.it\/II\/wp-content\/uploads\/2019\/02\/luna1-1.jpg\" alt=\"luna1\" width=\"1446\" height=\"300\" \/><\/a><a href=\"https:\/\/libriamoci.cepell.it\/II\/wp-content\/uploads\/2019\/02\/luna2.jpg\"><img decoding=\"async\" loading=\"lazy\" class=\"alignnone size-full wp-image-10994\" src=\"https:\/\/libriamoci.cepell.it\/II\/wp-content\/uploads\/2019\/02\/luna2.jpg\" alt=\"luna2\" width=\"980\" height=\"300\" \/><\/a><a href=\"https:\/\/libriamoci.cepell.it\/II\/wp-content\/uploads\/2019\/02\/luna3.jpg\"><img decoding=\"async\" loading=\"lazy\" class=\"alignnone size-full wp-image-10995\" src=\"https:\/\/libriamoci.cepell.it\/II\/wp-content\/uploads\/2019\/02\/luna3.jpg\" alt=\"luna3\" width=\"1017\" height=\"300\" \/><\/a><a href=\"https:\/\/libriamoci.cepell.it\/II\/wp-content\/uploads\/2019\/02\/luna4.jpg\"><img decoding=\"async\" loading=\"lazy\" class=\"alignnone size-full wp-image-10996\" src=\"https:\/\/libriamoci.cepell.it\/II\/wp-content\/uploads\/2019\/02\/luna4.jpg\" alt=\"luna4\" width=\"1074\" height=\"300\" \/><\/a>Scuola primaria<\/b><\/span><\/p>\n<ul>\n<li><em>Nuno salva la luna,<\/em> Marino Neri, Canicola, 2019<\/li>\n<li><em>Astrogatti missione luna,<\/em> Drew Brockington, Il Castoro, 2019<\/li>\n<li><em>Corsa allo spazio,<\/em> Clive Gifford, DeAgostini, 2019<\/li>\n<li><em>Come diventare un astronauta,<\/em> Dott.ssa Sheila Kanani, DeAgostini, 2019<\/li>\n<li><em>Armstrong,<\/em> Giulia Calandra Bonaura, Franco Cosimo Panini, 2019<\/li>\n<li><em>La notte della luna,<\/em> Guido Quarzo, Anna Vivarelli, Einaudi Ragazzi, 2018\u00a0<\/li>\n<li><em>C&#8217;era una volta una stella\u00a0<\/em> James Carter, Mar Hern\u00e1ndez, Lapis, 2018<\/li>\n<li><em>Quando la luna ero io,<\/em> Luigi Garlando, Solferino, 2018<\/li>\n<li><em>Planetarium,<\/em> Christopher Wormell, Raman Prinja, Rizzoli 2018\u00a0<\/li>\n<li><em>Atlante del cielo,<\/em> Lara Albanese, Lucia Scuderi, Jaca Book, 2018<\/li>\n<li><em>Universi. Dai mondi greci ai multiversi,<\/em> Guillaume Duprat, L&#8217;Ippocampo, 2018\u00a0<\/li>\n<li><em>Il Big Bang e la nascita dell&#8217;universo,<\/em> Sergio Rossi, Cristiano Lissoni, EL, 2018<\/li>\n<li><em>1969: Il primo uomo sulla Luna,<\/em> Christian Hill, Giovanni Pota, EL, 2018<\/li>\n<li><em>Stelle e pianeti,<\/em> Mack, Clavis, 2018<\/li>\n<li><em>Apollo 13,<\/em> Christian Hill, Giovanni Pota, EL, 2018<\/li>\n<li><em>Voi siete qui,<\/em> Daniel Mizielinski, Aleksandra Mizielinska, Mondadori, 2016<\/li>\n<li><em>Uma, la chiocciola in orbita,<\/em> Manuela Aguzzi, Andrea Mariconti, Carthusia, 2015<\/li>\n<li><em>Professor Astro Gatto e le frontiere dello spazio,<\/em> Dominic Walliman, Ben Newman, Bao Publishing 2014\u00a0<\/li>\n<li><em>Il piccolo principe,<\/em> Antoine Saint-Exup\u00e9ry, Bompiani, 2014<\/li>\n<li><em>I cervelloni. Lo sfrecciante libro dell\u2019astronomia,<\/em> Lisa Swerling, Ralph Lazar, Editoriale Scienza, 2013<\/li>\n<\/ul>\n<p><span style=\"text-decoration: underline;\"><b><a href=\"https:\/\/libriamoci.cepell.it\/II\/wp-content\/uploads\/2019\/02\/luna5.jpg\"><img decoding=\"async\" loading=\"lazy\" class=\"alignnone size-full wp-image-11003\" src=\"https:\/\/libriamoci.cepell.it\/II\/wp-content\/uploads\/2019\/02\/luna5.jpg\" alt=\"luna5\" width=\"888\" height=\"300\" \/><\/a><a href=\"https:\/\/libriamoci.cepell.it\/II\/wp-content\/uploads\/2019\/02\/luna6.jpg\"><img decoding=\"async\" loading=\"lazy\" class=\"alignnone size-full wp-image-11004\" src=\"https:\/\/libriamoci.cepell.it\/II\/wp-content\/uploads\/2019\/02\/luna6.jpg\" alt=\"luna6\" width=\"929\" height=\"300\" \/><\/a><a href=\"https:\/\/libriamoci.cepell.it\/II\/wp-content\/uploads\/2019\/02\/luna7.jpg\"><img decoding=\"async\" loading=\"lazy\" class=\"alignnone size-full wp-image-11005\" src=\"https:\/\/libriamoci.cepell.it\/II\/wp-content\/uploads\/2019\/02\/luna7.jpg\" alt=\"luna7\" width=\"989\" height=\"300\" \/><\/a><a href=\"https:\/\/libriamoci.cepell.it\/II\/wp-content\/uploads\/2019\/02\/luna8.jpg\"><img decoding=\"async\" loading=\"lazy\" class=\"alignnone size-full wp-image-11006\" src=\"https:\/\/libriamoci.cepell.it\/II\/wp-content\/uploads\/2019\/02\/luna8.jpg\" alt=\"luna8\" width=\"1268\" height=\"300\" \/><\/a>Scuola secondaria di I grado<\/b><\/span><\/p>\n<ul>\n<li><em>Apri gli occhi al cielo,<\/em> AA.VV. e Silvia Vecchini, Mondadori, 2019<\/li>\n<li><em>Voglio la luna,<\/em> Umberto Guidoni, Andrea Valente, Editoriale Scienza, 2019<\/li>\n<li><em>La mini e la luna. Il &#8217;68. Le proteste, i sogni e le conquiste degli studenti,<\/em> Sofia Gallo, Otto Gabos, LibriVolanti, 2018<\/li>\n<li><em>Dialoghi. Conversazioni sulla natura dell&#8217;universo,<\/em> Clifford V. Johnson, Dedalo, 2018\u00a0<\/li>\n<li><em>Dalla terra alla luna,<\/em> Jules Verne, BUR, 2018<\/li>\n<li><em>C&#8217;\u00e8 spazio per tutti,<\/em> Leo Ortolani, Panini Comics, 2018<\/li>\n<li><em>Il mistero del mondo quantistico,<\/em> Thibault Damour, Mathieu Burniat, Gribaudo, 2017<\/li>\n<li><em>Missione spazio. I misteri dell&#8217;Universo spiegati in un colpo d\u2019occhio!,<\/em> Giulia De Amicis, National Geographic, 2017<\/li>\n<li><em>Da quass\u00f9 la Terra \u00e8 bellissima,<\/em> Toni Bruno, Bao Publishing, 2016<\/li>\n<li><em>Il diritto di contare,<\/em> Theodore Melfi, USA, 2016<\/li>\n<li><em>L&#8217;universo di Margherita,<\/em> Simona Cerrato, Margherita Hack, Grazia Nidasio, Editoriale Scienza,\u00a0 2015<\/li>\n<li><em>La caccia alla meteora,<\/em> Jules Verne, Michel Verne, Mursia Editore, 2015<\/li>\n<li><em>La grande avventura dell\u2019universo,<\/em> Stephen e Lucy Hawking, Mondadori, 2012<\/li>\n<li><em>Laika,<\/em> Nick Abadzis, Magic Press, 2008<\/li>\n<\/ul>\n<p><a href=\"https:\/\/libriamoci.cepell.it\/II\/wp-content\/uploads\/2019\/02\/luna9.jpg\"><img decoding=\"async\" loading=\"lazy\" class=\"alignnone size-full wp-image-11015\" src=\"https:\/\/libriamoci.cepell.it\/II\/wp-content\/uploads\/2019\/02\/luna9.jpg\" alt=\"luna9\" width=\"859\" height=\"300\" \/><\/a><a href=\"https:\/\/libriamoci.cepell.it\/II\/wp-content\/uploads\/2019\/02\/luna10.jpg\"><img decoding=\"async\" loading=\"lazy\" class=\"alignnone size-full wp-image-11016\" src=\"https:\/\/libriamoci.cepell.it\/II\/wp-content\/uploads\/2019\/02\/luna10.jpg\" alt=\"luna10\" width=\"855\" height=\"300\" \/><\/a><a href=\"https:\/\/libriamoci.cepell.it\/II\/wp-content\/uploads\/2019\/02\/luna11.jpg\"><img decoding=\"async\" loading=\"lazy\" class=\"alignnone size-full wp-image-11017\" src=\"https:\/\/libriamoci.cepell.it\/II\/wp-content\/uploads\/2019\/02\/luna11.jpg\" alt=\"luna11\" width=\"1026\" height=\"300\" \/><\/a>Potete aderire con iniziative che si svolgano <b>tra il 23 aprile e il 31 maggio<\/b> e, come di consueto, vi chiediamo di segnalarcele inserendole \u2013 con <b>descrizioni sintetiche <\/b>\u2013 nella piattaforma che raccoglie tutte le iniziative legate al <b><i>Maggio dei Libri <\/i><\/b>2019<i>. <\/i>La <b>banca dati<\/b> sar\u00e0 aperta e pronta ad accogliere i vostri eventi a partire dal <b>18 marzo<\/b>, all\u2019indirizzo <a href=\"http:\/\/www.ilmaggiodeilibri.it\/registrazione\" target=\"_blank\"><b>www.ilmaggiodeilibri.it\/registrazione<\/b><\/a><b> <\/b>e tutti gli organizzatori dovranno <b>richiedere le credenziali<\/b> prima di poter inserire le proprie iniziative.<\/p>\n<p>Come l\u2019anno scorso, sar\u00e0 possibile arricchire la scheda dell\u2019evento in banca dati inserendo un\u2019<b>immagine <\/b>o una <b>locandina <\/b>(in pdf, jpg o jpeg). Sul <b>sito<\/b> ufficiale <a href=\"http:\/\/www.ilmaggiodeilibri.it\" target=\"_blank\">www.ilmaggiodeilibri.it<\/a> saranno disponibili i <b>materiali grafici da scaricare e personalizzare<\/b> per promuovere il proprio programma di eventi: vi invitiamo come di consueto ad adottare l\u2019identit\u00e0 visiva della campagna. Inoltre, dopo che la vostra iniziativa sar\u00e0 stata convalidata, <b>potrete condividerla sui vostri social network, blog e siti<\/b> grazie a un link diretto, uno strumento in pi\u00f9 per diffonderla, migliorarne la riuscita e farcela conoscere (inserendo su Facebook e Twitter il tag <b>#MaggiodeiLibri<\/b> o la menzione <b>@ilmaggiodeilibri<\/b> su Facebook e <b>@maggiodeilibri <\/b>su Twitter). E se amate le foto, non dimenticate il profilo <b>Instagram <\/b>della campagna (instagram.com\/ilmaggiodeilibri): taggate le foto dei vostri appuntamenti usando l\u2019hashtag <b>#MaggiodeiLibri <\/b>e la menzione<b> @ilmaggiodeilibri <\/b>e condividete istantaneamente i momenti pi\u00f9 belli! Un <b>Social Feed <\/b>sull\u2019homepage del sito ufficiale aggregher\u00e0 in tempo reale tutte le interazioni social, permettendovi di essere sempre connessi.<\/p>\n","protected":false},"excerpt":{"rendered":"<p>Il Centro per il Libro e la Lettura propone 4 filoni tematici ai quali ispirarsi per i contenuti delle proprie iniziative durante la campagna Il Maggio dei Libri 2019: &#8220;Guarda che luna! A cinquanta anni dall&#8217;allunaggio&#8221; \u00e8 il quarto dei quattro.<\/p>\n","protected":false},"author":1,"featured_media":10869,"comment_status":"closed","ping_status":"closed","sticky":false,"template":"","format":"standard","meta":{"_links_to":"","_links_to_target":""},"categories":[2],"tags":[79,14,8,59,57,43],"acf":[],"_links":{"self":[{"href":"https:\/\/libriamoci.cepell.it\/II\/index.php?rest_route=\/wp\/v2\/posts\/10846"}],"collection":[{"href":"https:\/\/libriamoci.cepell.it\/II\/index.php?rest_route=\/wp\/v2\/posts"}],"about":[{"href":"https:\/\/libriamoci.cepell.it\/II\/index.php?rest_route=\/wp\/v2\/types\/post"}],"author":[{"embeddable":true,"href":"https:\/\/libriamoci.cepell.it\/II\/index.php?rest_route=\/wp\/v2\/users\/1"}],"replies":[{"embeddable":true,"href":"https:\/\/libriamoci.cepell.it\/II\/index.php?rest_route=%2Fwp%2Fv2%2Fcomments&post=10846"}],"version-history":[{"count":19,"href":"https:\/\/libriamoci.cepell.it\/II\/index.php?rest_route=\/wp\/v2\/posts\/10846\/revisions"}],"predecessor-version":[{"id":11192,"href":"https:\/\/libriamoci.cepell.it\/II\/index.php?rest_route=\/wp\/v2\/posts\/10846\/revisions\/11192"}],"wp:featuredmedia":[{"embeddable":true,"href":"https:\/\/libriamoci.cepell.it\/II\/index.php?rest_route=\/wp\/v2\/media\/10869"}],"wp:attachment":[{"href":"https:\/\/libriamoci.cepell.it\/II\/index.php?rest_route=%2Fwp%2Fv2%2Fmedia&parent=10846"}],"wp:term":[{"taxonomy":"category","embeddable":true,"href":"https:\/\/libriamoci.cepell.it\/II\/index.php?rest_route=%2Fwp%2Fv2%2Fcategories&post=10846"},{"taxonomy":"post_tag","embeddable":true,"href":"https:\/\/libriamoci.cepell.it\/II\/index.php?rest_route=%2Fwp%2Fv2%2Ftags&post=10846"}],"curies":[{"name":"wp","href":"https:\/\/api.w.org\/{rel}","templated":true}]}}