{"id":10844,"date":"2019-02-28T10:14:15","date_gmt":"2019-02-28T10:14:15","guid":{"rendered":"https:\/\/libriamoci.cepell.it\/II\/?p=10844"},"modified":"2021-01-29T09:41:36","modified_gmt":"2021-01-29T09:41:36","slug":"se-questo-e-un-uomo-a-cento-anni-dalla-nascita-di-primo-levi-le-bibliografie-de-il-maggio-dei-libri-2019","status":"publish","type":"post","link":"https:\/\/libriamoci.cepell.it\/II\/?p=10844","title":{"rendered":"&#8220;Se questo \u00e8 un uomo. A cento anni dalla nascita di Primo Levi&#8221; &#8211; Le bibliografie de Il Maggio dei Libri 2019"},"content":{"rendered":"<p><span style=\"text-decoration: underline;\">della redazione<\/span><\/p>\n<p>Ci sono appuntamenti che, anno dopo anno, diventano sempre pi\u00f9 familiari, ai quali pensiamo con naturalezza come ad amici che sappiamo esserci sempre vicini. \u00c8 cos\u00ec anche per <b><i>Il<\/i><\/b> <b><i>Maggio dei Libri<\/i><\/b>, la campagna nazionale di promozione della lettura che vi aspetta per la nona edizione e punta a coinvolgervi nella stessa missione di sempre: ricordare o far scoprire a tutti la bellezza e i superpoteri della lettura! A cominciare da quello del \u201cteletrasporto\u201d: leggere \u00e8 la chiave per evadere da qualsiasi luogo, dalla quotidianit\u00e0, dalla noia o da contesti nei quali non ci si riconosce, e pu\u00f2 condurre ovunque si desideri. Il viaggio, come sapete, inizia <b>il 23 aprile<\/b>, Giornata mondiale UNESCO del libro e del diritto d\u2019autore, e si conclude il<b> 31 maggio<\/b>.<\/p>\n<p>Anche quest\u2019anno il <strong>Centro per il Libro e la Lettura<\/strong> propone <strong>4\u00a0filoni tematici<\/strong> ai quali ispirarsi per i contenuti delle proprie iniziative durante la campagna Il Maggio dei Libri 2019:<\/p>\n<ul>\n<li><a href=\"https:\/\/libriamoci.cepell.it\/II\/?p=10835\" target=\"_blank\">&#8220;Desiderio e genio. A cinquecento anni dalla morte di Leonardo Da Vinci&#8221;<\/a>;<\/li>\n<li><a href=\"https:\/\/libriamoci.cepell.it\/II\/?p=10839\" target=\"_blank\">&#8220;Dove sei giovane Holden?\u00a0A cento anni dalla nascita di J.D. Salinger&#8221;<\/a>;<\/li>\n<li><a href=\"https:\/\/libriamoci.cepell.it\/II\/?p=10844\" target=\"_blank\">&#8220;Se questo \u00e8 un uomo. A cento anni dalla nascita di Primo Levi&#8221;<\/a>;<\/li>\n<li><a href=\"https:\/\/libriamoci.cepell.it\/II\/?p=10846\" target=\"_blank\">&#8220;Guarda che luna! A cinquanta anni dall&#8217;allunaggio&#8221;<\/a>.<\/li>\n<\/ul>\n<p><strong>Se questo \u00e8 un uomo. A cento anni dalla nascita di Primo Levi<\/strong><\/p>\n<p>Primo Levi, nato a Torino il 31 luglio 1919, \u00e8 stato uno scrittore, partigiano e chimico italiano, autore di racconti, memorie, poesie, saggi e romanzi. L\u2019opera d&#8217;esordio <i>Se questo \u00e8 un uomo,<\/i> nel quale racconta le sue terribili esperienze nel campo di sterminio nazista di Auschwitz, \u00e8 considerato un classico della letteratura mondiale. <span class=\"Apple-converted-space\">\u00a0<\/span><\/p>\n<p><strong>Per le scuole secondarie di primo e secondo\u00a0grado<\/strong><\/p>\n<p><span style=\"text-decoration: underline;\"><b>Romanzi, racconti e poesie di Primo Levi<\/b><\/span><\/p>\n<ul>\n<li><em>La ricerca delle radici,<\/em> Einaudi, 2018<\/li>\n<li><em>L&#8217;altrui mestiere,<\/em> Einaudi, 2018<\/li>\n<li><em>Ranocchi sulla luna e altri animali,<\/em> Einaudi, 2016<\/li>\n<li>con Leonardo De Benedetti,<em> Cos\u00ec fu Auschwitz. Testimonianze 1945-1986<\/em>, Einaudi, 2015\u00a0<\/li>\n<li><em>I sommersi e i salvati,<\/em> Einaudi, 2014\u00a0<\/li>\n<li><em>Se non ora, quando?,<\/em> Einaudi, 2014<\/li>\n<li><em>La chiave a stella,<\/em> Einaudi, 2014<\/li>\n<li><em>Il sistema periodico,<\/em> Einaudi, 2014<\/li>\n<li><em>Se questo \u00e8 un uomo,<\/em> Einaudi, 2014<\/li>\n<li><em>La tregua,<\/em> Einaudi, 2014<\/li>\n<li><em>Tutti i racconti,<\/em> Einaudi, 2005<\/li>\n<li><em>Ad ora incerta,<\/em> Garzanti, 1998 (poesie)<\/li>\n<\/ul>\n<p><b><span style=\"text-decoration: underline;\"><a href=\"https:\/\/libriamoci.cepell.it\/II\/wp-content\/uploads\/2019\/02\/levi1.jpg\"><img decoding=\"async\" loading=\"lazy\" class=\"alignnone size-full wp-image-10953\" src=\"https:\/\/libriamoci.cepell.it\/II\/wp-content\/uploads\/2019\/02\/levi1.jpg\" alt=\"levi1\" width=\"1119\" height=\"300\" \/><\/a><a href=\"https:\/\/libriamoci.cepell.it\/II\/wp-content\/uploads\/2019\/02\/levi2.jpg\"><img decoding=\"async\" loading=\"lazy\" class=\"alignnone size-full wp-image-10954\" src=\"https:\/\/libriamoci.cepell.it\/II\/wp-content\/uploads\/2019\/02\/levi2.jpg\" alt=\"levi2\" width=\"1127\" height=\"300\" \/><\/a>Interviste, studi e altro<\/span><\/b><\/p>\n<ul>\n<li><em>Opere complete III. Conversazioni, interviste e dichiarazioni<\/em>, a cura di Marco Belpoliti, Einaudi, 2018<\/li>\n<li><em>Primo Levi. Una vita,\u00a0<\/em>di Ian Thompson, Utet, 2017<\/li>\n<li><em>Io che vi parlo,\u00a0<\/em>di Giovanni Tesio, Einaudi, 2016<\/li>\n<li><em>Il veleno di Auschwitz. Il volto e la voce: testimonianze in TV 1963-1986. Con DVD<\/em>, a cura di Frediano Sessi, Stas\u2019 Gawronski, Marsilio, 2016<\/li>\n<li><em>Primo Levi di fronte e di profilo,<\/em> di Marco Belpoliti, Guanda, 2015\u00a0<\/li>\n<li><em>Intervista a Primo Levi, ex deportato,<\/em> di Anna Bravo e Federico Cereja, Einaudi, 2011\u00a0<\/li>\n<li><em>Primo Levi. Una vita per immagini. Ediz. Illustrata,<\/em> di Philippe Mesnard, Marsilio, 2008<\/li>\n<li><em>Primo Levi. La vita, le opere,<\/em> di Ernesto Ferrero, Einaudi, 2007<\/li>\n<li><em>Primo Levi: un&#8217;antologia della critica,<\/em> a cura di Ernesto Ferrero, Einaudi, 1997<\/li>\n<\/ul>\n<p><span style=\"text-decoration: underline;\"><b><a href=\"https:\/\/libriamoci.cepell.it\/II\/wp-content\/uploads\/2019\/02\/levi3.jpg\"><img decoding=\"async\" loading=\"lazy\" class=\"alignnone size-full wp-image-10962\" src=\"https:\/\/libriamoci.cepell.it\/II\/wp-content\/uploads\/2019\/02\/levi3.jpg\" alt=\"levi3\" width=\"964\" height=\"300\" \/><\/a><a href=\"https:\/\/libriamoci.cepell.it\/II\/wp-content\/uploads\/2019\/02\/levi4.jpg\"><img decoding=\"async\" loading=\"lazy\" class=\"alignnone size-full wp-image-10963\" src=\"https:\/\/libriamoci.cepell.it\/II\/wp-content\/uploads\/2019\/02\/levi4.jpg\" alt=\"levi4\" width=\"729\" height=\"300\" \/><\/a><\/b><\/span><\/p>\n<p><span style=\"text-decoration: underline;\"><b>Film<\/b><\/span><\/p>\n<ul>\n<li><em>La strada di Levi,<\/em> di Davide Ferrario, Italia, 2006<\/li>\n<li><em>La tregua,<\/em> di Francesco Rosi, Italia, 1997<\/li>\n<\/ul>\n<p><span style=\"text-decoration: underline;\"><b><a href=\"https:\/\/libriamoci.cepell.it\/II\/wp-content\/uploads\/2019\/02\/levi5.jpg\"><img decoding=\"async\" loading=\"lazy\" class=\"alignnone size-full wp-image-10964\" src=\"https:\/\/libriamoci.cepell.it\/II\/wp-content\/uploads\/2019\/02\/levi5.jpg\" alt=\"levi5\" width=\"421\" height=\"300\" \/><\/a><\/b><\/span><\/p>\n<p><span style=\"text-decoration: underline;\"><b>Fumetti<\/b><\/span><\/p>\n<ul>\n<li><em>174517. Deportato: Primo Levi,\u00a0<\/em>di Giovanna Carbone, Franco Portinari, la meridiana, 2019<\/li>\n<li><em>Primo Levi,\u00a0<\/em>di Matteo Mastragostino, Alessandro Ranghiasci, Becco Giallo, 2017<\/li>\n<li><em>Una stella tranquilla. Ritratto sentimentale di Primo Levi,\u00a0<\/em>di Pietro Scarnera, Comma 22, 2014\u00a0<\/li>\n<\/ul>\n<p><b><a href=\"https:\/\/libriamoci.cepell.it\/II\/wp-content\/uploads\/2019\/02\/levi6.jpg\"><img decoding=\"async\" loading=\"lazy\" class=\"alignnone size-full wp-image-10965\" src=\"https:\/\/libriamoci.cepell.it\/II\/wp-content\/uploads\/2019\/02\/levi6.jpg\" alt=\"levi6\" width=\"623\" height=\"300\" \/><\/a><\/b><\/p>\n<p><b>STORIE DI ALTRI SOPRAVVISSUTI<\/b><\/p>\n<p><span style=\"text-decoration: underline;\"><b>Scuole secondarie di primo grado<\/b><\/span><\/p>\n<ul>\n<li><em>Fino a quando la mia stella briller\u00e0,<\/em> di Liliana Segre, Daniela Palumbo,<b> <\/b>Piemme, 2018<\/li>\n<li><em>Una bambina e basta,\u00a0<\/em>di Lia Levi, E\/O, 2014<\/li>\n<li><em>L&#8217;albergo della magnolia &#8211; L&#8217;amore mio non pu\u00f2,<\/em> di Lia Levi, E\/O, 2019\u00a0<\/li>\n<li><em>Ho sognato la cioccolata per anni,<\/em> di Trudi Birger, Piemme, 2018<\/li>\n<li><em>Un sacchetto di biglie,<\/em> di Joseph Joffo, BUR, 2018<\/li>\n<li><em>Quando Hitler rub\u00f2 il coniglio rosa,<\/em> di Judith Kerr, Rizzoli, 2017<\/li>\n<li><em>L\u2019isola in via degli uccelli,<\/em> di Uri Orlev, Salani, 2009<\/li>\n<\/ul>\n<p><span style=\"text-decoration: underline;\"><b><a href=\"https:\/\/libriamoci.cepell.it\/II\/wp-content\/uploads\/2019\/02\/levi7.jpg\"><img decoding=\"async\" loading=\"lazy\" class=\"alignnone size-full wp-image-10971\" src=\"https:\/\/libriamoci.cepell.it\/II\/wp-content\/uploads\/2019\/02\/levi7.jpg\" alt=\"6980-Bro.indd\" width=\"770\" height=\"300\" \/><\/a><a href=\"https:\/\/libriamoci.cepell.it\/II\/wp-content\/uploads\/2019\/02\/levi8.jpg\"><img decoding=\"async\" loading=\"lazy\" class=\"alignnone size-full wp-image-10972\" src=\"https:\/\/libriamoci.cepell.it\/II\/wp-content\/uploads\/2019\/02\/levi8.jpg\" alt=\"levi8\" width=\"791\" height=\"300\" \/><\/a><\/b><\/span><\/p>\n<p><span style=\"text-decoration: underline;\"><b>Scuole secondarie di secondo\u00a0grado<\/b><\/span><\/p>\n<ul>\n<li><em>Il mondo sapeva. La Shoah e il nuovo millennio,\u00a0<\/em>di Elie Wiesel, Giuntina, 2019<\/li>\n<li><em>Piccola autobiografia di mio padre,<\/em> di Daniel Vogelmann, Giuntina, 2019<\/li>\n<li><em>Trilogia della memoria. Tre romanzi all&#8217;ombra delle leggi razziali. Una bambina e basta &#8211;\u00a0L&#8217; albergo della magnolia &#8211; L&#8217;amore mio non pu\u00f2,<\/em> di Lia Levi, E\/O, 2019\u00a0<\/li>\n<li><em>Scolpitelo nel vostro cuore. Dal Binario 21 ad Auschwitz e ritorno,<\/em> di Liliana Segre, Piemme, 2018\u00a0<\/li>\n<li><em>Come una rana d&#8217;inverno. Conversazioni con tre donne sopravvissute ad Auschwitz: Liliana Segre, Goti Bauer, Giuliana Tedeschi,\u00a0<\/em>di Daniela Padoan, Bompiani, 2018\u00a0<\/li>\n<li><em>Ho sognato la cioccolata per anni,<\/em> di Trudi Birger, Piemme, 2018<\/li>\n<li><em>Un sacchetto di biglie,<\/em> di Joseph Joffo, BUR, 2018<\/li>\n<li><em>Il pianista. Varsavia 1939-1945. La straordinaria storia di un sopravvissuto,\u00a0<\/em>di Wladyslaw Szpilman, Baldini Castoldi, 2017\u00a0<\/li>\n<li><em>Quando Hitler rub\u00f2 il coniglio rosa,<\/em> di Judith Kerr, Rizzoli, 2017<\/li>\n<li><em>Maus,<\/em> di Art Spiegelman, Einaudi, 2010<\/li>\n<li><em>L\u2019isola in via degli uccelli,<\/em> di Uri Orlev, Salani, 2009<\/li>\n<li><em>La notte,<\/em> di Elie Wiesel, Giuntina, 2007<\/li>\n<li><em>Gli Ebrei nella Storia e nella societ\u00e0 contemporanea<\/em>, di Franca Tagliacozzo e Bice Migliau, Odoya, 2020<\/li>\n<\/ul>\n<p><a href=\"https:\/\/libriamoci.cepell.it\/II\/wp-content\/uploads\/2019\/02\/levi9.jpg\"><img decoding=\"async\" loading=\"lazy\" class=\"alignnone size-full wp-image-10973\" src=\"https:\/\/libriamoci.cepell.it\/II\/wp-content\/uploads\/2019\/02\/levi9.jpg\" alt=\"levi9\" width=\"761\" height=\"300\" \/><\/a><a href=\"https:\/\/libriamoci.cepell.it\/II\/wp-content\/uploads\/2019\/02\/levi10.jpg\"><img decoding=\"async\" loading=\"lazy\" class=\"alignnone size-full wp-image-10974\" src=\"https:\/\/libriamoci.cepell.it\/II\/wp-content\/uploads\/2019\/02\/levi10.jpg\" alt=\"levi10\" width=\"794\" height=\"300\" \/><\/a><a href=\"https:\/\/libriamoci.cepell.it\/II\/wp-content\/uploads\/2019\/02\/shoah.jpg\"><img decoding=\"async\" loading=\"lazy\" class=\"alignnone size-full wp-image-15653\" src=\"https:\/\/libriamoci.cepell.it\/II\/wp-content\/uploads\/2019\/02\/shoah.jpg\" alt=\"shoah\" width=\"976\" height=\"300\" \/><\/a><\/p>\n<p>Potete aderire con iniziative che si svolgano <b>tra il 23 aprile e il 31 maggio<\/b> e, come di consueto, vi chiediamo di segnalarcele inserendole \u2013 con <b>descrizioni sintetiche <\/b>\u2013 nella piattaforma che raccoglie tutte le iniziative legate al <b><i>Maggio dei Libri <\/i><\/b>2019<i>. <\/i>La <b>banca dati<\/b> sar\u00e0 aperta e pronta ad accogliere i vostri eventi a partire dal <b>18 marzo<\/b>, all\u2019indirizzo <a href=\"http:\/\/www.ilmaggiodeilibri.it\/registrazione\" target=\"_blank\"><b>www.ilmaggiodeilibri.it\/registrazione<\/b><\/a><b> <\/b>e tutti gli organizzatori dovranno <b>richiedere le credenziali<\/b> prima di poter inserire le proprie iniziative.<\/p>\n<p>Come l\u2019anno scorso, sar\u00e0 possibile arricchire la scheda dell\u2019evento in banca dati inserendo un\u2019<b>immagine <\/b>o una <b>locandina <\/b>(in pdf, jpg o jpeg). Sul <b>sito<\/b> ufficiale <a href=\"http:\/\/www.ilmaggiodeilibri.it\" target=\"_blank\">www.ilmaggiodeilibri.it<\/a> saranno disponibili i <b>materiali grafici da scaricare e personalizzare<\/b> per promuovere il proprio programma di eventi: vi invitiamo come di consueto ad adottare l\u2019identit\u00e0 visiva della campagna. Inoltre, dopo che la vostra iniziativa sar\u00e0 stata convalidata, <b>potrete condividerla sui vostri social network, blog e siti<\/b> grazie a un link diretto, uno strumento in pi\u00f9 per diffonderla, migliorarne la riuscita e farcela conoscere (inserendo su Facebook e Twitter il tag <b>#MaggiodeiLibri<\/b> o la menzione <b>@ilmaggiodeilibri<\/b> su Facebook e <b>@maggiodeilibri <\/b>su Twitter). E se amate le foto, non dimenticate il profilo <b>Instagram <\/b>della campagna (instagram.com\/ilmaggiodeilibri): taggate le foto dei vostri appuntamenti usando l\u2019hashtag <b>#MaggiodeiLibri <\/b>e la menzione<b> @ilmaggiodeilibri <\/b>e condividete istantaneamente i momenti pi\u00f9 belli! Un <b>Social Feed <\/b>sull\u2019homepage del sito ufficiale aggregher\u00e0 in tempo reale tutte le interazioni social, permettendovi di essere sempre connessi.<\/p>\n","protected":false},"excerpt":{"rendered":"<p>Il Centro per il Libro e la Lettura propone 4 filoni tematici ai quali ispirarsi per i contenuti delle proprie iniziative durante la campagna Il Maggio dei Libri 2019: &#8220;Se questo \u00e8 un uomo. A cento anni dalla nascita di Primo Levi&#8221; \u00e8 il terzo dei quattro.<\/p>\n","protected":false},"author":1,"featured_media":10870,"comment_status":"closed","ping_status":"closed","sticky":false,"template":"","format":"standard","meta":{"_links_to":"","_links_to_target":""},"categories":[2],"tags":[79,14,59,43,44],"acf":[],"_links":{"self":[{"href":"https:\/\/libriamoci.cepell.it\/II\/index.php?rest_route=\/wp\/v2\/posts\/10844"}],"collection":[{"href":"https:\/\/libriamoci.cepell.it\/II\/index.php?rest_route=\/wp\/v2\/posts"}],"about":[{"href":"https:\/\/libriamoci.cepell.it\/II\/index.php?rest_route=\/wp\/v2\/types\/post"}],"author":[{"embeddable":true,"href":"https:\/\/libriamoci.cepell.it\/II\/index.php?rest_route=\/wp\/v2\/users\/1"}],"replies":[{"embeddable":true,"href":"https:\/\/libriamoci.cepell.it\/II\/index.php?rest_route=%2Fwp%2Fv2%2Fcomments&post=10844"}],"version-history":[{"count":20,"href":"https:\/\/libriamoci.cepell.it\/II\/index.php?rest_route=\/wp\/v2\/posts\/10844\/revisions"}],"predecessor-version":[{"id":15654,"href":"https:\/\/libriamoci.cepell.it\/II\/index.php?rest_route=\/wp\/v2\/posts\/10844\/revisions\/15654"}],"wp:featuredmedia":[{"embeddable":true,"href":"https:\/\/libriamoci.cepell.it\/II\/index.php?rest_route=\/wp\/v2\/media\/10870"}],"wp:attachment":[{"href":"https:\/\/libriamoci.cepell.it\/II\/index.php?rest_route=%2Fwp%2Fv2%2Fmedia&parent=10844"}],"wp:term":[{"taxonomy":"category","embeddable":true,"href":"https:\/\/libriamoci.cepell.it\/II\/index.php?rest_route=%2Fwp%2Fv2%2Fcategories&post=10844"},{"taxonomy":"post_tag","embeddable":true,"href":"https:\/\/libriamoci.cepell.it\/II\/index.php?rest_route=%2Fwp%2Fv2%2Ftags&post=10844"}],"curies":[{"name":"wp","href":"https:\/\/api.w.org\/{rel}","templated":true}]}}