{"id":10835,"date":"2019-02-28T09:09:59","date_gmt":"2019-02-28T09:09:59","guid":{"rendered":"https:\/\/libriamoci.cepell.it\/II\/?p=10835"},"modified":"2019-03-07T12:48:11","modified_gmt":"2019-03-07T12:48:11","slug":"desiderio-e-genio-a-cinquecento-anni-dalla-morte-di-leonardo-da-vinci-le-bibliografie-de-il-maggio-dei-libri-2019","status":"publish","type":"post","link":"https:\/\/libriamoci.cepell.it\/II\/?p=10835","title":{"rendered":"&#8220;Desiderio e genio. A cinquecento anni dalla morte di Leonardo Da Vinci&#8221; &#8211; Le bibliografie de Il Maggio dei Libri 2019"},"content":{"rendered":"<p><span style=\"text-decoration: underline;\">della redazione<\/span><\/p>\n<p>Ci sono appuntamenti che, anno dopo anno, diventano sempre pi\u00f9 familiari, ai quali pensiamo con naturalezza come ad amici che sappiamo esserci sempre vicini. \u00c8 cos\u00ec anche per <b><i>Il<\/i><\/b> <b><i>Maggio dei Libri<\/i><\/b>, la campagna nazionale di promozione della lettura che vi aspetta per la nona edizione e punta a coinvolgervi nella stessa missione di sempre: ricordare o far scoprire a tutti la bellezza e i superpoteri della lettura! A cominciare da quello del \u201cteletrasporto\u201d: leggere \u00e8 la chiave per evadere da qualsiasi luogo, dalla quotidianit\u00e0, dalla noia o da contesti nei quali non ci si riconosce, e pu\u00f2 condurre ovunque si desideri. Il viaggio, come sapete, inizia <b>il 23 aprile<\/b>, Giornata mondiale UNESCO del libro e del diritto d\u2019autore, e si conclude il<b> 31 maggio<\/b>.<\/p>\n<p>Anche quest\u2019anno il <strong>Centro per il Libro e la Lettura<\/strong> propone <strong>4\u00a0filoni tematici<\/strong> ai quali ispirarsi per i contenuti delle proprie iniziative durante la campagna Il Maggio dei Libri 2019:<\/p>\n<ul>\n<li><a href=\"https:\/\/libriamoci.cepell.it\/II\/?p=10835\" target=\"_blank\">&#8220;Desiderio e genio. A cinquecento anni dalla morte di Leonardo Da Vinci&#8221;<\/a>;<\/li>\n<li><a href=\"https:\/\/libriamoci.cepell.it\/II\/?p=10839\" target=\"_blank\">&#8220;Dove sei giovane Holden?\u00a0A cento anni dalla nascita di J.D. Salinger&#8221;<\/a>;<\/li>\n<li><a href=\"https:\/\/libriamoci.cepell.it\/II\/?p=10844\" target=\"_blank\">&#8220;Se questo \u00e8 un uomo. A cento anni dalla nascita di Primo Levi&#8221;<\/a>;<\/li>\n<li><a href=\"https:\/\/libriamoci.cepell.it\/II\/?p=10846\" target=\"_blank\">&#8220;Guarda che luna! A cinquanta anni dall&#8217;allunaggio&#8221;<\/a>.<\/li>\n<\/ul>\n<p><strong>Desiderio e genio. A cinquecento anni dalla morte di Leonardo Da Vinci<\/strong><\/p>\n<p>Pittore, architetto, ingegnere ante litteram: la sua poliedricit\u00e0 non ha eguali e la sua insaziabile curiosit\u00e0, unita a una infinita immaginazione, lo ha reso unico. Osservazione, creativit\u00e0, fantasia, pragmatismo, metodo, logica: il genio di Leonardo ha rivoluzionato la sua epoca ma ha anche influenzato diversi ambiti del sapere umano per molte generazioni.<\/p>\n<p><strong>Per la scuola dell\u2019infanzia, primaria e secondaria di I grado<\/strong><\/p>\n<p><b>Su Leonardo Da Vinci<\/b><\/p>\n<ul>\n<li><em>Leonardo, che genio!,\u00a0<\/em>Elena Russo Arman, Mondadori, 2019<\/li>\n<li><em>Leonardo genio ribelle,\u00a0<\/em>Massimo Polidoro, Piemme, 2019<\/li>\n<li><em>Leonardo in festa,\u00a0<\/em>Pia Valentinis, Giancarlo Ascari, Franco Cosimo Panini, 2019<\/li>\n<li><em>Leonardo,\u00a0<\/em>Giulia Calandra Bonaura, Franco Cosimo Panini, 2019<\/li>\n<li><em>Leonardo da Vinci. Guarda che artista!,\u00a0<\/em>Patricia Geis, Franco Cosimo Panini, 2018\u00a0<\/li>\n<li><em>Le macchine di Leonardo da Vinci,\u00a0<\/em>IdeeAli , 2018\u00a0<\/li>\n<li><em>Pensa come Leonardo da Vinci,\u00a0<\/em>Carlo Carzan, Sonia Scalco, Ignazio Fulghesu, Editoriale Scienza, 2017\u00a0<\/li>\n<li><em>Leonardo da Vinci, genio senza tempo,\u00a0<\/em>Davide Morosinotto, EL 2015\u00a0<\/li>\n<li><em>Leonardo da Vinci. I disegni,\u00a0<\/em>Frank Z\u00f6llner, Johannes Nathan, Taschen, 2014\u00a0<\/li>\n<\/ul>\n<p><b><a href=\"https:\/\/libriamoci.cepell.it\/II\/wp-content\/uploads\/2019\/02\/leo1.jpg\"><img decoding=\"async\" loading=\"lazy\" class=\"alignnone size-full wp-image-10911\" src=\"https:\/\/libriamoci.cepell.it\/II\/wp-content\/uploads\/2019\/02\/leo1.jpg\" alt=\"leo1\" width=\"1344\" height=\"300\" \/><\/a>DENTRO E FUORI LE COSE: VIAGGI, SCOPERTE E INVENZIONI<\/b><\/p>\n<p><span style=\"text-decoration: underline;\"><b>Scuola dell\u2019infanzia<\/b><\/span><\/p>\n<ul>\n<li><em>Il pi\u00f9 folle e divertente libro illustrato del mondo di Otto,<\/em> Tom Schamp, Franco Cosimo Panini, 2018<\/li>\n<li><em>Il garage,\u00a0<\/em>Merlin, L&#8217;Ippocampo, 2017\u00a0<\/li>\n<li><em>Metropolis,\u00a0<\/em>Benoit Tardif, Edizioni Clichy, 2017\u00a0<\/li>\n<li><em>Il museo delle mie cose,\u00a0<\/em>Emma Lewis, Edizioni Clichy, 2017\u00a0<\/li>\n<li><em>Kubbe fa un museo,\u00a0<\/em>Johnsen Kanstad, Mondadori Electa, 2013\u00a0<\/li>\n<li><em>Chi vive qui,\u00a0<\/em>Nicola Davies, Marc Boutavant, Editoriale Scienza, 2013<\/li>\n<li><em>Chi \u00e8 come me?,\u00a0<\/em>Nicola Davies, Marc Boutavant, Editoriale Scienza, 2012<\/li>\n<li><em>Schizzo in citt\u00e0,\u00a0<\/em>Jean-Luc Fromental, Jo\u00eblle Jolivet, Il Castoro 2011\u00a0<\/li>\n<\/ul>\n<p><span style=\"text-decoration: underline;\"><b><a href=\"https:\/\/libriamoci.cepell.it\/II\/wp-content\/uploads\/2019\/02\/leo2.jpg\"><img decoding=\"async\" loading=\"lazy\" class=\"alignnone size-full wp-image-10912\" src=\"https:\/\/libriamoci.cepell.it\/II\/wp-content\/uploads\/2019\/02\/leo2.jpg\" alt=\"leo2\" width=\"988\" height=\"600\" \/><\/a>Scuola primaria<\/b><\/span><\/p>\n<ul>\n<li><em>Catalogo di oggetti introvabili,\u00a0<\/em>Jacques Carelman, V\u00e0nvere\u00a0Edizioni, 2019<\/li>\n<li><em>Per mare, per terra, per cielo. L&#8217;avvincente storia dei mezzi di trasporto,\u00a0<\/em>Tom Jackson, Chris Mould, Rizzoli, 2019<\/li>\n<li><em>Planetarium,\u00a0<\/em>Christopher Wormell, Raman Prinja, Rizzoli 2018\u00a0<\/li>\n<li><em>L&#8217;odissea nel corpo umano del professor Astro Gatto,\u00a0<\/em>Dominic Walliman, Ben Newman, Bao Publishing 2018\u00a0<\/li>\n<li><em>Come funzionano tutte le cose,\u00a0<\/em>David Macaulay, Gribaudo, 2018\u00a0<\/li>\n<li><em>Il libro delle grandi scoperte,\u00a0<\/em>James Brown, Richard Platt, Mondadori, 2018<\/li>\n<li><em>Atlante del cielo,\u00a0<\/em>Lara Albanese, Lucia Scuderi, Jaca Book, 2018<\/li>\n<li><em>Il libro delle terre immaginate,\u00a0<\/em>Guillaume Duprat, L&#8217;Ippocampo, 2018\u00a0<\/li>\n<li><em>Universi. Dai mondi greci ai multiversi,\u00a0<\/em>Guillaume Duprat, L&#8217;Ippocampo, 2018\u00a0<\/li>\n<li><em>Rosie Revere, l&#8217;ingegnera,\u00a0<\/em>Andrea Beaty, David Roberts, De Agostini, 2018<\/li>\n<li><em>Record, curiosit\u00e0 e imprese incredibili,\u00a0<\/em>Paul Beaup\u00e8re, Emme Edizioni, 2017\u00a0<\/li>\n<li><em>Il libro delle cose da grandi,\u00a0<\/em>James Brown, Richard Platt, Mondadori, 2017<\/li>\n<li><em>Che idea! Le invenzioni che hanno cambiato il mondo,\u00a0<\/em>Christian Hill, EL, 2017\u00a0<\/li>\n<li><em>Atlante dei luoghi immaginari,\u00a0<\/em>Pierdomenico Baccalario, Davide Cal\u00ec, Mondadori, 2017\u00a0<\/li>\n<li><em>Tu sei un genio della matematica,\u00a0<\/em>Harriet Russell, Corraini, 2017\u00a0<\/li>\n<li><em>Ada la scienziata,\u00a0<\/em>Andrea Beaty, David Roberts, De Agostini, 2017<\/li>\n<li><em>Per gioco. L&#8217;arte di divertirsi,\u00a0<\/em>Marta Sironi, Viola Niccolai, Monica Monachesi, Topipittori 2017\u00a0<\/li>\n<li><em>Mappe. Un atlante per viaggiare tra terra, mari e culture del mondo,\u00a0<\/em>Aleksandra Mizielinska, Daniel Mizielinski, Mondadori Electa, 2016<\/li>\n<li><em>Voi siete qui,\u00a0<\/em>Daniel Mizielinski, Aleksandra Mizielinska, Mondadori, 2016<\/li>\n<li><em>City atlas. Viaggio intorno al mondo in 30 citt\u00e0,\u00a0<\/em>Georgia Cherry, Martin Haake, Emme Edizioni, 2016<\/li>\n<li><em>Anatomia. Sezioni e animazioni per osservare il corpo da vicino,\u00a0<\/em>H\u00e9l\u00e8ne Druvert, Jean-Claude Druvert, L&#8217;Ippocampo, 2016\u00a0<\/li>\n<li><em>Professor Astro Gatto e le frontiere dello spazio,\u00a0<\/em>Dominic Walliman, Ben Newman, Bao Publishing 2014\u00a0<\/li>\n<li><em>Piccolo Frank architetto,\u00a0<\/em>Frank Viva, 24 Ore Cultura, 2014\u00a0<\/li>\n<li><em>Viva la natura morta!,\u00a0<\/em>Marta Sironi, Topipittori 2013\u00a0<\/li>\n<li><em>La meravigliosa macchina di Pietro Corvo,\u00a0<\/em>Guido Quarzo, Salani, 2013<\/li>\n<li><em>Lo strano animale del signor Racine,\u00a0<\/em>Tomi Ungerer, Nord-Sud, 2010\u00a0<\/li>\n<li><em>Il libro dei mestieri,\u00a0<\/em>Richard Scarry, Mondadori, 2007<\/li>\n<li><em>Il pericoloso libro delle cose da veri uomini,\u00a0<\/em>Conn Iggulden, Hal Iggulden, Mondadori, 2007<\/li>\n<li><em>Le macchine di Munari,\u00a0<\/em>Bruno Munari, Corraini, 2001<\/li>\n<li><em>Libro illeggibile,\u00a0<\/em>Bruno Munari, Corraini, 2000<\/li>\n<\/ul>\n<p><span style=\"text-decoration: underline;\"><b><a href=\"https:\/\/libriamoci.cepell.it\/II\/wp-content\/uploads\/2019\/02\/leo3.jpg\"><img decoding=\"async\" loading=\"lazy\" class=\"alignnone size-full wp-image-10915\" src=\"https:\/\/libriamoci.cepell.it\/II\/wp-content\/uploads\/2019\/02\/leo3.jpg\" alt=\"Cop Come Funzionano Tutte le Cose ITA CC2018.indd\" width=\"1192\" height=\"300\" \/><\/a><a href=\"https:\/\/libriamoci.cepell.it\/II\/wp-content\/uploads\/2019\/02\/leo4.jpg\"><img decoding=\"async\" loading=\"lazy\" class=\"alignnone size-full wp-image-10916\" src=\"https:\/\/libriamoci.cepell.it\/II\/wp-content\/uploads\/2019\/02\/leo4.jpg\" alt=\"leo4\" width=\"1282\" height=\"300\" \/><\/a><a href=\"https:\/\/libriamoci.cepell.it\/II\/wp-content\/uploads\/2019\/02\/leo5.jpg\"><img decoding=\"async\" loading=\"lazy\" class=\"alignnone size-full wp-image-10917\" src=\"https:\/\/libriamoci.cepell.it\/II\/wp-content\/uploads\/2019\/02\/leo5.jpg\" alt=\"Copertina Record.indd\" width=\"1132\" height=\"300\" \/><\/a><a href=\"https:\/\/libriamoci.cepell.it\/II\/wp-content\/uploads\/2019\/02\/leo6.jpg\"><img decoding=\"async\" loading=\"lazy\" class=\"alignnone size-full wp-image-10918\" src=\"https:\/\/libriamoci.cepell.it\/II\/wp-content\/uploads\/2019\/02\/leo6.jpg\" alt=\"leo6\" width=\"1166\" height=\"300\" \/><\/a><a href=\"https:\/\/libriamoci.cepell.it\/II\/wp-content\/uploads\/2019\/02\/leo7.jpg\"><img decoding=\"async\" loading=\"lazy\" class=\"alignnone size-full wp-image-10919\" src=\"https:\/\/libriamoci.cepell.it\/II\/wp-content\/uploads\/2019\/02\/leo7.jpg\" alt=\"leo7\" width=\"1129\" height=\"300\" \/><\/a><a href=\"https:\/\/libriamoci.cepell.it\/II\/wp-content\/uploads\/2019\/02\/leo8.jpg\"><img decoding=\"async\" loading=\"lazy\" class=\"alignnone size-full wp-image-10920\" src=\"https:\/\/libriamoci.cepell.it\/II\/wp-content\/uploads\/2019\/02\/leo8.jpg\" alt=\"leo8\" width=\"1311\" height=\"300\" \/><\/a>Di seguito segnaliamo alcune importanti collane:<\/b><\/span><\/p>\n<ul>\n<li><em>Teste toste, <\/em>Editoriale Scienza<\/li>\n<li><em>Piccole scoperte, <\/em>Editoriale Scienza<\/li>\n<li><em>A tutta scienza,<\/em> Editoriale Scienza<\/li>\n<li><em>Donne nella scienza,<\/em> Editoriale Scienza<\/li>\n<li><em>Pino<\/em> e <em>Pippo,<\/em> Topipittori<\/li>\n<li><em>Feltrinelli kids Saggistica Narrata,<\/em> Feltrinelli<\/li>\n<li><em>Supereroi della scienza,<\/em> edizioni EL<\/li>\n<li><em>Perch\u00e9? Perch\u00e9\u2026, <\/em>edizioni EL<\/li>\n<li><em>Divulgazione,<\/em> Mondadori<\/li>\n<li><em>Ma chi era questo\u2026?,<\/em> Franco Cosimo Panini<\/li>\n<\/ul>\n<p><b>ANDARE LONTANO: LE PASSIONI CHE TI CAMBIANO LA VITA<\/b><\/p>\n<p><span style=\"text-decoration: underline;\"><b>Scuola secondaria di I grado<\/b><\/span><\/p>\n<ul>\n<li><em>Siamo tutti inventori,\u00a0<\/em>Temple Grandin, Rizzoli, 2019<\/li>\n<li><em>La macchina del tempo,\u00a0<\/em>Herbert G.Wells, Einaudi, 2019<\/li>\n<li><em>Ragazze con i numeri. Storie, passioni e sogni di 15 scienziate,\u00a0<\/em>Vichi De Marchi, Roberta Fulci, Editoriale Scienza 2018\u00a0<\/li>\n<li><em>Il cielo stellato di Vincent,\u00a0<\/em>Michael Bird, Kate Evans, Donzelli, 2018<\/li>\n<li><em>La signora degli abissi. Sylvia Earle si racconta,\u00a0<\/em>Chiara Carminati, Editoriale Scienza, 2017<\/li>\n<li><em>L&#8217;albero delle bugie,\u00a0<\/em>Frances Hardinge, Mondadori, 2017\u00a0<\/li>\n<li><em>Einstein l&#8217;aveva capito. La scoperta delle onde gravitazionali\u00a0,\u00a0<\/em>Sergio Rossi, Feltrinelli, 2017<\/li>\n<li><em>Miss Charity,\u00a0<\/em>Marie-Aude Murail, Giunti, 2017<\/li>\n<li><em>L\u00e0 fuori. Guida alla scoperta della natura,\u00a0<\/em>Maria Ana Peixe Dias, Ines Teixeira Do Rosario, Mondadori, 2016<\/li>\n<li><em>Voglio fare lo scienziato,\u00a0<\/em>Elena Gatti, Mondadori, 2015<\/li>\n<li><em>L&#8217;evoluzione di Calpurnia,\u00a0<\/em>Jacqueline Kelly, Salani, 2014\u00a0<\/li>\n<li><em>Matemago,\u00a0<\/em>Anna Cerasoli, Feltrinelli, 2014\u00a0<\/li>\n<li><em>La grande avventura dell\u2019universo,\u00a0<\/em>Stephen e Lucy Hawking, Mondadori, 2012<\/li>\n<li><em>Il giro del mondo in 80\u00b0 giorni,\u00a0<\/em>Jules Verne, BUR, 2010<\/li>\n<li><em>Le origini dell\u2019uomo,\u00a0<\/em>Coppens\u00a0Yves, Sacha G\u00e9pner, Jaca Book, 2008<\/li>\n<li><em>Viaggio al centro della terra,\u00a0<\/em>Jules Verne, BUR, 2000<\/li>\n<\/ul>\n<p><a href=\"https:\/\/libriamoci.cepell.it\/II\/wp-content\/uploads\/2019\/02\/leo9.jpg\"><img decoding=\"async\" loading=\"lazy\" class=\"alignnone size-full wp-image-10923\" src=\"https:\/\/libriamoci.cepell.it\/II\/wp-content\/uploads\/2019\/02\/leo9.jpg\" alt=\"leo9\" width=\"1044\" height=\"300\" \/><\/a><a href=\"https:\/\/libriamoci.cepell.it\/II\/wp-content\/uploads\/2019\/02\/leo10.jpg\"><img decoding=\"async\" loading=\"lazy\" class=\"alignnone size-full wp-image-10924\" src=\"https:\/\/libriamoci.cepell.it\/II\/wp-content\/uploads\/2019\/02\/leo10.jpg\" alt=\"leo10\" width=\"1037\" height=\"300\" \/><\/a><a href=\"https:\/\/libriamoci.cepell.it\/II\/wp-content\/uploads\/2019\/02\/leo11.jpg\"><img decoding=\"async\" loading=\"lazy\" class=\"alignnone size-full wp-image-10925\" src=\"https:\/\/libriamoci.cepell.it\/II\/wp-content\/uploads\/2019\/02\/leo11.jpg\" alt=\"leo11\" width=\"1212\" height=\"300\" \/><\/a>Potete aderire con iniziative che si svolgano <b>tra il 23 aprile e il 31 maggio<\/b> e, come di consueto, vi chiediamo di segnalarcele inserendole \u2013 con <b>descrizioni sintetiche <\/b>\u2013 nella piattaforma che raccoglie tutte le iniziative legate al <b><i>Maggio dei Libri <\/i><\/b>2019<i>. <\/i>La <b>banca dati<\/b> sar\u00e0 aperta e pronta ad accogliere i vostri eventi a partire dal <b>18 marzo<\/b>, all\u2019indirizzo <a href=\"http:\/\/www.ilmaggiodeilibri.it\/registrazione\" target=\"_blank\"><b>www.ilmaggiodeilibri.it\/registrazione<\/b><\/a><b> <\/b>e tutti gli organizzatori dovranno <b>richiedere le credenziali<\/b> prima di poter inserire le proprie iniziative.<\/p>\n<p>Come l\u2019anno scorso, sar\u00e0 possibile arricchire la scheda dell\u2019evento in banca dati inserendo un\u2019<b>immagine <\/b>o una <b>locandina <\/b>(in pdf, jpg o jpeg). Sul <b>sito<\/b> ufficiale <a href=\"http:\/\/www.ilmaggiodeilibri.it\" target=\"_blank\">www.ilmaggiodeilibri.it<\/a> saranno disponibili i <b>materiali grafici da scaricare e personalizzare<\/b> per promuovere il proprio programma di eventi: vi invitiamo come di consueto ad adottare l\u2019identit\u00e0 visiva della campagna. Inoltre, dopo che la vostra iniziativa sar\u00e0 stata convalidata, <b>potrete condividerla sui vostri social network, blog e siti<\/b> grazie a un link diretto, uno strumento in pi\u00f9 per diffonderla, migliorarne la riuscita e farcela conoscere (inserendo su Facebook e Twitter il tag <b>#MaggiodeiLibri<\/b> o la menzione <b>@ilmaggiodeilibri<\/b> su Facebook e <b>@maggiodeilibri <\/b>su Twitter). E se amate le foto, non dimenticate il profilo <b>Instagram <\/b>della campagna (instagram.com\/ilmaggiodeilibri): taggate le foto dei vostri appuntamenti usando l\u2019hashtag <b>#MaggiodeiLibri <\/b>e la menzione<b> @ilmaggiodeilibri <\/b>e condividete istantaneamente i momenti pi\u00f9 belli! Un <b>Social Feed <\/b>sull\u2019homepage del sito ufficiale aggregher\u00e0 in tempo reale tutte le interazioni social, permettendovi di essere sempre connessi.<\/p>\n","protected":false},"excerpt":{"rendered":"<p>Il Centro per il Libro e la Lettura propone 4 filoni tematici ai quali ispirarsi per i contenuti delle proprie iniziative durante la campagna Il Maggio dei Libri 2019: &#8220;Desiderio e genio. A cinquecento anni dalla morte di Leonardo Da Vinci&#8221; \u00e8 il primo dei quattro.<\/p>\n","protected":false},"author":1,"featured_media":10867,"comment_status":"closed","ping_status":"closed","sticky":false,"template":"","format":"standard","meta":{"_links_to":"","_links_to_target":""},"categories":[2],"tags":[79,14,8,59,57,43],"acf":[],"_links":{"self":[{"href":"https:\/\/libriamoci.cepell.it\/II\/index.php?rest_route=\/wp\/v2\/posts\/10835"}],"collection":[{"href":"https:\/\/libriamoci.cepell.it\/II\/index.php?rest_route=\/wp\/v2\/posts"}],"about":[{"href":"https:\/\/libriamoci.cepell.it\/II\/index.php?rest_route=\/wp\/v2\/types\/post"}],"author":[{"embeddable":true,"href":"https:\/\/libriamoci.cepell.it\/II\/index.php?rest_route=\/wp\/v2\/users\/1"}],"replies":[{"embeddable":true,"href":"https:\/\/libriamoci.cepell.it\/II\/index.php?rest_route=%2Fwp%2Fv2%2Fcomments&post=10835"}],"version-history":[{"count":16,"href":"https:\/\/libriamoci.cepell.it\/II\/index.php?rest_route=\/wp\/v2\/posts\/10835\/revisions"}],"predecessor-version":[{"id":10926,"href":"https:\/\/libriamoci.cepell.it\/II\/index.php?rest_route=\/wp\/v2\/posts\/10835\/revisions\/10926"}],"wp:featuredmedia":[{"embeddable":true,"href":"https:\/\/libriamoci.cepell.it\/II\/index.php?rest_route=\/wp\/v2\/media\/10867"}],"wp:attachment":[{"href":"https:\/\/libriamoci.cepell.it\/II\/index.php?rest_route=%2Fwp%2Fv2%2Fmedia&parent=10835"}],"wp:term":[{"taxonomy":"category","embeddable":true,"href":"https:\/\/libriamoci.cepell.it\/II\/index.php?rest_route=%2Fwp%2Fv2%2Fcategories&post=10835"},{"taxonomy":"post_tag","embeddable":true,"href":"https:\/\/libriamoci.cepell.it\/II\/index.php?rest_route=%2Fwp%2Fv2%2Ftags&post=10835"}],"curies":[{"name":"wp","href":"https:\/\/api.w.org\/{rel}","templated":true}]}}